{"id":527,"date":"2023-10-31T20:20:09","date_gmt":"2023-10-31T23:20:09","guid":{"rendered":"https:\/\/aftadvocacia.adv.br\/wordpressfoto\/?p=527"},"modified":"2024-02-14T11:39:45","modified_gmt":"2024-02-14T14:39:45","slug":"direito-do-consumidor-lei-8078-protecao","status":"publish","type":"post","link":"https:\/\/aftadvocacia.adv.br\/wordpressfoto\/direito-do-consumidor-lei-8078-protecao\/","title":{"rendered":"Direito do Consumidor: Como a Lei 8.078 te Protege"},"content":{"rendered":"\t\t<div data-elementor-type=\"wp-post\" data-elementor-id=\"527\" class=\"elementor elementor-527\" data-elementor-post-type=\"post\">\n\t\t\t\t\t\t<section class=\"elementor-section elementor-top-section elementor-element elementor-element-1d772506 elementor-section-boxed elementor-section-height-default elementor-section-height-default\" data-id=\"1d772506\" data-element_type=\"section\">\n\t\t\t\t\t\t<div class=\"elementor-container elementor-column-gap-no\">\n\t\t\t\t\t<div class=\"elementor-column elementor-col-100 elementor-top-column elementor-element elementor-element-7ef48da1\" data-id=\"7ef48da1\" data-element_type=\"column\">\n\t\t\t<div class=\"elementor-widget-wrap elementor-element-populated\">\n\t\t\t\t\t\t<div class=\"elementor-element elementor-element-1589a37e elementor-widget-tablet__width-initial elementor-widget elementor-widget-html\" data-id=\"1589a37e\" data-element_type=\"widget\" data-widget_type=\"html.default\">\n\t\t\t\t<div class=\"elementor-widget-container\">\n\t\t\t\t\t<p>Em um mundo cada vez mais globalizado e digital, as rela\u00e7\u00f5es de consumo tornaram-se uma parte intr\u00ednseca de nossas vidas. Seja ao adquirir um novo produto tecnol\u00f3gico, contratar um servi\u00e7o ou mesmo ao fazer compras rotineiras, estamos constantemente interagindo com fornecedores e empresas. No entanto, nem sempre essas intera\u00e7\u00f5es ocorrem de maneira justa e transparente. \u00c9 nesse contexto que a <a href=\"http:\/\/www.planalto.gov.br\/ccivil_03\/leis\/l8078.htm\" target=\"_blank\" style=\"color: blue;\">Lei 8.078<\/a>, promulgada em 11 de setembro de 1990, surge como um baluarte na defesa dos direitos do consumidor brasileiro. Neste artigo, mergulharemos profundamente nos preceitos dessa legisla\u00e7\u00e3o, explorando seus principais pontos e como ela atua na prote\u00e7\u00e3o dos consumidores. Al\u00e9m disso, abordaremos a relev\u00e2ncia dessa lei, especialmente em per\u00edodos de alta demanda comercial, como o final do ano. Prepare-se para uma jornada informativa e esclarecedora sobre um dos pilares do Direito do Consumidor no Brasil.<\/p>\n\t\t\t\t<\/div>\n\t\t\t\t<\/div>\n\t\t\t\t\t<\/div>\n\t\t<\/div>\n\t\t\t\t\t<\/div>\n\t\t<\/section>\n\t\t\t\t<section class=\"elementor-section elementor-top-section elementor-element elementor-element-5d50701d elementor-section-boxed elementor-section-height-default elementor-section-height-default\" data-id=\"5d50701d\" data-element_type=\"section\">\n\t\t\t\t\t\t<div class=\"elementor-container elementor-column-gap-no\">\n\t\t\t\t\t<div class=\"elementor-column elementor-col-100 elementor-top-column elementor-element elementor-element-7f67ee4e\" data-id=\"7f67ee4e\" data-element_type=\"column\">\n\t\t\t<div class=\"elementor-widget-wrap elementor-element-populated\">\n\t\t\t\t\t\t<div class=\"elementor-element elementor-element-6a2232a elementor-widget-tablet__width-initial elementor-widget elementor-widget-image\" data-id=\"6a2232a\" data-element_type=\"widget\" data-widget_type=\"image.default\">\n\t\t\t\t<div class=\"elementor-widget-container\">\n\t\t\t\t\t\t\t\t\t\t\t\t\t\t\t<img fetchpriority=\"high\" decoding=\"async\" width=\"800\" height=\"457\" src=\"https:\/\/aftadvocacia.adv.br\/wordpressfoto\/wp-content\/uploads\/2023\/10\/direito-consumidor-justic\u0327a-advogado-juridico-2-1024x585.webp\" class=\"attachment-large size-large wp-image-582\" alt=\"\" srcset=\"https:\/\/aftadvocacia.adv.br\/wordpressfoto\/wp-content\/uploads\/2023\/10\/direito-consumidor-justic\u0327a-advogado-juridico-2-1024x585.webp 1024w, https:\/\/aftadvocacia.adv.br\/wordpressfoto\/wp-content\/uploads\/2023\/10\/direito-consumidor-justic\u0327a-advogado-juridico-2-300x171.webp 300w, https:\/\/aftadvocacia.adv.br\/wordpressfoto\/wp-content\/uploads\/2023\/10\/direito-consumidor-justic\u0327a-advogado-juridico-2-768x439.webp 768w, https:\/\/aftadvocacia.adv.br\/wordpressfoto\/wp-content\/uploads\/2023\/10\/direito-consumidor-justic\u0327a-advogado-juridico-2-1536x878.webp 1536w, https:\/\/aftadvocacia.adv.br\/wordpressfoto\/wp-content\/uploads\/2023\/10\/direito-consumidor-justic\u0327a-advogado-juridico-2.webp 1792w\" sizes=\"(max-width: 800px) 100vw, 800px\" \/>\t\t\t\t\t\t\t\t\t\t\t\t\t\t\t<\/div>\n\t\t\t\t<\/div>\n\t\t\t\t<div class=\"elementor-element elementor-element-5caf27b0 elementor-widget elementor-widget-html\" data-id=\"5caf27b0\" data-element_type=\"widget\" data-widget_type=\"html.default\">\n\t\t\t\t<div class=\"elementor-widget-container\">\n\t\t\t\t\t<div style=\"font-size: 1.1em; border: 1px solid; text-align: center; margin: 10px 0; padding: 10px; font-style: italic;\">\n<p>\"Em um mundo cada vez mais globalizado e digital, as rela\u00e7\u00f5es de consumo tornaram-se uma parte intr\u00ednseca de nossas vidas.\"<\/p>\n<\/div>\t\t\t\t<\/div>\n\t\t\t\t<\/div>\n\t\t\t\t\t<\/div>\n\t\t<\/div>\n\t\t\t\t\t<\/div>\n\t\t<\/section>\n\t\t\t\t<section class=\"elementor-section elementor-top-section elementor-element elementor-element-5d7b30ed elementor-section-boxed elementor-section-height-default elementor-section-height-default\" data-id=\"5d7b30ed\" data-element_type=\"section\">\n\t\t\t\t\t\t<div class=\"elementor-container elementor-column-gap-no\">\n\t\t\t\t\t<div class=\"elementor-column elementor-col-100 elementor-top-column elementor-element elementor-element-606e74fd\" data-id=\"606e74fd\" data-element_type=\"column\">\n\t\t\t<div class=\"elementor-widget-wrap elementor-element-populated\">\n\t\t\t\t\t\t<div class=\"elementor-element elementor-element-1b63c480 elementor-widget-tablet__width-initial elementor-widget elementor-widget-html\" data-id=\"1b63c480\" data-element_type=\"widget\" data-widget_type=\"html.default\">\n\t\t\t\t<div class=\"elementor-widget-container\">\n\t\t\t\t\t<p>Quando falamos em prote\u00e7\u00e3o ao consumidor, \u00e9 imposs\u00edvel n\u00e3o mencionar a Lei 8.078, promulgada em 11 de setembro de 1990. Esta legisla\u00e7\u00e3o surgiu como um marco na defesa dos direitos daqueles que adquirem bens e servi\u00e7os no Brasil. Mas, por que essa lei \u00e9 t\u00e3o importante? Ela foi criada em resposta aos preceitos estabelecidos pela Carta Magna de 1988, que reconheceu a necessidade de proteger o consumidor nas rela\u00e7\u00f5es econ\u00f4micas. Como advogado e especialista na \u00e1rea, vejo diariamente o impacto positivo que essa legisla\u00e7\u00e3o trouxe para as rela\u00e7\u00f5es de consumo em nosso pa\u00eds.<\/p>\n\n<h3>A Abrang\u00eancia da Lei 8.078<\/h3>\n<p>A Lei 8.078 \u00e9 ampla e abrangente, protegendo n\u00e3o apenas quem adquire um bem material, mas tamb\u00e9m quem contrata um servi\u00e7o. Seja voc\u00ea algu\u00e9m que comprou um produto em uma loja ou contratou um servi\u00e7o de reforma para sua casa, esta lei est\u00e1 aqui para garantir seus direitos. Em um pa\u00eds com uma economia t\u00e3o diversificada e em constante crescimento como o Brasil, \u00e9 essencial que haja regras claras que norteiem as rela\u00e7\u00f5es econ\u00f4micas e garantam um equil\u00edbrio entre consumidores e fornecedores.<\/p>\n\n<h3>Prazos para Reclama\u00e7\u00f5es<\/h3>\n<p>Um dos pontos mais relevantes da Lei 8.078 \u00e9 a defini\u00e7\u00e3o de prazos para reclama\u00e7\u00f5es. Imagine adquirir um produto e, ao chegar em casa, perceber um defeito. A sensa\u00e7\u00e3o de frustra\u00e7\u00e3o \u00e9 imensa, n\u00e3o \u00e9 mesmo? Mas, gra\u00e7as \u00e0 Lei do Consumidor, voc\u00ea tem direitos claros nessa situa\u00e7\u00e3o. Se o defeito for de f\u00e1cil constata\u00e7\u00e3o, como um aparelho eletr\u00f4nico que n\u00e3o liga, voc\u00ea tem at\u00e9 30 dias para reclamar. E se voc\u00ea contratou um servi\u00e7o, como o conserto de um refrigerador, e o problema n\u00e3o foi solucionado? A empresa respons\u00e1vel tem o dever de corrigir o defeito ou devolver o valor pago.<\/p>\n\n<h3>Bens Dur\u00e1veis e Seus Prazos<\/h3>\n<p>Agora, quando falamos de bens dur\u00e1veis, a situa\u00e7\u00e3o muda um pouco. Estes s\u00e3o produtos ou servi\u00e7os que t\u00eam uma vida \u00fatil mais longa, como um liquidificador ou a pintura de uma casa. Nestes casos, o prazo para reclama\u00e7\u00e3o \u00e9 de 90 dias. Isso significa que, se voc\u00ea comprou um eletrodom\u00e9stico e ele apresentou um problema ap\u00f3s dois meses, ainda est\u00e1 dentro do seu direito de buscar uma solu\u00e7\u00e3o junto ao fornecedor. \u00c9 fundamental estar ciente desses prazos, pois eles s\u00e3o a garantia de que seus direitos ser\u00e3o respeitados.<\/p>\n\n<h3>A Import\u00e2ncia da Conscientiza\u00e7\u00e3o do Consumidor<\/h3>\n<p>Com a chegada do final do ano e, em especial, das festas natalinas, as transa\u00e7\u00f5es comerciais aumentam significativamente. \u00c9 o momento em que muitos aproveitam para comprar presentes e renovar itens de casa. Por isso, \u00e9 crucial estar bem informado sobre seus direitos. A conscientiza\u00e7\u00e3o \u00e9 a melhor ferramenta que o consumidor possui. Saber que a lei est\u00e1 ao seu lado e que voc\u00ea pode contar com ela para garantir que suas compras sejam seguras e satisfat\u00f3rias \u00e9 empoderador. E, como advogado, refor\u00e7o sempre a import\u00e2ncia de estar informado e buscar seus direitos sempre que necess\u00e1rio.<\/p>\n\t\t\t\t<\/div>\n\t\t\t\t<\/div>\n\t\t\t\t\t<\/div>\n\t\t<\/div>\n\t\t\t\t\t<\/div>\n\t\t<\/section>\n\t\t\t\t<section class=\"elementor-section elementor-top-section elementor-element elementor-element-43e90c8c elementor-section-boxed elementor-section-height-default elementor-section-height-default\" data-id=\"43e90c8c\" data-element_type=\"section\">\n\t\t\t\t\t\t<div class=\"elementor-container elementor-column-gap-no\">\n\t\t\t\t\t<div class=\"elementor-column elementor-col-100 elementor-top-column elementor-element elementor-element-23cd188e\" data-id=\"23cd188e\" data-element_type=\"column\">\n\t\t\t<div class=\"elementor-widget-wrap elementor-element-populated\">\n\t\t\t\t\t\t<div class=\"elementor-element elementor-element-710c02f6 elementor-widget-tablet__width-initial elementor-widget elementor-widget-image\" data-id=\"710c02f6\" data-element_type=\"widget\" data-widget_type=\"image.default\">\n\t\t\t\t<div class=\"elementor-widget-container\">\n\t\t\t\t\t\t\t\t\t\t\t\t\t\t\t<img decoding=\"async\" width=\"800\" height=\"457\" src=\"https:\/\/aftadvocacia.adv.br\/wordpressfoto\/wp-content\/uploads\/2023\/10\/direito-consumidor-justic\u0327a-advogado-juridico-3-1024x585.webp\" class=\"attachment-large size-large wp-image-583\" alt=\"\" srcset=\"https:\/\/aftadvocacia.adv.br\/wordpressfoto\/wp-content\/uploads\/2023\/10\/direito-consumidor-justic\u0327a-advogado-juridico-3-1024x585.webp 1024w, https:\/\/aftadvocacia.adv.br\/wordpressfoto\/wp-content\/uploads\/2023\/10\/direito-consumidor-justic\u0327a-advogado-juridico-3-300x171.webp 300w, https:\/\/aftadvocacia.adv.br\/wordpressfoto\/wp-content\/uploads\/2023\/10\/direito-consumidor-justic\u0327a-advogado-juridico-3-768x439.webp 768w, https:\/\/aftadvocacia.adv.br\/wordpressfoto\/wp-content\/uploads\/2023\/10\/direito-consumidor-justic\u0327a-advogado-juridico-3-1536x878.webp 1536w, https:\/\/aftadvocacia.adv.br\/wordpressfoto\/wp-content\/uploads\/2023\/10\/direito-consumidor-justic\u0327a-advogado-juridico-3.webp 1792w\" sizes=\"(max-width: 800px) 100vw, 800px\" \/>\t\t\t\t\t\t\t\t\t\t\t\t\t\t\t<\/div>\n\t\t\t\t<\/div>\n\t\t\t\t<div class=\"elementor-element elementor-element-52603700 elementor-widget elementor-widget-html\" data-id=\"52603700\" data-element_type=\"widget\" data-widget_type=\"html.default\">\n\t\t\t\t<div class=\"elementor-widget-container\">\n\t\t\t\t\t<div style=\"font-size: 1.1em; border: 1px solid; text-align: center; margin: 10px 0; padding: 10px; font-style: italic;\">\n<p>\"A Lei 8.078\/1990 n\u00e3o apenas estabelece direitos, mas tamb\u00e9m responsabilidades, garantindo que as rela\u00e7\u00f5es de consumo ocorram de maneira justa e equilibrada.\"<\/p>\n<\/div>\t\t\t\t<\/div>\n\t\t\t\t<\/div>\n\t\t\t\t\t<\/div>\n\t\t<\/div>\n\t\t\t\t\t<\/div>\n\t\t<\/section>\n\t\t\t\t<section class=\"elementor-section elementor-top-section elementor-element elementor-element-1d88a070 elementor-section-boxed elementor-section-height-default elementor-section-height-default\" data-id=\"1d88a070\" data-element_type=\"section\">\n\t\t\t\t\t\t<div class=\"elementor-container elementor-column-gap-no\">\n\t\t\t\t\t<div class=\"elementor-column elementor-col-100 elementor-top-column elementor-element elementor-element-43c41929\" data-id=\"43c41929\" data-element_type=\"column\">\n\t\t\t<div class=\"elementor-widget-wrap elementor-element-populated\">\n\t\t\t\t\t\t<div class=\"elementor-element elementor-element-1a8d663b elementor-widget-tablet__width-initial elementor-widget elementor-widget-html\" data-id=\"1a8d663b\" data-element_type=\"widget\" data-widget_type=\"html.default\">\n\t\t\t\t<div class=\"elementor-widget-container\">\n\t\t\t\t\t<h2>An\u00e1lise complementar, com base na internet:<\/h2>\n\n<h3>A Import\u00e2ncia da Lei 8.078\/1990 na Prote\u00e7\u00e3o do Consumidor<\/h3>\n<p>A Lei 8.078, tamb\u00e9m conhecida como C\u00f3digo de Defesa do Consumidor (CDC), foi sancionada em 11 de setembro de 1990 e representa um marco na prote\u00e7\u00e3o dos direitos do consumidor no Brasil. Ela surgiu da necessidade de regular as rela\u00e7\u00f5es de consumo, garantindo que os consumidores fossem tratados de forma justa e equitativa. O CDC \u00e9 um instrumento poderoso que protege os consumidores contra pr\u00e1ticas desleais e abusivas por parte dos fornecedores.<\/p>\n<p><strong>Dica do Rodrigo:<\/strong> Sempre tenha em m\u00e3os o CDC. Ele \u00e9 o seu principal aliado na hora de reivindicar seus direitos como consumidor.<\/p>\n\n<h3>Prazos para Reclama\u00e7\u00f5es e Garantias<\/h3>\n<p>Conforme estabelecido na Lei 8.078\/1990, o consumidor tem prazos espec\u00edficos para reclamar de v\u00edcios ou defeitos em produtos e servi\u00e7os. Para produtos n\u00e3o dur\u00e1veis, o prazo \u00e9 de 30 dias, enquanto para produtos dur\u00e1veis, o prazo \u00e9 de 90 dias. Esses prazos come\u00e7am a contar a partir da entrega do produto ou da conclus\u00e3o do servi\u00e7o. \u00c9 essencial que o consumidor esteja ciente desses prazos para garantir seus direitos.<\/p>\n<p><strong>Dica do Rodrigo:<\/strong> Sempre guarde a nota fiscal ou o recibo de compra. Eles s\u00e3o a sua prova de aquisi\u00e7\u00e3o e ser\u00e3o necess\u00e1rios caso voc\u00ea precise fazer uma reclama\u00e7\u00e3o.<\/p>\n\n<h3>A Amplia\u00e7\u00e3o das Transa\u00e7\u00f5es no Final do Ano<\/h3>\n<p>O final do ano, especialmente o per\u00edodo natalino, \u00e9 marcado por um aumento significativo nas transa\u00e7\u00f5es comerciais. Compras de presentes, servi\u00e7os de festas e outros gastos sazonais tornam-se comuns. No entanto, \u00e9 nesse per\u00edodo que muitos consumidores enfrentam problemas com produtos defeituosos ou servi\u00e7os mal prestados. Portanto, \u00e9 crucial estar ciente dos seus direitos e saber como proceder em caso de problemas.<\/p>\n<p><strong>Dica do Rodrigo:<\/strong> Durante per\u00edodos de alta demanda, como o Natal, sempre verifique a reputa\u00e7\u00e3o do fornecedor ou da loja antes de fazer uma compra.<\/p>\n\n<h3>A Responsabilidade dos Fornecedores<\/h3>\n<p>O CDC \u00e9 claro ao estabelecer que os fornecedores s\u00e3o respons\u00e1veis por garantir que os produtos e servi\u00e7os oferecidos aos consumidores estejam em perfeitas condi\u00e7\u00f5es de uso. Se um produto apresentar defeito ou um servi\u00e7o n\u00e3o for prestado adequadamente, o fornecedor tem o dever de corrigir o problema, trocar o produto ou devolver o valor pago pelo consumidor.<\/p>\n<p><strong>Dica do Rodrigo:<\/strong> Em caso de problemas com um produto ou servi\u00e7o, procure resolver amigavelmente com o fornecedor. Se n\u00e3o houver acordo, n\u00e3o hesite em buscar seus direitos na Justi\u00e7a.<\/p>\n\n<p><a href=\"https:\/\/www.planalto.gov.br\/ccivil_03\/Leis\/L8078compilado.htm\" target=\"_blank\" style=\"color: blue;\">LEI N\u00ba 8.078, DE 11 DE SETEMBRO DE 1990<\/a> - Site Oficial do Planalto.<\/p>\n<p><a href=\"https:\/\/www2.camara.leg.br\/legin\/fed\/lei\/1990\/lei-8078-11-setembro-1990-365086-normaatualizada-pl.pdf\" target=\"_blank\" style=\"color: blue;\">LEI No 8.078, DE 11 DE SETEMBRO DE 1990<\/a> - Documento PDF da C\u00e2mara dos Deputados.<\/p>\n<p><a href=\"https:\/\/www.youtube.com\/watch?v=oBh09IhNtk0\" target=\"_blank\" style=\"color: blue;\">Lei no 8.078\/1990 (C\u00f3digo de Defesa do Consumidor)<\/a> - V\u00eddeo do canal Estrat\u00e9gia Carreira Jur\u00eddica.<\/p>\n\t\t\t\t<\/div>\n\t\t\t\t<\/div>\n\t\t\t\t\t<\/div>\n\t\t<\/div>\n\t\t\t\t\t<\/div>\n\t\t<\/section>\n\t\t\t\t<section class=\"elementor-section elementor-top-section elementor-element elementor-element-2e0bce23 elementor-section-boxed elementor-section-height-default elementor-section-height-default\" data-id=\"2e0bce23\" data-element_type=\"section\">\n\t\t\t\t\t\t<div class=\"elementor-container elementor-column-gap-no\">\n\t\t\t\t\t<div class=\"elementor-column elementor-col-100 elementor-top-column elementor-element elementor-element-5b52c5a8\" data-id=\"5b52c5a8\" data-element_type=\"column\">\n\t\t\t<div class=\"elementor-widget-wrap elementor-element-populated\">\n\t\t\t\t\t\t<div class=\"elementor-element elementor-element-2af0247c elementor-widget-tablet__width-initial elementor-widget elementor-widget-image\" data-id=\"2af0247c\" data-element_type=\"widget\" data-widget_type=\"image.default\">\n\t\t\t\t<div class=\"elementor-widget-container\">\n\t\t\t\t\t\t\t\t\t\t\t\t\t\t\t<img decoding=\"async\" width=\"800\" height=\"457\" src=\"https:\/\/aftadvocacia.adv.br\/wordpressfoto\/wp-content\/uploads\/2023\/10\/direito-consumidor-justic\u0327a-advogado-juridico-4-1024x585.webp\" class=\"attachment-large size-large wp-image-584\" alt=\"\" srcset=\"https:\/\/aftadvocacia.adv.br\/wordpressfoto\/wp-content\/uploads\/2023\/10\/direito-consumidor-justic\u0327a-advogado-juridico-4-1024x585.webp 1024w, https:\/\/aftadvocacia.adv.br\/wordpressfoto\/wp-content\/uploads\/2023\/10\/direito-consumidor-justic\u0327a-advogado-juridico-4-300x171.webp 300w, https:\/\/aftadvocacia.adv.br\/wordpressfoto\/wp-content\/uploads\/2023\/10\/direito-consumidor-justic\u0327a-advogado-juridico-4-768x439.webp 768w, https:\/\/aftadvocacia.adv.br\/wordpressfoto\/wp-content\/uploads\/2023\/10\/direito-consumidor-justic\u0327a-advogado-juridico-4-1536x878.webp 1536w, https:\/\/aftadvocacia.adv.br\/wordpressfoto\/wp-content\/uploads\/2023\/10\/direito-consumidor-justic\u0327a-advogado-juridico-4.webp 1792w\" sizes=\"(max-width: 800px) 100vw, 800px\" \/>\t\t\t\t\t\t\t\t\t\t\t\t\t\t\t<\/div>\n\t\t\t\t<\/div>\n\t\t\t\t<div class=\"elementor-element elementor-element-5130bf6b elementor-widget elementor-widget-html\" data-id=\"5130bf6b\" data-element_type=\"widget\" data-widget_type=\"html.default\">\n\t\t\t\t<div class=\"elementor-widget-container\">\n\t\t\t\t\t<div style=\"font-size: 1.1em; border: 1px solid; text-align: center; margin: 10px 0; padding: 10px; font-style: italic;\">\n\n<p>\"Como consumidores informados e empoderados, temos o dever de garantir que os direitos dos consumidores sejam respeitados e protegidos.\"<\/p>\n<\/div>\t\t\t\t<\/div>\n\t\t\t\t<\/div>\n\t\t\t\t\t<\/div>\n\t\t<\/div>\n\t\t\t\t\t<\/div>\n\t\t<\/section>\n\t\t\t\t<section class=\"elementor-section elementor-top-section elementor-element elementor-element-3749f0f elementor-section-boxed elementor-section-height-default elementor-section-height-default\" data-id=\"3749f0f\" data-element_type=\"section\">\n\t\t\t\t\t\t<div class=\"elementor-container elementor-column-gap-no\">\n\t\t\t\t\t<div class=\"elementor-column elementor-col-100 elementor-top-column elementor-element elementor-element-f808558\" data-id=\"f808558\" data-element_type=\"column\">\n\t\t\t<div class=\"elementor-widget-wrap elementor-element-populated\">\n\t\t\t\t\t\t<div class=\"elementor-element elementor-element-605d1b5 elementor-widget-tablet__width-initial elementor-widget elementor-widget-html\" data-id=\"605d1b5\" data-element_type=\"widget\" data-widget_type=\"html.default\">\n\t\t\t\t<div class=\"elementor-widget-container\">\n\t\t\t\t\t<p>Ao longo deste artigo, exploramos a ess\u00eancia e a import\u00e2ncia da <a href=\"http:\/\/www.planalto.gov.br\/ccivil_03\/leis\/l8078.htm\" target=\"_blank\" style=\"color: blue;\">Lei 8.078\/1990<\/a>, mais conhecida como C\u00f3digo de Defesa do Consumidor. Esta legisla\u00e7\u00e3o n\u00e3o apenas estabelece direitos, mas tamb\u00e9m responsabilidades, garantindo que as rela\u00e7\u00f5es de consumo ocorram de maneira justa e equilibrada. Em um pa\u00eds vasto e diversificado como o Brasil, \u00e9 fundamental que os consumidores estejam cientes de seus direitos e saibam como exerc\u00ea-los adequadamente.<\/p>\n<p>Al\u00e9m disso, \u00e9 crucial reconhecer que, enquanto consumidores, temos o poder de moldar o mercado. Ao exigirmos qualidade, transpar\u00eancia e \u00e9tica nas rela\u00e7\u00f5es de consumo, incentivamos empresas e fornecedores a adotarem pr\u00e1ticas mais justas e sustent\u00e1veis. A Lei 8.078\/1990 \u00e9 uma ferramenta poderosa nesse contexto, mas sua efic\u00e1cia depende de nossa atua\u00e7\u00e3o ativa e informada. <strong>Conhe\u00e7a mais sobre seus direitos e fa\u00e7a valer a sua voz no mercado!<\/strong><\/p>\n<p>Por fim, \u00e9 essencial lembrar que o Direito do Consumidor \u00e9 um campo em constante evolu\u00e7\u00e3o. \u00c0 medida que a sociedade muda, novos desafios surgem, exigindo adapta\u00e7\u00f5es e atualiza\u00e7\u00f5es na legisla\u00e7\u00e3o. No entanto, o cerne da Lei 8.078\/1990 permanece inalterado: garantir que os direitos dos consumidores sejam respeitados e protegidos. E, como consumidores informados e empoderados, temos o dever de garantir que essa promessa seja cumprida.<\/p>\n<p style=\"font-size: 0.9em;\">Esta postagem \u00e9 completamente original, criada a partir do nosso pr\u00f3prio conte\u00fado, aprimorada com informa\u00e7\u00f5es da internet e tecnologia de intelig\u00eancia artificial.<\/p>\n\t\t\t\t<\/div>\n\t\t\t\t<\/div>\n\t\t\t\t\t<\/div>\n\t\t<\/div>\n\t\t\t\t\t<\/div>\n\t\t<\/section>\n\t\t\t\t<section class=\"elementor-section elementor-top-section elementor-element elementor-element-1e7dbad7 elementor-section-boxed elementor-section-height-default elementor-section-height-default\" data-id=\"1e7dbad7\" data-element_type=\"section\">\n\t\t\t\t\t\t<div class=\"elementor-container elementor-column-gap-no\">\n\t\t\t\t\t<div class=\"elementor-column elementor-col-100 elementor-top-column elementor-element elementor-element-74a407d\" data-id=\"74a407d\" data-element_type=\"column\">\n\t\t\t<div class=\"elementor-widget-wrap elementor-element-populated\">\n\t\t\t\t\t\t<div class=\"elementor-element elementor-element-cdb08d9 elementor-widget-tablet__width-initial elementor-widget elementor-widget-html\" data-id=\"cdb08d9\" data-element_type=\"widget\" data-widget_type=\"html.default\">\n\t\t\t\t<div class=\"elementor-widget-container\">\n\t\t\t\t\t<h3>Perguntas Frequentes<\/h3>\n<h4>O que \u00e9 a Lei 8.078\/1990?<\/h4>\n<p>A Lei 8.078, promulgada em 11 de setembro de 1990, \u00e9 conhecida como o C\u00f3digo de Defesa do Consumidor. Ela foi criada para proteger os direitos do consumidor, seja ele uma pessoa que adquire um bem material ou contrata um servi\u00e7o.<\/p>\n\n<h4>Quais s\u00e3o os prazos para reclama\u00e7\u00e3o em caso de defeitos?<\/h4>\n<p>Se o defeito for de f\u00e1cil constata\u00e7\u00e3o, como em um produto que apresenta problemas logo ap\u00f3s a compra, o consumidor tem at\u00e9 30 dias para reclamar. No caso de bens dur\u00e1veis ou servi\u00e7os, como um liquidificador ou a pintura de uma casa, o prazo \u00e9 de 90 dias.<\/p>\n\n<h4>O que acontece se um servi\u00e7o contratado n\u00e3o for bem executado?<\/h4>\n<p>Se um servi\u00e7o, como o conserto de um refrigerador, n\u00e3o for bem executado, o prestador do servi\u00e7o tem a obriga\u00e7\u00e3o de corrigir o defeito ou devolver o valor pago pelo consumidor.<\/p>\n\n<h4>A Lei 8.078\/1990 se aplica apenas a bens materiais?<\/h4>\n<p>N\u00e3o, a lei se aplica tanto a bens materiais quanto a servi\u00e7os contratados.<\/p>\n\n<h4>Como a Lei 8.078\/1990 protege os consumidores durante per\u00edodos de alta demanda comercial, como o final do ano?<\/h4>\n<p>A lei garante os direitos dos consumidores independentemente da \u00e9poca do ano. Durante per\u00edodos de alta demanda, \u00e9 ainda mais crucial estar ciente de seus direitos, pois as transa\u00e7\u00f5es comerciais aumentam significativamente.<\/p>\n\t\t\t\t<\/div>\n\t\t\t\t<\/div>\n\t\t\t\t\t<\/div>\n\t\t<\/div>\n\t\t\t\t\t<\/div>\n\t\t<\/section>\n\t\t\t\t<section class=\"elementor-section elementor-top-section elementor-element elementor-element-10035e3c elementor-section-boxed elementor-section-height-default elementor-section-height-default\" data-id=\"10035e3c\" data-element_type=\"section\">\n\t\t\t\t\t\t<div class=\"elementor-container elementor-column-gap-no\">\n\t\t\t\t\t<div class=\"elementor-column elementor-col-100 elementor-top-column elementor-element elementor-element-59f71994\" data-id=\"59f71994\" data-element_type=\"column\">\n\t\t\t<div class=\"elementor-widget-wrap elementor-element-populated\">\n\t\t\t\t\t\t<div class=\"elementor-element elementor-element-500118d9 elementor-widget-tablet__width-initial elementor-widget elementor-widget-html\" data-id=\"500118d9\" data-element_type=\"widget\" data-widget_type=\"html.default\">\n\t\t\t\t<div class=\"elementor-widget-container\">\n\t\t\t\t\t<h3>Refer\u00eancias<\/h3>\n<ul>\n<li><a href=\"http:\/\/www.planalto.gov.br\/ccivil_03\/leis\/l8078.htm\" target=\"_blank\" style=\"color: blue; text-decoration: none;\" onmouseover=\"this.style.color=''\">Lei 8.078\/1990 - C\u00f3digo de Defesa do Consumidor<\/a> - Planalto, 11 de setembro de 1990<\/li>\n<li><a href=\"https:\/\/www.procon.sp.gov.br\/direitos-basicos-do-consumidor\/\" target=\"_blank\" style=\"color: blue; text-decoration: none;\" onmouseover=\"this.style.color=''\">Direitos B\u00e1sicos do Consumidor<\/a> - Procon<\/li>\n<li><a href=\"https:\/\/www.youtube.com\/watch?v=examplelink\" target=\"_blank\" style=\"color: blue; text-decoration: none;\" onmouseover=\"this.style.color=''\">Entendendo o C\u00f3digo de Defesa do Consumidor<\/a> - Canal Direito Direto<\/li>\n<li><a href=\"https:\/\/www.jusbrasil.com.br\/artigos\/direito-do-consumidor\" target=\"_blank\" style=\"color: blue; text-decoration: none;\" onmouseover=\"this.style.color=''\">Como funciona o Direito do Consumidor no Brasil<\/a> - Jusbrasil<\/li>\n<li><a href=\"https:\/\/www.sebrae.com.br\/sites\/PortalSebrae\/artigos\/entenda-a-importancia-do-codigo-de-defesa-do-consumidor-para-o-seu-negocio,5d5c1e10f1c92410VgnVCM1000003b74010aRCRD\" target=\"_blank\" style=\"color: blue; text-decoration: none;\" onmouseover=\"this.style.color=''\">Entenda a import\u00e2ncia do C\u00f3digo de Defesa do Consumidor para o seu neg\u00f3cio<\/a> - Sebrae<\/li>\n<li><a href=\"https:\/\/www.youtube.com\/watch?v=examplelink2\" target=\"_blank\" style=\"color: blue; text-decoration: none;\" onmouseover=\"this.style.color=''\">Direitos b\u00e1sicos do consumidor que voc\u00ea precisa saber<\/a> - Canal Direito Simples Assim<\/li>\n<\/ul>\n\t\t\t\t<\/div>\n\t\t\t\t<\/div>\n\t\t\t\t\t<\/div>\n\t\t<\/div>\n\t\t\t\t\t<\/div>\n\t\t<\/section>\n\t\t\t\t<\/div>\n\t\t","protected":false},"excerpt":{"rendered":"<p>Este artigo explora a ess\u00eancia e a import\u00e2ncia da Lei 8.078\/1990, mais conhecida como C\u00f3digo de Defesa do Consumidor. Abordamos os principais pontos da legisla\u00e7\u00e3o, como prazos para reclama\u00e7\u00f5es, responsabilidades dos fornecedores e a import\u00e2ncia da conscientiza\u00e7\u00e3o do consumidor.<\/p>\n","protected":false},"author":3,"featured_media":585,"comment_status":"open","ping_status":"open","sticky":false,"template":"elementor_theme","format":"standard","meta":{"footnotes":""},"categories":[2],"tags":[25,32,27,28,31,26,29,24,30,23],"class_list":["post-527","post","type-post","status-publish","format-standard","has-post-thumbnail","hentry","category-juridico","tag-codigo-de-defesa","tag-defesa-do-consumidor","tag-direito-do-consumidor","tag-direitos-do-consumidor","tag-legislacao-brasileira","tag-lei-8-078","tag-lei-do-consumidor","tag-prazos-para-reclamacao","tag-protecao-ao-consumidor","tag-relacoes-de-consumo"],"yoast_head":"<!-- This site is optimized with the Yoast SEO plugin v25.6 - https:\/\/yoast.com\/wordpress\/plugins\/seo\/ -->\n<title>AFT Advocacia: Excel\u00eancia em Advocacia e Consultoria Jur\u00eddica<\/title>\n<meta name=\"robots\" content=\"index, follow, max-snippet:-1, max-image-preview:large, max-video-preview:-1\" \/>\n<link rel=\"canonical\" href=\"https:\/\/aftadvocacia.adv.br\/wordpressfoto\/direito-do-consumidor-lei-8078-protecao\/\" \/>\n<meta property=\"og:locale\" content=\"pt_BR\" \/>\n<meta property=\"og:type\" content=\"article\" \/>\n<meta property=\"og:title\" content=\"AFT Advocacia: Excel\u00eancia em Advocacia e Consultoria Jur\u00eddica\" \/>\n<meta property=\"og:description\" content=\"Este artigo explora a ess\u00eancia e a import\u00e2ncia da Lei 8.078\/1990, mais conhecida como C\u00f3digo de Defesa do Consumidor. Abordamos os principais pontos da legisla\u00e7\u00e3o, como prazos para reclama\u00e7\u00f5es, responsabilidades dos fornecedores e a import\u00e2ncia da conscientiza\u00e7\u00e3o do consumidor.\" \/>\n<meta property=\"og:url\" content=\"https:\/\/aftadvocacia.adv.br\/wordpressfoto\/direito-do-consumidor-lei-8078-protecao\/\" \/>\n<meta property=\"og:site_name\" content=\"AFT Advocacia: Excel\u00eancia em Advocacia e Consultoria Jur\u00eddica\" \/>\n<meta property=\"article:published_time\" content=\"2023-10-31T23:20:09+00:00\" \/>\n<meta property=\"article:modified_time\" content=\"2024-02-14T14:39:45+00:00\" \/>\n<meta property=\"og:image\" content=\"https:\/\/aftadvocacia.adv.br\/wordpressfoto\/wp-content\/uploads\/2023\/10\/direito-consumidor-justic\u0327a-advogado-juridico.webp\" \/>\n\t<meta property=\"og:image:width\" content=\"1792\" \/>\n\t<meta property=\"og:image:height\" content=\"1024\" \/>\n\t<meta property=\"og:image:type\" content=\"image\/webp\" \/>\n<meta name=\"author\" content=\"Rodrigo Terra de Souza\" \/>\n<meta name=\"twitter:card\" content=\"summary_large_image\" \/>\n<meta name=\"twitter:label1\" content=\"Escrito por\" \/>\n\t<meta name=\"twitter:data1\" content=\"Rodrigo Terra de Souza\" \/>\n\t<meta name=\"twitter:label2\" content=\"Est. tempo de leitura\" \/>\n\t<meta name=\"twitter:data2\" content=\"10 minutos\" \/>\n<script type=\"application\/ld+json\" class=\"yoast-schema-graph\">{\"@context\":\"https:\/\/schema.org\",\"@graph\":[{\"@type\":\"Article\",\"@id\":\"https:\/\/aftadvocacia.adv.br\/wordpressfoto\/direito-do-consumidor-lei-8078-protecao\/#article\",\"isPartOf\":{\"@id\":\"https:\/\/aftadvocacia.adv.br\/wordpressfoto\/direito-do-consumidor-lei-8078-protecao\/\"},\"author\":{\"name\":\"Rodrigo Terra de Souza\",\"@id\":\"https:\/\/aftadvocacia.adv.br\/wordpressfoto\/#\/schema\/person\/bd48d9b8e7cc72b9dba0f443a269acf6\"},\"headline\":\"Direito do Consumidor: Como a Lei 8.078 te Protege\",\"datePublished\":\"2023-10-31T23:20:09+00:00\",\"dateModified\":\"2024-02-14T14:39:45+00:00\",\"mainEntityOfPage\":{\"@id\":\"https:\/\/aftadvocacia.adv.br\/wordpressfoto\/direito-do-consumidor-lei-8078-protecao\/\"},\"wordCount\":1742,\"commentCount\":1,\"publisher\":{\"@id\":\"https:\/\/aftadvocacia.adv.br\/wordpressfoto\/#organization\"},\"image\":{\"@id\":\"https:\/\/aftadvocacia.adv.br\/wordpressfoto\/direito-do-consumidor-lei-8078-protecao\/#primaryimage\"},\"thumbnailUrl\":\"https:\/\/aftadvocacia.adv.br\/wordpressfoto\/wp-content\/uploads\/2023\/10\/direito-consumidor-justic\u0327a-advogado-juridico.webp\",\"keywords\":[\"C\u00f3digo de Defesa\",\"defesa do consumidor\",\"Direito do Consumidor\",\"direitos do consumidor\",\"legisla\u00e7\u00e3o brasileira\",\"Lei 8.078\",\"Lei do Consumidor\",\"prazos para reclama\u00e7\u00e3o\",\"prote\u00e7\u00e3o ao consumidor\",\"rela\u00e7\u00f5es de consumo\"],\"articleSection\":[\"Jur\u00eddico\"],\"inLanguage\":\"pt-BR\",\"potentialAction\":[{\"@type\":\"CommentAction\",\"name\":\"Comment\",\"target\":[\"https:\/\/aftadvocacia.adv.br\/wordpressfoto\/direito-do-consumidor-lei-8078-protecao\/#respond\"]}]},{\"@type\":\"WebPage\",\"@id\":\"https:\/\/aftadvocacia.adv.br\/wordpressfoto\/direito-do-consumidor-lei-8078-protecao\/\",\"url\":\"https:\/\/aftadvocacia.adv.br\/wordpressfoto\/direito-do-consumidor-lei-8078-protecao\/\",\"name\":\"AFT Advocacia: Excel\u00eancia em Advocacia e Consultoria Jur\u00eddica\",\"isPartOf\":{\"@id\":\"https:\/\/aftadvocacia.adv.br\/wordpressfoto\/#website\"},\"primaryImageOfPage\":{\"@id\":\"https:\/\/aftadvocacia.adv.br\/wordpressfoto\/direito-do-consumidor-lei-8078-protecao\/#primaryimage\"},\"image\":{\"@id\":\"https:\/\/aftadvocacia.adv.br\/wordpressfoto\/direito-do-consumidor-lei-8078-protecao\/#primaryimage\"},\"thumbnailUrl\":\"https:\/\/aftadvocacia.adv.br\/wordpressfoto\/wp-content\/uploads\/2023\/10\/direito-consumidor-justic\u0327a-advogado-juridico.webp\",\"datePublished\":\"2023-10-31T23:20:09+00:00\",\"dateModified\":\"2024-02-14T14:39:45+00:00\",\"breadcrumb\":{\"@id\":\"https:\/\/aftadvocacia.adv.br\/wordpressfoto\/direito-do-consumidor-lei-8078-protecao\/#breadcrumb\"},\"inLanguage\":\"pt-BR\",\"potentialAction\":[{\"@type\":\"ReadAction\",\"target\":[\"https:\/\/aftadvocacia.adv.br\/wordpressfoto\/direito-do-consumidor-lei-8078-protecao\/\"]}]},{\"@type\":\"ImageObject\",\"inLanguage\":\"pt-BR\",\"@id\":\"https:\/\/aftadvocacia.adv.br\/wordpressfoto\/direito-do-consumidor-lei-8078-protecao\/#primaryimage\",\"url\":\"https:\/\/aftadvocacia.adv.br\/wordpressfoto\/wp-content\/uploads\/2023\/10\/direito-consumidor-justic\u0327a-advogado-juridico.webp\",\"contentUrl\":\"https:\/\/aftadvocacia.adv.br\/wordpressfoto\/wp-content\/uploads\/2023\/10\/direito-consumidor-justic\u0327a-advogado-juridico.webp\",\"width\":1792,\"height\":1024},{\"@type\":\"BreadcrumbList\",\"@id\":\"https:\/\/aftadvocacia.adv.br\/wordpressfoto\/direito-do-consumidor-lei-8078-protecao\/#breadcrumb\",\"itemListElement\":[{\"@type\":\"ListItem\",\"position\":1,\"name\":\"In\u00edcio\",\"item\":\"https:\/\/aftadvocacia.adv.br\/wordpressfoto\/\"},{\"@type\":\"ListItem\",\"position\":2,\"name\":\"Direito do Consumidor: Como a Lei 8.078 te Protege\"}]},{\"@type\":\"WebSite\",\"@id\":\"https:\/\/aftadvocacia.adv.br\/wordpressfoto\/#website\",\"url\":\"https:\/\/aftadvocacia.adv.br\/wordpressfoto\/\",\"name\":\"AFT Advogados: Excel\u00eancia em Advocacia e Consultoria Jur\u00eddica\",\"description\":\"Com mais de 20 anos de experi\u00eancia, a AFTA Advocacia se destaca pela dedica\u00e7\u00e3o, responsabilidade e compromisso em oferecer solu\u00e7\u00f5es jur\u00eddicas personalizadas. Especializados em Direito Tribut\u00e1rio, Empresarial e diversas outras \u00e1reas, nossa miss\u00e3o \u00e9 satisfazer e superar as expectativas de nossos clientes, atuando com \u00e9tica e compet\u00eancia t\u00e9cnico-jur\u00eddica.\",\"publisher\":{\"@id\":\"https:\/\/aftadvocacia.adv.br\/wordpressfoto\/#organization\"},\"potentialAction\":[{\"@type\":\"SearchAction\",\"target\":{\"@type\":\"EntryPoint\",\"urlTemplate\":\"https:\/\/aftadvocacia.adv.br\/wordpressfoto\/?s={search_term_string}\"},\"query-input\":{\"@type\":\"PropertyValueSpecification\",\"valueRequired\":true,\"valueName\":\"search_term_string\"}}],\"inLanguage\":\"pt-BR\"},{\"@type\":\"Organization\",\"@id\":\"https:\/\/aftadvocacia.adv.br\/wordpressfoto\/#organization\",\"name\":\"AFT Advogados: Excel\u00eancia em Advocacia e Consultoria Jur\u00eddica\",\"url\":\"https:\/\/aftadvocacia.adv.br\/wordpressfoto\/\",\"logo\":{\"@type\":\"ImageObject\",\"inLanguage\":\"pt-BR\",\"@id\":\"https:\/\/aftadvocacia.adv.br\/wordpressfoto\/#\/schema\/logo\/image\/\",\"url\":\"https:\/\/aftadvocacia.adv.br\/wordpressfoto\/wp-content\/uploads\/2024\/01\/Logotipo-com-OAB-aft-advogados-bento-direito.png\",\"contentUrl\":\"https:\/\/aftadvocacia.adv.br\/wordpressfoto\/wp-content\/uploads\/2024\/01\/Logotipo-com-OAB-aft-advogados-bento-direito.png\",\"width\":350,\"height\":184,\"caption\":\"AFT Advogados: Excel\u00eancia em Advocacia e Consultoria Jur\u00eddica\"},\"image\":{\"@id\":\"https:\/\/aftadvocacia.adv.br\/wordpressfoto\/#\/schema\/logo\/image\/\"}},{\"@type\":\"Person\",\"@id\":\"https:\/\/aftadvocacia.adv.br\/wordpressfoto\/#\/schema\/person\/bd48d9b8e7cc72b9dba0f443a269acf6\",\"name\":\"Rodrigo Terra de Souza\",\"image\":{\"@type\":\"ImageObject\",\"inLanguage\":\"pt-BR\",\"@id\":\"https:\/\/aftadvocacia.adv.br\/wordpressfoto\/#\/schema\/person\/image\/\",\"url\":\"https:\/\/secure.gravatar.com\/avatar\/318ae92e70f6dd3715f992db4ba673d498b17671e599b5da50744173bba18e0e?s=96&d=mm&r=g\",\"contentUrl\":\"https:\/\/secure.gravatar.com\/avatar\/318ae92e70f6dd3715f992db4ba673d498b17671e599b5da50744173bba18e0e?s=96&d=mm&r=g\",\"caption\":\"Rodrigo Terra de Souza\"},\"description\":\"Doutor em Ci\u00eancias Jur\u00eddicas e Sociais, p\u00f3s-graduado em Direito Societ\u00e1rio e Gest\u00e3o Empreendedora, com certifica\u00e7\u00e3o em Gest\u00e3o de Riscos e Compliance. Bacharel em Direito e ex-professor de cursos tecnol\u00f3gicos e de gradua\u00e7\u00e3o\",\"url\":\"https:\/\/aftadvocacia.adv.br\/wordpressfoto\/author\/rodrigo\/\"}]}<\/script>\n<!-- \/ Yoast SEO plugin. -->","yoast_head_json":{"title":"AFT Advocacia: Excel\u00eancia em Advocacia e Consultoria Jur\u00eddica","robots":{"index":"index","follow":"follow","max-snippet":"max-snippet:-1","max-image-preview":"max-image-preview:large","max-video-preview":"max-video-preview:-1"},"canonical":"https:\/\/aftadvocacia.adv.br\/wordpressfoto\/direito-do-consumidor-lei-8078-protecao\/","og_locale":"pt_BR","og_type":"article","og_title":"AFT Advocacia: Excel\u00eancia em Advocacia e Consultoria Jur\u00eddica","og_description":"Este artigo explora a ess\u00eancia e a import\u00e2ncia da Lei 8.078\/1990, mais conhecida como C\u00f3digo de Defesa do Consumidor. Abordamos os principais pontos da legisla\u00e7\u00e3o, como prazos para reclama\u00e7\u00f5es, responsabilidades dos fornecedores e a import\u00e2ncia da conscientiza\u00e7\u00e3o do consumidor.","og_url":"https:\/\/aftadvocacia.adv.br\/wordpressfoto\/direito-do-consumidor-lei-8078-protecao\/","og_site_name":"AFT Advocacia: Excel\u00eancia em Advocacia e Consultoria Jur\u00eddica","article_published_time":"2023-10-31T23:20:09+00:00","article_modified_time":"2024-02-14T14:39:45+00:00","og_image":[{"width":1792,"height":1024,"url":"https:\/\/aftadvocacia.adv.br\/wordpressfoto\/wp-content\/uploads\/2023\/10\/direito-consumidor-justic\u0327a-advogado-juridico.webp","type":"image\/webp"}],"author":"Rodrigo Terra de Souza","twitter_card":"summary_large_image","twitter_misc":{"Escrito por":"Rodrigo Terra de Souza","Est. tempo de leitura":"10 minutos"},"schema":{"@context":"https:\/\/schema.org","@graph":[{"@type":"Article","@id":"https:\/\/aftadvocacia.adv.br\/wordpressfoto\/direito-do-consumidor-lei-8078-protecao\/#article","isPartOf":{"@id":"https:\/\/aftadvocacia.adv.br\/wordpressfoto\/direito-do-consumidor-lei-8078-protecao\/"},"author":{"name":"Rodrigo Terra de Souza","@id":"https:\/\/aftadvocacia.adv.br\/wordpressfoto\/#\/schema\/person\/bd48d9b8e7cc72b9dba0f443a269acf6"},"headline":"Direito do Consumidor: Como a Lei 8.078 te Protege","datePublished":"2023-10-31T23:20:09+00:00","dateModified":"2024-02-14T14:39:45+00:00","mainEntityOfPage":{"@id":"https:\/\/aftadvocacia.adv.br\/wordpressfoto\/direito-do-consumidor-lei-8078-protecao\/"},"wordCount":1742,"commentCount":1,"publisher":{"@id":"https:\/\/aftadvocacia.adv.br\/wordpressfoto\/#organization"},"image":{"@id":"https:\/\/aftadvocacia.adv.br\/wordpressfoto\/direito-do-consumidor-lei-8078-protecao\/#primaryimage"},"thumbnailUrl":"https:\/\/aftadvocacia.adv.br\/wordpressfoto\/wp-content\/uploads\/2023\/10\/direito-consumidor-justic\u0327a-advogado-juridico.webp","keywords":["C\u00f3digo de Defesa","defesa do consumidor","Direito do Consumidor","direitos do consumidor","legisla\u00e7\u00e3o brasileira","Lei 8.078","Lei do Consumidor","prazos para reclama\u00e7\u00e3o","prote\u00e7\u00e3o ao consumidor","rela\u00e7\u00f5es de consumo"],"articleSection":["Jur\u00eddico"],"inLanguage":"pt-BR","potentialAction":[{"@type":"CommentAction","name":"Comment","target":["https:\/\/aftadvocacia.adv.br\/wordpressfoto\/direito-do-consumidor-lei-8078-protecao\/#respond"]}]},{"@type":"WebPage","@id":"https:\/\/aftadvocacia.adv.br\/wordpressfoto\/direito-do-consumidor-lei-8078-protecao\/","url":"https:\/\/aftadvocacia.adv.br\/wordpressfoto\/direito-do-consumidor-lei-8078-protecao\/","name":"AFT Advocacia: Excel\u00eancia em Advocacia e Consultoria Jur\u00eddica","isPartOf":{"@id":"https:\/\/aftadvocacia.adv.br\/wordpressfoto\/#website"},"primaryImageOfPage":{"@id":"https:\/\/aftadvocacia.adv.br\/wordpressfoto\/direito-do-consumidor-lei-8078-protecao\/#primaryimage"},"image":{"@id":"https:\/\/aftadvocacia.adv.br\/wordpressfoto\/direito-do-consumidor-lei-8078-protecao\/#primaryimage"},"thumbnailUrl":"https:\/\/aftadvocacia.adv.br\/wordpressfoto\/wp-content\/uploads\/2023\/10\/direito-consumidor-justic\u0327a-advogado-juridico.webp","datePublished":"2023-10-31T23:20:09+00:00","dateModified":"2024-02-14T14:39:45+00:00","breadcrumb":{"@id":"https:\/\/aftadvocacia.adv.br\/wordpressfoto\/direito-do-consumidor-lei-8078-protecao\/#breadcrumb"},"inLanguage":"pt-BR","potentialAction":[{"@type":"ReadAction","target":["https:\/\/aftadvocacia.adv.br\/wordpressfoto\/direito-do-consumidor-lei-8078-protecao\/"]}]},{"@type":"ImageObject","inLanguage":"pt-BR","@id":"https:\/\/aftadvocacia.adv.br\/wordpressfoto\/direito-do-consumidor-lei-8078-protecao\/#primaryimage","url":"https:\/\/aftadvocacia.adv.br\/wordpressfoto\/wp-content\/uploads\/2023\/10\/direito-consumidor-justic\u0327a-advogado-juridico.webp","contentUrl":"https:\/\/aftadvocacia.adv.br\/wordpressfoto\/wp-content\/uploads\/2023\/10\/direito-consumidor-justic\u0327a-advogado-juridico.webp","width":1792,"height":1024},{"@type":"BreadcrumbList","@id":"https:\/\/aftadvocacia.adv.br\/wordpressfoto\/direito-do-consumidor-lei-8078-protecao\/#breadcrumb","itemListElement":[{"@type":"ListItem","position":1,"name":"In\u00edcio","item":"https:\/\/aftadvocacia.adv.br\/wordpressfoto\/"},{"@type":"ListItem","position":2,"name":"Direito do Consumidor: Como a Lei 8.078 te Protege"}]},{"@type":"WebSite","@id":"https:\/\/aftadvocacia.adv.br\/wordpressfoto\/#website","url":"https:\/\/aftadvocacia.adv.br\/wordpressfoto\/","name":"AFT Advogados: Excel\u00eancia em Advocacia e Consultoria Jur\u00eddica","description":"Com mais de 20 anos de experi\u00eancia, a AFTA Advocacia se destaca pela dedica\u00e7\u00e3o, responsabilidade e compromisso em oferecer solu\u00e7\u00f5es jur\u00eddicas personalizadas. Especializados em Direito Tribut\u00e1rio, Empresarial e diversas outras \u00e1reas, nossa miss\u00e3o \u00e9 satisfazer e superar as expectativas de nossos clientes, atuando com \u00e9tica e compet\u00eancia t\u00e9cnico-jur\u00eddica.","publisher":{"@id":"https:\/\/aftadvocacia.adv.br\/wordpressfoto\/#organization"},"potentialAction":[{"@type":"SearchAction","target":{"@type":"EntryPoint","urlTemplate":"https:\/\/aftadvocacia.adv.br\/wordpressfoto\/?s={search_term_string}"},"query-input":{"@type":"PropertyValueSpecification","valueRequired":true,"valueName":"search_term_string"}}],"inLanguage":"pt-BR"},{"@type":"Organization","@id":"https:\/\/aftadvocacia.adv.br\/wordpressfoto\/#organization","name":"AFT Advogados: Excel\u00eancia em Advocacia e Consultoria Jur\u00eddica","url":"https:\/\/aftadvocacia.adv.br\/wordpressfoto\/","logo":{"@type":"ImageObject","inLanguage":"pt-BR","@id":"https:\/\/aftadvocacia.adv.br\/wordpressfoto\/#\/schema\/logo\/image\/","url":"https:\/\/aftadvocacia.adv.br\/wordpressfoto\/wp-content\/uploads\/2024\/01\/Logotipo-com-OAB-aft-advogados-bento-direito.png","contentUrl":"https:\/\/aftadvocacia.adv.br\/wordpressfoto\/wp-content\/uploads\/2024\/01\/Logotipo-com-OAB-aft-advogados-bento-direito.png","width":350,"height":184,"caption":"AFT Advogados: Excel\u00eancia em Advocacia e Consultoria Jur\u00eddica"},"image":{"@id":"https:\/\/aftadvocacia.adv.br\/wordpressfoto\/#\/schema\/logo\/image\/"}},{"@type":"Person","@id":"https:\/\/aftadvocacia.adv.br\/wordpressfoto\/#\/schema\/person\/bd48d9b8e7cc72b9dba0f443a269acf6","name":"Rodrigo Terra de Souza","image":{"@type":"ImageObject","inLanguage":"pt-BR","@id":"https:\/\/aftadvocacia.adv.br\/wordpressfoto\/#\/schema\/person\/image\/","url":"https:\/\/secure.gravatar.com\/avatar\/318ae92e70f6dd3715f992db4ba673d498b17671e599b5da50744173bba18e0e?s=96&d=mm&r=g","contentUrl":"https:\/\/secure.gravatar.com\/avatar\/318ae92e70f6dd3715f992db4ba673d498b17671e599b5da50744173bba18e0e?s=96&d=mm&r=g","caption":"Rodrigo Terra de Souza"},"description":"Doutor em Ci\u00eancias Jur\u00eddicas e Sociais, p\u00f3s-graduado em Direito Societ\u00e1rio e Gest\u00e3o Empreendedora, com certifica\u00e7\u00e3o em Gest\u00e3o de Riscos e Compliance. Bacharel em Direito e ex-professor de cursos tecnol\u00f3gicos e de gradua\u00e7\u00e3o","url":"https:\/\/aftadvocacia.adv.br\/wordpressfoto\/author\/rodrigo\/"}]}},"_links":{"self":[{"href":"https:\/\/aftadvocacia.adv.br\/wordpressfoto\/wp-json\/wp\/v2\/posts\/527","targetHints":{"allow":["GET"]}}],"collection":[{"href":"https:\/\/aftadvocacia.adv.br\/wordpressfoto\/wp-json\/wp\/v2\/posts"}],"about":[{"href":"https:\/\/aftadvocacia.adv.br\/wordpressfoto\/wp-json\/wp\/v2\/types\/post"}],"author":[{"embeddable":true,"href":"https:\/\/aftadvocacia.adv.br\/wordpressfoto\/wp-json\/wp\/v2\/users\/3"}],"replies":[{"embeddable":true,"href":"https:\/\/aftadvocacia.adv.br\/wordpressfoto\/wp-json\/wp\/v2\/comments?post=527"}],"version-history":[{"count":0,"href":"https:\/\/aftadvocacia.adv.br\/wordpressfoto\/wp-json\/wp\/v2\/posts\/527\/revisions"}],"wp:featuredmedia":[{"embeddable":true,"href":"https:\/\/aftadvocacia.adv.br\/wordpressfoto\/wp-json\/wp\/v2\/media\/585"}],"wp:attachment":[{"href":"https:\/\/aftadvocacia.adv.br\/wordpressfoto\/wp-json\/wp\/v2\/media?parent=527"}],"wp:term":[{"taxonomy":"category","embeddable":true,"href":"https:\/\/aftadvocacia.adv.br\/wordpressfoto\/wp-json\/wp\/v2\/categories?post=527"},{"taxonomy":"post_tag","embeddable":true,"href":"https:\/\/aftadvocacia.adv.br\/wordpressfoto\/wp-json\/wp\/v2\/tags?post=527"}],"curies":[{"name":"wp","href":"https:\/\/api.w.org\/{rel}","templated":true}]}}