{"id":373,"date":"2023-10-31T17:02:37","date_gmt":"2023-10-31T20:02:37","guid":{"rendered":"https:\/\/aftadvocacia.adv.br\/wordpressfoto\/?p=373"},"modified":"2024-02-14T11:40:03","modified_gmt":"2024-02-14T14:40:03","slug":"artigo-225-sustentabilidade-constituicao","status":"publish","type":"post","link":"https:\/\/aftadvocacia.adv.br\/wordpressfoto\/artigo-225-sustentabilidade-constituicao\/","title":{"rendered":"Artigo 225 e Al\u00e9m: A Constitui\u00e7\u00e3o e o Compromisso com a Sustentabilidade"},"content":{"rendered":"\t\t<div data-elementor-type=\"wp-post\" data-elementor-id=\"373\" class=\"elementor elementor-373\" data-elementor-post-type=\"post\">\n\t\t\t\t\t\t<section class=\"elementor-section elementor-top-section elementor-element elementor-element-117a9512 elementor-section-boxed elementor-section-height-default elementor-section-height-default\" data-id=\"117a9512\" data-element_type=\"section\">\n\t\t\t\t\t\t<div class=\"elementor-container elementor-column-gap-no\">\n\t\t\t\t\t<div class=\"elementor-column elementor-col-100 elementor-top-column elementor-element elementor-element-6cde3eb3\" data-id=\"6cde3eb3\" data-element_type=\"column\">\n\t\t\t<div class=\"elementor-widget-wrap elementor-element-populated\">\n\t\t\t\t\t\t<div class=\"elementor-element elementor-element-459ec440 elementor-widget-tablet__width-initial elementor-widget elementor-widget-html\" data-id=\"459ec440\" data-element_type=\"widget\" data-widget_type=\"html.default\">\n\t\t\t\t<div class=\"elementor-widget-container\">\n\t\t\t\t\t<p>Nos tempos modernos, o desenvolvimento sustent\u00e1vel tornou-se mais do que um simples termo da moda; \u00e9 uma necessidade urgente e uma responsabilidade que todos n\u00f3s compartilhamos. Como advogado e s\u00f3cio do escrit\u00f3rio AFT Advogados, tenho visto a crescente import\u00e2ncia da sustentabilidade no cen\u00e1rio jur\u00eddico e social. A Constitui\u00e7\u00e3o Brasileira, em seu artigo 225, j\u00e1 nos alertava sobre a import\u00e2ncia de um meio ambiente equilibrado e a responsabilidade coletiva de preserv\u00e1-lo para as gera\u00e7\u00f5es futuras. Mas, o que realmente significa desenvolvimento sustent\u00e1vel? E como podemos, como sociedade, garantir que estamos no caminho certo? Neste artigo, mergulharemos profundamente nesses t\u00f3picos, explorando a ess\u00eancia do desenvolvimento sustent\u00e1vel e como ele se entrela\u00e7a com nossas vidas di\u00e1rias e a legisla\u00e7\u00e3o brasileira.<\/p>\n\t\t\t\t<\/div>\n\t\t\t\t<\/div>\n\t\t\t\t\t<\/div>\n\t\t<\/div>\n\t\t\t\t\t<\/div>\n\t\t<\/section>\n\t\t\t\t<section class=\"elementor-section elementor-top-section elementor-element elementor-element-56fb54ae elementor-section-boxed elementor-section-height-default elementor-section-height-default\" data-id=\"56fb54ae\" data-element_type=\"section\">\n\t\t\t\t\t\t<div class=\"elementor-container elementor-column-gap-no\">\n\t\t\t\t\t<div class=\"elementor-column elementor-col-100 elementor-top-column elementor-element elementor-element-16c671e9\" data-id=\"16c671e9\" data-element_type=\"column\">\n\t\t\t<div class=\"elementor-widget-wrap elementor-element-populated\">\n\t\t\t\t\t\t<div class=\"elementor-element elementor-element-59e4e0c2 elementor-widget-tablet__width-initial elementor-widget elementor-widget-image\" data-id=\"59e4e0c2\" data-element_type=\"widget\" data-widget_type=\"image.default\">\n\t\t\t\t<div class=\"elementor-widget-container\">\n\t\t\t\t\t\t\t\t\t\t\t\t\t\t\t<img fetchpriority=\"high\" decoding=\"async\" width=\"800\" height=\"457\" src=\"https:\/\/aftadvocacia.adv.br\/wordpressfoto\/wp-content\/uploads\/2023\/10\/advocacia-escritorio-sustentabilidade-juridico-afta-5-1024x585.webp\" class=\"attachment-large size-large wp-image-438\" alt=\"\" srcset=\"https:\/\/aftadvocacia.adv.br\/wordpressfoto\/wp-content\/uploads\/2023\/10\/advocacia-escritorio-sustentabilidade-juridico-afta-5-1024x585.webp 1024w, https:\/\/aftadvocacia.adv.br\/wordpressfoto\/wp-content\/uploads\/2023\/10\/advocacia-escritorio-sustentabilidade-juridico-afta-5-300x171.webp 300w, https:\/\/aftadvocacia.adv.br\/wordpressfoto\/wp-content\/uploads\/2023\/10\/advocacia-escritorio-sustentabilidade-juridico-afta-5-768x439.webp 768w, https:\/\/aftadvocacia.adv.br\/wordpressfoto\/wp-content\/uploads\/2023\/10\/advocacia-escritorio-sustentabilidade-juridico-afta-5-1536x878.webp 1536w, https:\/\/aftadvocacia.adv.br\/wordpressfoto\/wp-content\/uploads\/2023\/10\/advocacia-escritorio-sustentabilidade-juridico-afta-5.webp 1792w\" sizes=\"(max-width: 800px) 100vw, 800px\" \/>\t\t\t\t\t\t\t\t\t\t\t\t\t\t\t<\/div>\n\t\t\t\t<\/div>\n\t\t\t\t<div class=\"elementor-element elementor-element-4a54ed36 elementor-widget elementor-widget-html\" data-id=\"4a54ed36\" data-element_type=\"widget\" data-widget_type=\"html.default\">\n\t\t\t\t<div class=\"elementor-widget-container\">\n\t\t\t\t\t\n<blockquote style=\"font-size: 1.1em; border-left: 1px solid #ccc; padding-left: 20px; text-align: center; line-height: normal; font-style: italic;\">\n\"A humanidade precisa e deve evoluir, prosperar, mas de forma sustent\u00e1vel, o que imp\u00f5e precipuamente ao poder p\u00fablico e a todos n\u00f3s \u2013 coletividade - um dever compartilhado de proteger e defender a natureza.\"\n<\/blockquote>\t\t\t\t<\/div>\n\t\t\t\t<\/div>\n\t\t\t\t\t<\/div>\n\t\t<\/div>\n\t\t\t\t\t<\/div>\n\t\t<\/section>\n\t\t\t\t<section class=\"elementor-section elementor-top-section elementor-element elementor-element-421d0b59 elementor-section-boxed elementor-section-height-default elementor-section-height-default\" data-id=\"421d0b59\" data-element_type=\"section\">\n\t\t\t\t\t\t<div class=\"elementor-container elementor-column-gap-no\">\n\t\t\t\t\t<div class=\"elementor-column elementor-col-100 elementor-top-column elementor-element elementor-element-444fcee7\" data-id=\"444fcee7\" data-element_type=\"column\">\n\t\t\t<div class=\"elementor-widget-wrap elementor-element-populated\">\n\t\t\t\t\t\t<div class=\"elementor-element elementor-element-19b198fa elementor-widget-tablet__width-initial elementor-widget elementor-widget-html\" data-id=\"19b198fa\" data-element_type=\"widget\" data-widget_type=\"html.default\">\n\t\t\t\t<div class=\"elementor-widget-container\">\n\t\t\t\t\t<!-- Subt\u00edtulo (h3) e Conte\u00fado (p) -->\n<h3>Introdu\u00e7\u00e3o ao Desenvolvimento Sustent\u00e1vel<\/h3>\n<p>Desde que iniciei minha trajet\u00f3ria no mundo jur\u00eddico, percebi que o desenvolvimento sustent\u00e1vel n\u00e3o \u00e9 apenas uma tend\u00eancia, mas uma necessidade urgente. Nos \u00faltimos trinta anos, este tema tem dominado as discuss\u00f5es em diversos setores da sociedade. E por uma boa raz\u00e3o: estamos falando do nosso futuro e das pr\u00f3ximas gera\u00e7\u00f5es. Como advogado e s\u00f3cio do escrit\u00f3rio AFT Advogados, sinto a responsabilidade de abordar este tema com a seriedade que ele merece.<\/p>\n\n<h3>A Amplid\u00e3o do Debate sobre Sustentabilidade<\/h3>\n<p>Quando olhamos para tr\u00e1s, percebemos que o desenvolvimento sustent\u00e1vel tem sido debatido em semin\u00e1rios, simp\u00f3sios, universidades e at\u00e9 mesmo nas escolas. A m\u00eddia tamb\u00e9m tem desempenhado um papel crucial na dissemina\u00e7\u00e3o de informa\u00e7\u00f5es sobre o assunto. E por que essa abordagem t\u00e3o ampla? Porque a responsabilidade com o nosso futuro n\u00e3o recai apenas sobre os ombros dos governos, mas sobre cada um de n\u00f3s. Como representante da AFT Advogados, posso afirmar que a sustentabilidade \u00e9 uma preocupa\u00e7\u00e3o permanente em nossa pr\u00e1tica jur\u00eddica.<\/p>\n\n<h3>Defini\u00e7\u00e3o e Compreens\u00e3o do Desenvolvimento Sustent\u00e1vel<\/h3>\n<p>Mas, afinal, o que \u00e9 desenvolvimento sustent\u00e1vel? A resposta pode ser encontrada no <a href=\"#\" style=\"color: blue;\" onmouseover=\"this.style.color='#defaultColor'\">artigo 225 da nossa Constitui\u00e7\u00e3o Federal de 1988<\/a>. Este artigo estabelece que todos t\u00eam direito a um meio ambiente ecologicamente equilibrado. Mais do que isso, imp\u00f5e ao poder p\u00fablico e \u00e0 coletividade o dever de defend\u00ea-lo e preserv\u00e1-lo para as gera\u00e7\u00f5es presentes e futuras. Como advogado, vejo este artigo como um marco na legisla\u00e7\u00e3o brasileira, pois reconhece a import\u00e2ncia de proteger nosso meio ambiente enquanto buscamos progresso e desenvolvimento.<\/p>\n\n<h3>O Papel do Poder P\u00fablico e da Coletividade<\/h3>\n<p>O artigo 225 n\u00e3o apenas reconhece o direito a um meio ambiente equilibrado, mas tamb\u00e9m estabelece um dever compartilhado entre o poder p\u00fablico e a coletividade. Em outras palavras, n\u00e3o \u00e9 apenas responsabilidade do governo proteger o meio ambiente, mas de todos n\u00f3s. Na AFT Advogados, sempre enfatizamos a import\u00e2ncia de agir com responsabilidade e racionalidade. Podemos, sim, usufruir dos recursos naturais, mas sempre pensando nas consequ\u00eancias de nossas a\u00e7\u00f5es para as gera\u00e7\u00f5es futuras.<\/p>\n\n<h3>Reflex\u00e3o Final: Nosso Relacionamento com a Natureza<\/h3>\n<p>Ao longo de minha carreira, cheguei \u00e0 conclus\u00e3o de que n\u00e3o somos donos da natureza. Na verdade, apenas a tomamos emprestada das futuras gera\u00e7\u00f5es. E \u00e9 nosso dever garantir que elas tamb\u00e9m possam desfrutar de um meio ambiente saud\u00e1vel e equilibrado. Como advogado e representante da AFT Advogados, vejo isso como uma miss\u00e3o. E \u00e9 por isso que estamos sempre buscando maneiras de promover o desenvolvimento sustent\u00e1vel em nossa pr\u00e1tica jur\u00eddica e em nossa comunidade.<\/p>\n\t\t\t\t<\/div>\n\t\t\t\t<\/div>\n\t\t\t\t\t<\/div>\n\t\t<\/div>\n\t\t\t\t\t<\/div>\n\t\t<\/section>\n\t\t\t\t<section class=\"elementor-section elementor-top-section elementor-element elementor-element-386770dd elementor-section-boxed elementor-section-height-default elementor-section-height-default\" data-id=\"386770dd\" data-element_type=\"section\">\n\t\t\t\t\t\t<div class=\"elementor-container elementor-column-gap-no\">\n\t\t\t\t\t<div class=\"elementor-column elementor-col-100 elementor-top-column elementor-element elementor-element-61929f01\" data-id=\"61929f01\" data-element_type=\"column\">\n\t\t\t<div class=\"elementor-widget-wrap elementor-element-populated\">\n\t\t\t\t\t\t<div class=\"elementor-element elementor-element-69bf4329 elementor-widget-tablet__width-initial elementor-widget elementor-widget-image\" data-id=\"69bf4329\" data-element_type=\"widget\" data-widget_type=\"image.default\">\n\t\t\t\t<div class=\"elementor-widget-container\">\n\t\t\t\t\t\t\t\t\t\t\t\t\t\t\t<img decoding=\"async\" width=\"800\" height=\"457\" src=\"https:\/\/aftadvocacia.adv.br\/wordpressfoto\/wp-content\/uploads\/2023\/10\/advocacia-escritorio-sustentabilidade-juridico-afta-3-1024x585.webp\" class=\"attachment-large size-large wp-image-436\" alt=\"\" srcset=\"https:\/\/aftadvocacia.adv.br\/wordpressfoto\/wp-content\/uploads\/2023\/10\/advocacia-escritorio-sustentabilidade-juridico-afta-3-1024x585.webp 1024w, https:\/\/aftadvocacia.adv.br\/wordpressfoto\/wp-content\/uploads\/2023\/10\/advocacia-escritorio-sustentabilidade-juridico-afta-3-300x171.webp 300w, https:\/\/aftadvocacia.adv.br\/wordpressfoto\/wp-content\/uploads\/2023\/10\/advocacia-escritorio-sustentabilidade-juridico-afta-3-768x439.webp 768w, https:\/\/aftadvocacia.adv.br\/wordpressfoto\/wp-content\/uploads\/2023\/10\/advocacia-escritorio-sustentabilidade-juridico-afta-3-1536x878.webp 1536w, https:\/\/aftadvocacia.adv.br\/wordpressfoto\/wp-content\/uploads\/2023\/10\/advocacia-escritorio-sustentabilidade-juridico-afta-3.webp 1792w\" sizes=\"(max-width: 800px) 100vw, 800px\" \/>\t\t\t\t\t\t\t\t\t\t\t\t\t\t\t<\/div>\n\t\t\t\t<\/div>\n\t\t\t\t<div class=\"elementor-element elementor-element-01e9d26 elementor-widget elementor-widget-html\" data-id=\"01e9d26\" data-element_type=\"widget\" data-widget_type=\"html.default\">\n\t\t\t\t<div class=\"elementor-widget-container\">\n\t\t\t\t\t<blockquote style=\"font-size: 1.1em; border-left: 1px solid #ccc; padding-left: 20px; text-align: center; line-height: normal; font-style: italic;\">\n\"N\u00e3o somos donos da natureza, apenas a tomamos emprestada dos nossos filhos.\"\n<\/blockquote>\t\t\t\t<\/div>\n\t\t\t\t<\/div>\n\t\t\t\t<div class=\"elementor-element elementor-element-40e8ce09 elementor-widget elementor-widget-html\" data-id=\"40e8ce09\" data-element_type=\"widget\" data-widget_type=\"html.default\">\n\t\t\t\t<div class=\"elementor-widget-container\">\n\t\t\t\t\t<!-- T\u00edtulo do Artigo (h2) -->\n<h2>Com base na internet...<\/h2>\n\n<!-- Subt\u00edtulo (h3) e Conte\u00fado (p) -->\n<h3>A Import\u00e2ncia do Debate Sustent\u00e1vel na Sociedade<\/h3>\n<p>O desenvolvimento sustent\u00e1vel tem sido um tema central em diversas plataformas, desde semin\u00e1rios acad\u00eamicos at\u00e9 a m\u00eddia popular. Como mencionado no artigo da <a href=\"https:\/\/www.scielo.br\/j\/cebape\/a\/hvbYDBH5vQFD6zfjC9zHc5g\/?format=pdf\" style=\"color: blue;\" onmouseover=\"this.style.color='#defaultColor'\">Scielo<\/a>, a sustentabilidade \u00e9 uma estrat\u00e9gia vital para aproximar o n\u00edvel de sustentabilidade ao sistema ambiental humano.<\/p>\n<p><strong>Dica do Rodrigo:<\/strong> Sempre busque fontes confi\u00e1veis ao se informar sobre sustentabilidade. A informa\u00e7\u00e3o correta \u00e9 a chave para a tomada de decis\u00f5es conscientes.<\/p>\n\n<h3>A Agenda 2030 e o Futuro da Sustentabilidade<\/h3>\n<p>A <a href=\"https:\/\/brasil.un.org\/sites\/default\/files\/2020-09\/agenda2030-pt-br.pdf\" style=\"color: blue;\" onmouseover=\"this.style.color='#defaultColor'\">Agenda 2030<\/a> \u00e9 um plano ambicioso que busca fortalecer a paz universal atrav\u00e9s de a\u00e7\u00f5es sustent\u00e1veis. Este documento ressalta a necessidade de um compromisso global para garantir um futuro pr\u00f3spero e sustent\u00e1vel para todos.<\/p>\n<p><strong>Dica do Rodrigo:<\/strong> Mantenha-se atualizado sobre as metas globais de sustentabilidade. Elas s\u00e3o um guia valioso para entender onde o mundo est\u00e1 se dirigindo em termos de pr\u00e1ticas sustent\u00e1veis.<\/p>\n\n<h3>A Perspectiva Econ\u00f4mico-Ecol\u00f3gica do Desenvolvimento Sustent\u00e1vel<\/h3>\n<p>Outro artigo da <a href=\"https:\/\/www.scielo.br\/j\/ea\/a\/F9XDcdCSWRS9Xr7SpknNJPv\/?format=html\" style=\"color: blue;\" onmouseover=\"this.style.color='#defaultColor'\">Scielo<\/a> nos oferece uma vis\u00e3o econ\u00f4mico-ecol\u00f3gica do desenvolvimento sustent\u00e1vel. Esta perspectiva nos lembra que a sustentabilidade n\u00e3o \u00e9 apenas sobre proteger o meio ambiente, mas tamb\u00e9m sobre garantir progresso e desenvolvimento econ\u00f4mico de forma respons\u00e1vel.<\/p>\n<p><strong>Dica do Rodrigo:<\/strong> Ao pensar em sustentabilidade, considere tanto o impacto ambiental quanto o impacto econ\u00f4mico. Ambos s\u00e3o cruciais para um futuro equilibrado.<\/p>\n\n<h3>Exemplos Pr\u00e1ticos de Desenvolvimento Sustent\u00e1vel<\/h3>\n<p>O v\u00eddeo do canal <a href=\"https:\/\/www.youtube.com\/watch?v=ueU83pICyek\" style=\"color: blue;\" onmouseover=\"this.style.color='#defaultColor'\">Geobrasil<\/a> nos apresenta exemplos pr\u00e1ticos de como o desenvolvimento sustent\u00e1vel est\u00e1 sendo implementado em diferentes partes do mundo. Estes exemplos nos mostram que \u00e9 poss\u00edvel alcan\u00e7ar progresso e prosperidade sem comprometer os recursos do nosso planeta.<\/p>\n<p><strong>Dica do Rodrigo:<\/strong> Inspire-se em exemplos pr\u00e1ticos de sustentabilidade ao redor do mundo. Muitas vezes, uma pequena mudan\u00e7a pode fazer uma grande diferen\u00e7a.<\/p>\n\t\t\t\t<\/div>\n\t\t\t\t<\/div>\n\t\t\t\t\t<\/div>\n\t\t<\/div>\n\t\t\t\t\t<\/div>\n\t\t<\/section>\n\t\t\t\t<section class=\"elementor-section elementor-top-section elementor-element elementor-element-5cce5656 elementor-section-boxed elementor-section-height-default elementor-section-height-default\" data-id=\"5cce5656\" data-element_type=\"section\">\n\t\t\t\t\t\t<div class=\"elementor-container elementor-column-gap-no\">\n\t\t\t\t\t<div class=\"elementor-column elementor-col-100 elementor-top-column elementor-element elementor-element-23b41ae8\" data-id=\"23b41ae8\" data-element_type=\"column\">\n\t\t\t<div class=\"elementor-widget-wrap elementor-element-populated\">\n\t\t\t\t\t\t<div class=\"elementor-element elementor-element-4dbc1119 elementor-widget-tablet__width-initial elementor-widget elementor-widget-image\" data-id=\"4dbc1119\" data-element_type=\"widget\" data-widget_type=\"image.default\">\n\t\t\t\t<div class=\"elementor-widget-container\">\n\t\t\t\t\t\t\t\t\t\t\t\t\t\t\t<img decoding=\"async\" width=\"800\" height=\"457\" src=\"https:\/\/aftadvocacia.adv.br\/wordpressfoto\/wp-content\/uploads\/2023\/10\/advocacia-escritorio-sustentabilidade-juridico-afta-6-1024x585.webp\" class=\"attachment-large size-large wp-image-439\" alt=\"\" srcset=\"https:\/\/aftadvocacia.adv.br\/wordpressfoto\/wp-content\/uploads\/2023\/10\/advocacia-escritorio-sustentabilidade-juridico-afta-6-1024x585.webp 1024w, https:\/\/aftadvocacia.adv.br\/wordpressfoto\/wp-content\/uploads\/2023\/10\/advocacia-escritorio-sustentabilidade-juridico-afta-6-300x171.webp 300w, https:\/\/aftadvocacia.adv.br\/wordpressfoto\/wp-content\/uploads\/2023\/10\/advocacia-escritorio-sustentabilidade-juridico-afta-6-768x439.webp 768w, https:\/\/aftadvocacia.adv.br\/wordpressfoto\/wp-content\/uploads\/2023\/10\/advocacia-escritorio-sustentabilidade-juridico-afta-6-1536x878.webp 1536w, https:\/\/aftadvocacia.adv.br\/wordpressfoto\/wp-content\/uploads\/2023\/10\/advocacia-escritorio-sustentabilidade-juridico-afta-6.webp 1792w\" sizes=\"(max-width: 800px) 100vw, 800px\" \/>\t\t\t\t\t\t\t\t\t\t\t\t\t\t\t<\/div>\n\t\t\t\t<\/div>\n\t\t\t\t<div class=\"elementor-element elementor-element-1c5fc021 elementor-widget elementor-widget-html\" data-id=\"1c5fc021\" data-element_type=\"widget\" data-widget_type=\"html.default\">\n\t\t\t\t<div class=\"elementor-widget-container\">\n\t\t\t\t\t<blockquote style=\"font-size: 1.1em; border-left: 1px solid #ccc; padding-left: 20px; text-align: center; line-height: normal; font-style: italic;\">\n\"A responsabilidade com o nosso futuro e as pr\u00f3ximas gera\u00e7\u00f5es tem sido a preocupa\u00e7\u00e3o permanente de governos e da pr\u00f3pria humanidade.\"\n<\/blockquote>\t\t\t\t<\/div>\n\t\t\t\t<\/div>\n\t\t\t\t\t<\/div>\n\t\t<\/div>\n\t\t\t\t\t<\/div>\n\t\t<\/section>\n\t\t\t\t<section class=\"elementor-section elementor-top-section elementor-element elementor-element-4ac951e3 elementor-section-boxed elementor-section-height-default elementor-section-height-default\" data-id=\"4ac951e3\" data-element_type=\"section\">\n\t\t\t\t\t\t<div class=\"elementor-container elementor-column-gap-no\">\n\t\t\t\t\t<div class=\"elementor-column elementor-col-100 elementor-top-column elementor-element elementor-element-27d7da74\" data-id=\"27d7da74\" data-element_type=\"column\">\n\t\t\t<div class=\"elementor-widget-wrap elementor-element-populated\">\n\t\t\t\t\t\t<div class=\"elementor-element elementor-element-71399a7c elementor-widget-tablet__width-initial elementor-widget elementor-widget-html\" data-id=\"71399a7c\" data-element_type=\"widget\" data-widget_type=\"html.default\">\n\t\t\t\t<div class=\"elementor-widget-container\">\n\t\t\t\t\t<p>Ao longo deste artigo, exploramos a profundidade e a amplitude do desenvolvimento sustent\u00e1vel, um conceito que vai muito al\u00e9m de simplesmente \"ser verde\". \u00c9 sobre equil\u00edbrio, responsabilidade e, acima de tudo, sobre garantir um futuro pr\u00f3spero para as pr\u00f3ximas gera\u00e7\u00f5es. A Constitui\u00e7\u00e3o Brasileira, em seu artigo 225, n\u00e3o apenas reconhece a import\u00e2ncia de um meio ambiente equilibrado, mas tamb\u00e9m nos chama \u00e0 a\u00e7\u00e3o, lembrando-nos de nossa responsabilidade coletiva.<\/p>\n\n<p>No entanto, a responsabilidade n\u00e3o recai apenas sobre os ombros do poder p\u00fablico. Cada um de n\u00f3s, como indiv\u00edduos e profissionais, tem um papel a desempenhar. No mundo jur\u00eddico, por exemplo, temos o poder e a responsabilidade de garantir que as leis e regulamentos sejam implementados de maneira justa e sustent\u00e1vel. Mas, al\u00e9m disso, como cidad\u00e3os, temos a capacidade de influenciar mudan\u00e7as positivas em nossas comunidades e em nosso pa\u00eds.<\/p>\n\n<p>Finalmente, \u00e9 essencial lembrar que o desenvolvimento sustent\u00e1vel n\u00e3o \u00e9 um destino, mas uma jornada. Uma jornada que requer reflex\u00e3o cont\u00ednua, aprendizado e adapta\u00e7\u00e3o. E, enquanto navegamos por este caminho, devemos sempre nos esfor\u00e7ar para criar um mundo onde o progresso e a prosperidade andem de m\u00e3os dadas com a responsabilidade e o respeito pelo nosso planeta. <strong>Como Rodrigo Terra de Souza, s\u00f3cio da AFT Advogados, convido todos a se juntarem a mim nesta jornada crucial. Juntos, podemos fazer a diferen\u00e7a.<\/strong><\/p>\n\n<p style=\"font-size: smaller;\">Esta postagem \u00e9 completamente original, criada a partir de conte\u00fado pr\u00f3prio, aprimorada com informa\u00e7\u00f5es da internet e tecnologia de intelig\u00eancia artificial.<\/p>\n\t\t\t\t<\/div>\n\t\t\t\t<\/div>\n\t\t\t\t\t<\/div>\n\t\t<\/div>\n\t\t\t\t\t<\/div>\n\t\t<\/section>\n\t\t\t\t<section class=\"elementor-section elementor-top-section elementor-element elementor-element-5151eb36 elementor-section-boxed elementor-section-height-default elementor-section-height-default\" data-id=\"5151eb36\" data-element_type=\"section\">\n\t\t\t\t\t\t<div class=\"elementor-container elementor-column-gap-no\">\n\t\t\t\t\t<div class=\"elementor-column elementor-col-100 elementor-top-column elementor-element elementor-element-21d90271\" data-id=\"21d90271\" data-element_type=\"column\">\n\t\t\t<div class=\"elementor-widget-wrap elementor-element-populated\">\n\t\t\t\t\t\t<div class=\"elementor-element elementor-element-21c2ee elementor-widget-tablet__width-initial elementor-widget elementor-widget-html\" data-id=\"21c2ee\" data-element_type=\"widget\" data-widget_type=\"html.default\">\n\t\t\t\t<div class=\"elementor-widget-container\">\n\t\t\t\t\t<h3>Perguntas Frequentes<\/h3>\n\n<h4>O que \u00e9 desenvolvimento sustent\u00e1vel?<\/h4>\n<p>Desenvolvimento sustent\u00e1vel \u00e9 um conceito que envolve equil\u00edbrio, responsabilidade e a garantia de um futuro pr\u00f3spero para as pr\u00f3ximas gera\u00e7\u00f5es. \u00c9 sobre progresso e prosperidade que andam de m\u00e3os dadas com a responsabilidade e o respeito pelo nosso planeta.<\/p>\n\n<h4>O que o artigo 225 da Constitui\u00e7\u00e3o Brasileira diz sobre sustentabilidade?<\/h4>\n<p>O artigo 225 da Constitui\u00e7\u00e3o Brasileira destaca a import\u00e2ncia de um meio ambiente ecologicamente equilibrado e ressalta a responsabilidade coletiva de preserv\u00e1-lo para as gera\u00e7\u00f5es futuras.<\/p>\n\n<h4>Por que a sustentabilidade \u00e9 importante no cen\u00e1rio jur\u00eddico?<\/h4>\n<p>A sustentabilidade \u00e9 crucial no cen\u00e1rio jur\u00eddico porque as leis e regulamentos devem ser implementados de maneira justa e sustent\u00e1vel. Al\u00e9m disso, o mundo jur\u00eddico tem o poder e a responsabilidade de garantir que a sustentabilidade seja uma prioridade nas decis\u00f5es legais.<\/p>\n\n<h4>Como posso me envolver na jornada de desenvolvimento sustent\u00e1vel?<\/h4>\n<p>Todos n\u00f3s, como indiv\u00edduos e profissionais, temos um papel a desempenhar na jornada de desenvolvimento sustent\u00e1vel. Isso pode ser feito atrav\u00e9s da educa\u00e7\u00e3o, da influ\u00eancia em mudan\u00e7as positivas em nossas comunidades e da promo\u00e7\u00e3o de pr\u00e1ticas sustent\u00e1veis em nossas vidas di\u00e1rias.<\/p>\n\t\t\t\t<\/div>\n\t\t\t\t<\/div>\n\t\t\t\t\t<\/div>\n\t\t<\/div>\n\t\t\t\t\t<\/div>\n\t\t<\/section>\n\t\t\t\t<section class=\"elementor-section elementor-top-section elementor-element elementor-element-69005879 elementor-section-boxed elementor-section-height-default elementor-section-height-default\" data-id=\"69005879\" data-element_type=\"section\">\n\t\t\t\t\t\t<div class=\"elementor-container elementor-column-gap-no\">\n\t\t\t\t\t<div class=\"elementor-column elementor-col-100 elementor-top-column elementor-element elementor-element-342c51b6\" data-id=\"342c51b6\" data-element_type=\"column\">\n\t\t\t<div class=\"elementor-widget-wrap elementor-element-populated\">\n\t\t\t\t\t\t<div class=\"elementor-element elementor-element-51b4de1f elementor-widget-tablet__width-initial elementor-widget elementor-widget-html\" data-id=\"51b4de1f\" data-element_type=\"widget\" data-widget_type=\"html.default\">\n\t\t\t\t<div class=\"elementor-widget-container\">\n\t\t\t\t\t<h3>Refer\u00eancias<\/h3>\n\n<ul>\n    <li><a href=\"https:\/\/www.scielo.br\/j\/cebape\/a\/hvbYDBH5vQFD6zfjC9zHc5g\/?format=pdf\" target=\"_blank\" style=\"color: blue;\">Scielo - A sustentabilidade como estrat\u00e9gia<\/a> - Artigo - Acessado em [Data de Acesso].<\/li>\n    <li><a href=\"https:\/\/www.scielo.br\/j\/ea\/a\/F9XDcdCSWRS9Xr7SpknNJPv\/?format=html\" target=\"_blank\" style=\"color: blue;\">Scielo - Desenvolvimento sustent\u00e1vel: uma perspectiva econ\u00f4mico-ecol\u00f3gica<\/a> - Artigo - Acessado em [Data de Acesso].<\/li>\n    <li><a href=\"https:\/\/www.youtube.com\/watch?v=ueU83pICyek\" target=\"_blank\" style=\"color: blue;\">Geobrasil - Exemplos pr\u00e1ticos de desenvolvimento sustent\u00e1vel<\/a> - V\u00eddeo - Acessado em [Data de Acesso].<\/li>\n    <li><a href=\"https:\/\/brasil.un.org\/sites\/default\/files\/2020-09\/agenda2030-pt-br.pdf\" target=\"_blank\" style=\"color: blue;\">ONU Brasil - Agenda 2030 para o Desenvolvimento Sustent\u00e1vel<\/a> - Documento - Acessado em [Data de Acesso].<\/li>\n<\/ul>\n\t\t\t\t<\/div>\n\t\t\t\t<\/div>\n\t\t\t\t\t<\/div>\n\t\t<\/div>\n\t\t\t\t\t<\/div>\n\t\t<\/section>\n\t\t\t\t<\/div>\n\t\t","protected":false},"excerpt":{"rendered":"<p>Este artigo explora a profundidade do desenvolvimento sustent\u00e1vel, destacando o papel crucial do Artigo 225 da Constitui\u00e7\u00e3o Brasileira. Atrav\u00e9s da perspectiva da AFT Advogados, a postagem enfatiza a responsabilidade coletiva na prote\u00e7\u00e3o do meio ambiente e a import\u00e2ncia da legisla\u00e7\u00e3o na garantia de um futuro sustent\u00e1vel.<\/p>\n","protected":false},"author":3,"featured_media":440,"comment_status":"open","ping_status":"open","sticky":false,"template":"elementor_theme","format":"standard","meta":{"footnotes":""},"categories":[2],"tags":[19,21,20,22,14,16,17,13,18,15],"class_list":["post-373","post","type-post","status-publish","format-standard","has-post-thumbnail","hentry","category-juridico","tag-aft-advogados","tag-artigo-225","tag-constituicao-brasileira","tag-desenvolvimento-sustentavel","tag-direito-ambiental","tag-legislacao-ambiental","tag-meio-ambiente","tag-praticas-sustentaveis","tag-responsabilidade-coletiva","tag-sustentabilidade-juridica"],"yoast_head":"<!-- This site is optimized with the Yoast SEO plugin v25.6 - https:\/\/yoast.com\/wordpress\/plugins\/seo\/ -->\n<title>Artigo 225: A Constitui\u00e7\u00e3o Brasileira e o Desafio da Sustentabilidade<\/title>\n<meta name=\"description\" content=\"Explore o significado do desenvolvimento sustent\u00e1vel atrav\u00e9s da lente do Artigo 225 da Constitui\u00e7\u00e3o Brasileira. Junte-se \u00e0 AFT Advogados na jornada da sustentabilidade e descubra a import\u00e2ncia da legisla\u00e7\u00e3o na prote\u00e7\u00e3o do nosso futuro.\" \/>\n<meta name=\"robots\" content=\"index, follow, max-snippet:-1, max-image-preview:large, max-video-preview:-1\" \/>\n<link rel=\"canonical\" href=\"https:\/\/aftadvocacia.adv.br\/wordpressfoto\/artigo-225-sustentabilidade-constituicao\/\" \/>\n<meta property=\"og:locale\" content=\"pt_BR\" \/>\n<meta property=\"og:type\" content=\"article\" \/>\n<meta property=\"og:title\" content=\"Artigo 225: A Constitui\u00e7\u00e3o Brasileira e o Desafio da Sustentabilidade\" \/>\n<meta property=\"og:description\" content=\"Explore o significado do desenvolvimento sustent\u00e1vel atrav\u00e9s da lente do Artigo 225 da Constitui\u00e7\u00e3o Brasileira. Junte-se \u00e0 AFT Advogados na jornada da sustentabilidade e descubra a import\u00e2ncia da legisla\u00e7\u00e3o na prote\u00e7\u00e3o do nosso futuro.\" \/>\n<meta property=\"og:url\" content=\"https:\/\/aftadvocacia.adv.br\/wordpressfoto\/artigo-225-sustentabilidade-constituicao\/\" \/>\n<meta property=\"og:site_name\" content=\"AFT Advocacia: Excel\u00eancia em Advocacia e Consultoria Jur\u00eddica\" \/>\n<meta property=\"article:published_time\" content=\"2023-10-31T20:02:37+00:00\" \/>\n<meta property=\"article:modified_time\" content=\"2024-02-14T14:40:03+00:00\" \/>\n<meta property=\"og:image\" content=\"https:\/\/aftadvocacia.adv.br\/wordpressfoto\/wp-content\/uploads\/2023\/10\/advocacia-escritorio-sustentabilidade-juridico-afta.webp\" \/>\n\t<meta property=\"og:image:width\" content=\"1792\" \/>\n\t<meta property=\"og:image:height\" content=\"1024\" \/>\n\t<meta property=\"og:image:type\" content=\"image\/webp\" \/>\n<meta name=\"author\" content=\"Rodrigo Terra de Souza\" \/>\n<meta name=\"twitter:card\" content=\"summary_large_image\" \/>\n<meta name=\"twitter:label1\" content=\"Escrito por\" \/>\n\t<meta name=\"twitter:data1\" content=\"Rodrigo Terra de Souza\" \/>\n\t<meta name=\"twitter:label2\" content=\"Est. tempo de leitura\" \/>\n\t<meta name=\"twitter:data2\" content=\"8 minutos\" \/>\n<script type=\"application\/ld+json\" class=\"yoast-schema-graph\">{\"@context\":\"https:\/\/schema.org\",\"@graph\":[{\"@type\":\"Article\",\"@id\":\"https:\/\/aftadvocacia.adv.br\/wordpressfoto\/artigo-225-sustentabilidade-constituicao\/#article\",\"isPartOf\":{\"@id\":\"https:\/\/aftadvocacia.adv.br\/wordpressfoto\/artigo-225-sustentabilidade-constituicao\/\"},\"author\":{\"name\":\"Rodrigo Terra de Souza\",\"@id\":\"https:\/\/aftadvocacia.adv.br\/wordpressfoto\/#\/schema\/person\/bd48d9b8e7cc72b9dba0f443a269acf6\"},\"headline\":\"Artigo 225 e Al\u00e9m: A Constitui\u00e7\u00e3o e o Compromisso com a Sustentabilidade\",\"datePublished\":\"2023-10-31T20:02:37+00:00\",\"dateModified\":\"2024-02-14T14:40:03+00:00\",\"mainEntityOfPage\":{\"@id\":\"https:\/\/aftadvocacia.adv.br\/wordpressfoto\/artigo-225-sustentabilidade-constituicao\/\"},\"wordCount\":1551,\"commentCount\":0,\"publisher\":{\"@id\":\"https:\/\/aftadvocacia.adv.br\/wordpressfoto\/#organization\"},\"image\":{\"@id\":\"https:\/\/aftadvocacia.adv.br\/wordpressfoto\/artigo-225-sustentabilidade-constituicao\/#primaryimage\"},\"thumbnailUrl\":\"https:\/\/aftadvocacia.adv.br\/wordpressfoto\/wp-content\/uploads\/2023\/10\/advocacia-escritorio-sustentabilidade-juridico-afta.webp\",\"keywords\":[\"AFT Advogados\",\"Artigo 225\",\"Constitui\u00e7\u00e3o Brasileira\",\"Desenvolvimento Sustent\u00e1vel\",\"Direito Ambiental\",\"Legisla\u00e7\u00e3o Ambiental\",\"Meio Ambiente\",\"Pr\u00e1ticas Sustent\u00e1veis\",\"Responsabilidade Coletiva\",\"Sustentabilidade Jur\u00eddica\"],\"articleSection\":[\"Jur\u00eddico\"],\"inLanguage\":\"pt-BR\",\"potentialAction\":[{\"@type\":\"CommentAction\",\"name\":\"Comment\",\"target\":[\"https:\/\/aftadvocacia.adv.br\/wordpressfoto\/artigo-225-sustentabilidade-constituicao\/#respond\"]}]},{\"@type\":\"WebPage\",\"@id\":\"https:\/\/aftadvocacia.adv.br\/wordpressfoto\/artigo-225-sustentabilidade-constituicao\/\",\"url\":\"https:\/\/aftadvocacia.adv.br\/wordpressfoto\/artigo-225-sustentabilidade-constituicao\/\",\"name\":\"Artigo 225: A Constitui\u00e7\u00e3o Brasileira e o Desafio da Sustentabilidade\",\"isPartOf\":{\"@id\":\"https:\/\/aftadvocacia.adv.br\/wordpressfoto\/#website\"},\"primaryImageOfPage\":{\"@id\":\"https:\/\/aftadvocacia.adv.br\/wordpressfoto\/artigo-225-sustentabilidade-constituicao\/#primaryimage\"},\"image\":{\"@id\":\"https:\/\/aftadvocacia.adv.br\/wordpressfoto\/artigo-225-sustentabilidade-constituicao\/#primaryimage\"},\"thumbnailUrl\":\"https:\/\/aftadvocacia.adv.br\/wordpressfoto\/wp-content\/uploads\/2023\/10\/advocacia-escritorio-sustentabilidade-juridico-afta.webp\",\"datePublished\":\"2023-10-31T20:02:37+00:00\",\"dateModified\":\"2024-02-14T14:40:03+00:00\",\"description\":\"Explore o significado do desenvolvimento sustent\u00e1vel atrav\u00e9s da lente do Artigo 225 da Constitui\u00e7\u00e3o Brasileira. Junte-se \u00e0 AFT Advogados na jornada da sustentabilidade e descubra a import\u00e2ncia da legisla\u00e7\u00e3o na prote\u00e7\u00e3o do nosso futuro.\",\"breadcrumb\":{\"@id\":\"https:\/\/aftadvocacia.adv.br\/wordpressfoto\/artigo-225-sustentabilidade-constituicao\/#breadcrumb\"},\"inLanguage\":\"pt-BR\",\"potentialAction\":[{\"@type\":\"ReadAction\",\"target\":[\"https:\/\/aftadvocacia.adv.br\/wordpressfoto\/artigo-225-sustentabilidade-constituicao\/\"]}]},{\"@type\":\"ImageObject\",\"inLanguage\":\"pt-BR\",\"@id\":\"https:\/\/aftadvocacia.adv.br\/wordpressfoto\/artigo-225-sustentabilidade-constituicao\/#primaryimage\",\"url\":\"https:\/\/aftadvocacia.adv.br\/wordpressfoto\/wp-content\/uploads\/2023\/10\/advocacia-escritorio-sustentabilidade-juridico-afta.webp\",\"contentUrl\":\"https:\/\/aftadvocacia.adv.br\/wordpressfoto\/wp-content\/uploads\/2023\/10\/advocacia-escritorio-sustentabilidade-juridico-afta.webp\",\"width\":1792,\"height\":1024},{\"@type\":\"BreadcrumbList\",\"@id\":\"https:\/\/aftadvocacia.adv.br\/wordpressfoto\/artigo-225-sustentabilidade-constituicao\/#breadcrumb\",\"itemListElement\":[{\"@type\":\"ListItem\",\"position\":1,\"name\":\"In\u00edcio\",\"item\":\"https:\/\/aftadvocacia.adv.br\/wordpressfoto\/\"},{\"@type\":\"ListItem\",\"position\":2,\"name\":\"Artigo 225 e Al\u00e9m: A Constitui\u00e7\u00e3o e o Compromisso com a Sustentabilidade\"}]},{\"@type\":\"WebSite\",\"@id\":\"https:\/\/aftadvocacia.adv.br\/wordpressfoto\/#website\",\"url\":\"https:\/\/aftadvocacia.adv.br\/wordpressfoto\/\",\"name\":\"AFT Advogados: Excel\u00eancia em Advocacia e Consultoria Jur\u00eddica\",\"description\":\"Com mais de 20 anos de experi\u00eancia, a AFTA Advocacia se destaca pela dedica\u00e7\u00e3o, responsabilidade e compromisso em oferecer solu\u00e7\u00f5es jur\u00eddicas personalizadas. Especializados em Direito Tribut\u00e1rio, Empresarial e diversas outras \u00e1reas, nossa miss\u00e3o \u00e9 satisfazer e superar as expectativas de nossos clientes, atuando com \u00e9tica e compet\u00eancia t\u00e9cnico-jur\u00eddica.\",\"publisher\":{\"@id\":\"https:\/\/aftadvocacia.adv.br\/wordpressfoto\/#organization\"},\"potentialAction\":[{\"@type\":\"SearchAction\",\"target\":{\"@type\":\"EntryPoint\",\"urlTemplate\":\"https:\/\/aftadvocacia.adv.br\/wordpressfoto\/?s={search_term_string}\"},\"query-input\":{\"@type\":\"PropertyValueSpecification\",\"valueRequired\":true,\"valueName\":\"search_term_string\"}}],\"inLanguage\":\"pt-BR\"},{\"@type\":\"Organization\",\"@id\":\"https:\/\/aftadvocacia.adv.br\/wordpressfoto\/#organization\",\"name\":\"AFT Advogados: Excel\u00eancia em Advocacia e Consultoria Jur\u00eddica\",\"url\":\"https:\/\/aftadvocacia.adv.br\/wordpressfoto\/\",\"logo\":{\"@type\":\"ImageObject\",\"inLanguage\":\"pt-BR\",\"@id\":\"https:\/\/aftadvocacia.adv.br\/wordpressfoto\/#\/schema\/logo\/image\/\",\"url\":\"https:\/\/aftadvocacia.adv.br\/wordpressfoto\/wp-content\/uploads\/2024\/01\/Logotipo-com-OAB-aft-advogados-bento-direito.png\",\"contentUrl\":\"https:\/\/aftadvocacia.adv.br\/wordpressfoto\/wp-content\/uploads\/2024\/01\/Logotipo-com-OAB-aft-advogados-bento-direito.png\",\"width\":350,\"height\":184,\"caption\":\"AFT Advogados: Excel\u00eancia em Advocacia e Consultoria Jur\u00eddica\"},\"image\":{\"@id\":\"https:\/\/aftadvocacia.adv.br\/wordpressfoto\/#\/schema\/logo\/image\/\"}},{\"@type\":\"Person\",\"@id\":\"https:\/\/aftadvocacia.adv.br\/wordpressfoto\/#\/schema\/person\/bd48d9b8e7cc72b9dba0f443a269acf6\",\"name\":\"Rodrigo Terra de Souza\",\"image\":{\"@type\":\"ImageObject\",\"inLanguage\":\"pt-BR\",\"@id\":\"https:\/\/aftadvocacia.adv.br\/wordpressfoto\/#\/schema\/person\/image\/\",\"url\":\"https:\/\/secure.gravatar.com\/avatar\/318ae92e70f6dd3715f992db4ba673d498b17671e599b5da50744173bba18e0e?s=96&d=mm&r=g\",\"contentUrl\":\"https:\/\/secure.gravatar.com\/avatar\/318ae92e70f6dd3715f992db4ba673d498b17671e599b5da50744173bba18e0e?s=96&d=mm&r=g\",\"caption\":\"Rodrigo Terra de Souza\"},\"description\":\"Doutor em Ci\u00eancias Jur\u00eddicas e Sociais, p\u00f3s-graduado em Direito Societ\u00e1rio e Gest\u00e3o Empreendedora, com certifica\u00e7\u00e3o em Gest\u00e3o de Riscos e Compliance. Bacharel em Direito e ex-professor de cursos tecnol\u00f3gicos e de gradua\u00e7\u00e3o\",\"url\":\"https:\/\/aftadvocacia.adv.br\/wordpressfoto\/author\/rodrigo\/\"}]}<\/script>\n<!-- \/ Yoast SEO plugin. -->","yoast_head_json":{"title":"Artigo 225: A Constitui\u00e7\u00e3o Brasileira e o Desafio da Sustentabilidade","description":"Explore o significado do desenvolvimento sustent\u00e1vel atrav\u00e9s da lente do Artigo 225 da Constitui\u00e7\u00e3o Brasileira. Junte-se \u00e0 AFT Advogados na jornada da sustentabilidade e descubra a import\u00e2ncia da legisla\u00e7\u00e3o na prote\u00e7\u00e3o do nosso futuro.","robots":{"index":"index","follow":"follow","max-snippet":"max-snippet:-1","max-image-preview":"max-image-preview:large","max-video-preview":"max-video-preview:-1"},"canonical":"https:\/\/aftadvocacia.adv.br\/wordpressfoto\/artigo-225-sustentabilidade-constituicao\/","og_locale":"pt_BR","og_type":"article","og_title":"Artigo 225: A Constitui\u00e7\u00e3o Brasileira e o Desafio da Sustentabilidade","og_description":"Explore o significado do desenvolvimento sustent\u00e1vel atrav\u00e9s da lente do Artigo 225 da Constitui\u00e7\u00e3o Brasileira. Junte-se \u00e0 AFT Advogados na jornada da sustentabilidade e descubra a import\u00e2ncia da legisla\u00e7\u00e3o na prote\u00e7\u00e3o do nosso futuro.","og_url":"https:\/\/aftadvocacia.adv.br\/wordpressfoto\/artigo-225-sustentabilidade-constituicao\/","og_site_name":"AFT Advocacia: Excel\u00eancia em Advocacia e Consultoria Jur\u00eddica","article_published_time":"2023-10-31T20:02:37+00:00","article_modified_time":"2024-02-14T14:40:03+00:00","og_image":[{"width":1792,"height":1024,"url":"https:\/\/aftadvocacia.adv.br\/wordpressfoto\/wp-content\/uploads\/2023\/10\/advocacia-escritorio-sustentabilidade-juridico-afta.webp","type":"image\/webp"}],"author":"Rodrigo Terra de Souza","twitter_card":"summary_large_image","twitter_misc":{"Escrito por":"Rodrigo Terra de Souza","Est. tempo de leitura":"8 minutos"},"schema":{"@context":"https:\/\/schema.org","@graph":[{"@type":"Article","@id":"https:\/\/aftadvocacia.adv.br\/wordpressfoto\/artigo-225-sustentabilidade-constituicao\/#article","isPartOf":{"@id":"https:\/\/aftadvocacia.adv.br\/wordpressfoto\/artigo-225-sustentabilidade-constituicao\/"},"author":{"name":"Rodrigo Terra de Souza","@id":"https:\/\/aftadvocacia.adv.br\/wordpressfoto\/#\/schema\/person\/bd48d9b8e7cc72b9dba0f443a269acf6"},"headline":"Artigo 225 e Al\u00e9m: A Constitui\u00e7\u00e3o e o Compromisso com a Sustentabilidade","datePublished":"2023-10-31T20:02:37+00:00","dateModified":"2024-02-14T14:40:03+00:00","mainEntityOfPage":{"@id":"https:\/\/aftadvocacia.adv.br\/wordpressfoto\/artigo-225-sustentabilidade-constituicao\/"},"wordCount":1551,"commentCount":0,"publisher":{"@id":"https:\/\/aftadvocacia.adv.br\/wordpressfoto\/#organization"},"image":{"@id":"https:\/\/aftadvocacia.adv.br\/wordpressfoto\/artigo-225-sustentabilidade-constituicao\/#primaryimage"},"thumbnailUrl":"https:\/\/aftadvocacia.adv.br\/wordpressfoto\/wp-content\/uploads\/2023\/10\/advocacia-escritorio-sustentabilidade-juridico-afta.webp","keywords":["AFT Advogados","Artigo 225","Constitui\u00e7\u00e3o Brasileira","Desenvolvimento Sustent\u00e1vel","Direito Ambiental","Legisla\u00e7\u00e3o Ambiental","Meio Ambiente","Pr\u00e1ticas Sustent\u00e1veis","Responsabilidade Coletiva","Sustentabilidade Jur\u00eddica"],"articleSection":["Jur\u00eddico"],"inLanguage":"pt-BR","potentialAction":[{"@type":"CommentAction","name":"Comment","target":["https:\/\/aftadvocacia.adv.br\/wordpressfoto\/artigo-225-sustentabilidade-constituicao\/#respond"]}]},{"@type":"WebPage","@id":"https:\/\/aftadvocacia.adv.br\/wordpressfoto\/artigo-225-sustentabilidade-constituicao\/","url":"https:\/\/aftadvocacia.adv.br\/wordpressfoto\/artigo-225-sustentabilidade-constituicao\/","name":"Artigo 225: A Constitui\u00e7\u00e3o Brasileira e o Desafio da Sustentabilidade","isPartOf":{"@id":"https:\/\/aftadvocacia.adv.br\/wordpressfoto\/#website"},"primaryImageOfPage":{"@id":"https:\/\/aftadvocacia.adv.br\/wordpressfoto\/artigo-225-sustentabilidade-constituicao\/#primaryimage"},"image":{"@id":"https:\/\/aftadvocacia.adv.br\/wordpressfoto\/artigo-225-sustentabilidade-constituicao\/#primaryimage"},"thumbnailUrl":"https:\/\/aftadvocacia.adv.br\/wordpressfoto\/wp-content\/uploads\/2023\/10\/advocacia-escritorio-sustentabilidade-juridico-afta.webp","datePublished":"2023-10-31T20:02:37+00:00","dateModified":"2024-02-14T14:40:03+00:00","description":"Explore o significado do desenvolvimento sustent\u00e1vel atrav\u00e9s da lente do Artigo 225 da Constitui\u00e7\u00e3o Brasileira. Junte-se \u00e0 AFT Advogados na jornada da sustentabilidade e descubra a import\u00e2ncia da legisla\u00e7\u00e3o na prote\u00e7\u00e3o do nosso futuro.","breadcrumb":{"@id":"https:\/\/aftadvocacia.adv.br\/wordpressfoto\/artigo-225-sustentabilidade-constituicao\/#breadcrumb"},"inLanguage":"pt-BR","potentialAction":[{"@type":"ReadAction","target":["https:\/\/aftadvocacia.adv.br\/wordpressfoto\/artigo-225-sustentabilidade-constituicao\/"]}]},{"@type":"ImageObject","inLanguage":"pt-BR","@id":"https:\/\/aftadvocacia.adv.br\/wordpressfoto\/artigo-225-sustentabilidade-constituicao\/#primaryimage","url":"https:\/\/aftadvocacia.adv.br\/wordpressfoto\/wp-content\/uploads\/2023\/10\/advocacia-escritorio-sustentabilidade-juridico-afta.webp","contentUrl":"https:\/\/aftadvocacia.adv.br\/wordpressfoto\/wp-content\/uploads\/2023\/10\/advocacia-escritorio-sustentabilidade-juridico-afta.webp","width":1792,"height":1024},{"@type":"BreadcrumbList","@id":"https:\/\/aftadvocacia.adv.br\/wordpressfoto\/artigo-225-sustentabilidade-constituicao\/#breadcrumb","itemListElement":[{"@type":"ListItem","position":1,"name":"In\u00edcio","item":"https:\/\/aftadvocacia.adv.br\/wordpressfoto\/"},{"@type":"ListItem","position":2,"name":"Artigo 225 e Al\u00e9m: A Constitui\u00e7\u00e3o e o Compromisso com a Sustentabilidade"}]},{"@type":"WebSite","@id":"https:\/\/aftadvocacia.adv.br\/wordpressfoto\/#website","url":"https:\/\/aftadvocacia.adv.br\/wordpressfoto\/","name":"AFT Advogados: Excel\u00eancia em Advocacia e Consultoria Jur\u00eddica","description":"Com mais de 20 anos de experi\u00eancia, a AFTA Advocacia se destaca pela dedica\u00e7\u00e3o, responsabilidade e compromisso em oferecer solu\u00e7\u00f5es jur\u00eddicas personalizadas. Especializados em Direito Tribut\u00e1rio, Empresarial e diversas outras \u00e1reas, nossa miss\u00e3o \u00e9 satisfazer e superar as expectativas de nossos clientes, atuando com \u00e9tica e compet\u00eancia t\u00e9cnico-jur\u00eddica.","publisher":{"@id":"https:\/\/aftadvocacia.adv.br\/wordpressfoto\/#organization"},"potentialAction":[{"@type":"SearchAction","target":{"@type":"EntryPoint","urlTemplate":"https:\/\/aftadvocacia.adv.br\/wordpressfoto\/?s={search_term_string}"},"query-input":{"@type":"PropertyValueSpecification","valueRequired":true,"valueName":"search_term_string"}}],"inLanguage":"pt-BR"},{"@type":"Organization","@id":"https:\/\/aftadvocacia.adv.br\/wordpressfoto\/#organization","name":"AFT Advogados: Excel\u00eancia em Advocacia e Consultoria Jur\u00eddica","url":"https:\/\/aftadvocacia.adv.br\/wordpressfoto\/","logo":{"@type":"ImageObject","inLanguage":"pt-BR","@id":"https:\/\/aftadvocacia.adv.br\/wordpressfoto\/#\/schema\/logo\/image\/","url":"https:\/\/aftadvocacia.adv.br\/wordpressfoto\/wp-content\/uploads\/2024\/01\/Logotipo-com-OAB-aft-advogados-bento-direito.png","contentUrl":"https:\/\/aftadvocacia.adv.br\/wordpressfoto\/wp-content\/uploads\/2024\/01\/Logotipo-com-OAB-aft-advogados-bento-direito.png","width":350,"height":184,"caption":"AFT Advogados: Excel\u00eancia em Advocacia e Consultoria Jur\u00eddica"},"image":{"@id":"https:\/\/aftadvocacia.adv.br\/wordpressfoto\/#\/schema\/logo\/image\/"}},{"@type":"Person","@id":"https:\/\/aftadvocacia.adv.br\/wordpressfoto\/#\/schema\/person\/bd48d9b8e7cc72b9dba0f443a269acf6","name":"Rodrigo Terra de Souza","image":{"@type":"ImageObject","inLanguage":"pt-BR","@id":"https:\/\/aftadvocacia.adv.br\/wordpressfoto\/#\/schema\/person\/image\/","url":"https:\/\/secure.gravatar.com\/avatar\/318ae92e70f6dd3715f992db4ba673d498b17671e599b5da50744173bba18e0e?s=96&d=mm&r=g","contentUrl":"https:\/\/secure.gravatar.com\/avatar\/318ae92e70f6dd3715f992db4ba673d498b17671e599b5da50744173bba18e0e?s=96&d=mm&r=g","caption":"Rodrigo Terra de Souza"},"description":"Doutor em Ci\u00eancias Jur\u00eddicas e Sociais, p\u00f3s-graduado em Direito Societ\u00e1rio e Gest\u00e3o Empreendedora, com certifica\u00e7\u00e3o em Gest\u00e3o de Riscos e Compliance. Bacharel em Direito e ex-professor de cursos tecnol\u00f3gicos e de gradua\u00e7\u00e3o","url":"https:\/\/aftadvocacia.adv.br\/wordpressfoto\/author\/rodrigo\/"}]}},"_links":{"self":[{"href":"https:\/\/aftadvocacia.adv.br\/wordpressfoto\/wp-json\/wp\/v2\/posts\/373","targetHints":{"allow":["GET"]}}],"collection":[{"href":"https:\/\/aftadvocacia.adv.br\/wordpressfoto\/wp-json\/wp\/v2\/posts"}],"about":[{"href":"https:\/\/aftadvocacia.adv.br\/wordpressfoto\/wp-json\/wp\/v2\/types\/post"}],"author":[{"embeddable":true,"href":"https:\/\/aftadvocacia.adv.br\/wordpressfoto\/wp-json\/wp\/v2\/users\/3"}],"replies":[{"embeddable":true,"href":"https:\/\/aftadvocacia.adv.br\/wordpressfoto\/wp-json\/wp\/v2\/comments?post=373"}],"version-history":[{"count":0,"href":"https:\/\/aftadvocacia.adv.br\/wordpressfoto\/wp-json\/wp\/v2\/posts\/373\/revisions"}],"wp:featuredmedia":[{"embeddable":true,"href":"https:\/\/aftadvocacia.adv.br\/wordpressfoto\/wp-json\/wp\/v2\/media\/440"}],"wp:attachment":[{"href":"https:\/\/aftadvocacia.adv.br\/wordpressfoto\/wp-json\/wp\/v2\/media?parent=373"}],"wp:term":[{"taxonomy":"category","embeddable":true,"href":"https:\/\/aftadvocacia.adv.br\/wordpressfoto\/wp-json\/wp\/v2\/categories?post=373"},{"taxonomy":"post_tag","embeddable":true,"href":"https:\/\/aftadvocacia.adv.br\/wordpressfoto\/wp-json\/wp\/v2\/tags?post=373"}],"curies":[{"name":"wp","href":"https:\/\/api.w.org\/{rel}","templated":true}]}}