{"id":2557,"date":"2024-01-11T18:37:44","date_gmt":"2024-01-11T21:37:44","guid":{"rendered":"https:\/\/aftadvocacia.adv.br\/wordpressfoto\/?p=2557"},"modified":"2024-02-14T09:46:40","modified_gmt":"2024-02-14T12:46:40","slug":"o-papel-do-estagiario-na-empresa-beneficios-e-restricoes","status":"publish","type":"post","link":"https:\/\/aftadvocacia.adv.br\/wordpressfoto\/o-papel-do-estagiario-na-empresa-beneficios-e-restricoes\/","title":{"rendered":"O Papel do Estagi\u00e1rio na Empresa: Benef\u00edcios e Restri\u00e7\u00f5es"},"content":{"rendered":"\t\t<div data-elementor-type=\"wp-post\" data-elementor-id=\"2557\" class=\"elementor elementor-2557\" data-elementor-post-type=\"post\">\n\t\t\t\t<div class=\"elementor-element elementor-element-341cb4d7 e-flex e-con-boxed e-con e-parent\" data-id=\"341cb4d7\" data-element_type=\"container\">\n\t\t\t\t\t<div class=\"e-con-inner\">\n\t\t\t\t<div class=\"elementor-element elementor-element-6555dc0a elementor-widget elementor-widget-video\" data-id=\"6555dc0a\" data-element_type=\"widget\" data-settings=\"{&quot;youtube_url&quot;:&quot;https:\\\/\\\/www.youtube.com\\\/watch?v=cTqLqcDf-0U&amp;list=PLNFjLfN9Xs1xO15E_tW1XbKjvWJhmIrg3&amp;index=16&quot;,&quot;video_type&quot;:&quot;youtube&quot;,&quot;controls&quot;:&quot;yes&quot;}\" data-widget_type=\"video.default\">\n\t\t\t\t<div class=\"elementor-widget-container\">\n\t\t\t\t\t\t\t<div class=\"elementor-wrapper elementor-open-inline\">\n\t\t\t<div class=\"elementor-video\"><\/div>\t\t<\/div>\n\t\t\t\t\t\t<\/div>\n\t\t\t\t<\/div>\n\t\t\t\t\t<\/div>\n\t\t\t\t<\/div>\n\t\t<div class=\"elementor-element elementor-element-a7eb975 e-flex e-con-boxed e-con e-parent\" data-id=\"a7eb975\" data-element_type=\"container\">\n\t\t\t\t\t<div class=\"e-con-inner\">\n\t\t\t\t<div class=\"elementor-element elementor-element-6763baa4 elementor-widget elementor-widget-html\" data-id=\"6763baa4\" data-element_type=\"widget\" data-widget_type=\"html.default\">\n\t\t\t\t<div class=\"elementor-widget-container\">\n\t\t\t\t\t<section>\n  <h2>Introdu\u00e7\u00e3o<\/h2>\n  <p>Ol\u00e1, sou o advogado Dr. Rodrigo Terra\nde Souza respons\u00e1vel pela AFT Advocacia, um escrit\u00f3rio que se dedica a oferecer solu\u00e7\u00f5es jur\u00eddicas inovadoras e personalizadas. Hoje, quero compartilhar com voc\u00eas insights valiosos sobre um tema que tem se tornado cada vez mais relevante no mundo corporativo: o papel do estagi\u00e1rio nas empresas. Neste artigo, vamos mergulhar em uma discuss\u00e3o profunda sobre os benef\u00edcios e restri\u00e7\u00f5es associados \u00e0 contrata\u00e7\u00e3o de estagi\u00e1rios, explorando como essas pr\u00e1ticas podem impactar positivamente o ambiente de trabalho e contribuir para o desenvolvimento de futuros profissionais.<\/p>\n  <p>Ao longo deste texto, voc\u00ea ter\u00e1 a oportunidade de entender melhor a legisla\u00e7\u00e3o que rege os est\u00e1gios no Brasil, bem como as melhores pr\u00e1ticas para integrar estagi\u00e1rios \u00e0 sua equipe de maneira eficaz e \u00e9tica. Vamos analisar, com base em refer\u00eancias confi\u00e1veis e na minha pr\u00f3pria experi\u00eancia, como a inclus\u00e3o de estagi\u00e1rios pode ser uma estrat\u00e9gia valiosa para empresas que buscam inova\u00e7\u00e3o e diversidade em suas equipes. Al\u00e9m disso, discutiremos a import\u00e2ncia de oferecer um ambiente de aprendizado enriquecedor para os estagi\u00e1rios, garantindo que essa experi\u00eancia seja mutuamente ben\u00e9fica.<\/p>\n  <p>Prepare-se para uma leitura esclarecedora que n\u00e3o s\u00f3 destacar\u00e1 os aspectos legais e pr\u00e1ticos da contrata\u00e7\u00e3o de estagi\u00e1rios, mas tamb\u00e9m oferecer\u00e1 uma vis\u00e3o sobre como cultivar um relacionamento produtivo e positivo com esses futuros profissionais. Seja voc\u00ea um gestor procurando otimizar sua equipe, um estudante em busca de oportunidades de est\u00e1gio, ou simplesmente algu\u00e9m interessado em pr\u00e1ticas de gest\u00e3o de recursos humanos, este artigo \u00e9 para voc\u00ea.<\/p>\n<\/section>\n\t\t\t\t<\/div>\n\t\t\t\t<\/div>\n\t\t\t\t\t<\/div>\n\t\t\t\t<\/div>\n\t\t<div class=\"elementor-element elementor-element-4596872e e-flex e-con-boxed e-con e-parent\" data-id=\"4596872e\" data-element_type=\"container\">\n\t\t\t\t\t<div class=\"e-con-inner\">\n\t\t\t\t<div class=\"elementor-element elementor-element-73acbab2 elementor-widget elementor-widget-image\" data-id=\"73acbab2\" data-element_type=\"widget\" data-widget_type=\"image.default\">\n\t\t\t\t<div class=\"elementor-widget-container\">\n\t\t\t\t\t\t\t\t\t\t\t\t\t\t\t<img fetchpriority=\"high\" decoding=\"async\" width=\"800\" height=\"457\" src=\"https:\/\/aftadvocacia.adv.br\/wordpressfoto\/wp-content\/uploads\/2024\/01\/DALL\u00b7E-2024-02-07-15.55.28-Imagine-a-vibrant-and-inspiring-scene-that-symbolizes-the-beginning-of-a-professional-journey-through-an-internship-contract.-In-the-center-a-confide-1024x585.webp\" class=\"attachment-large size-large wp-image-3054\" alt=\"\" srcset=\"https:\/\/aftadvocacia.adv.br\/wordpressfoto\/wp-content\/uploads\/2024\/01\/DALL\u00b7E-2024-02-07-15.55.28-Imagine-a-vibrant-and-inspiring-scene-that-symbolizes-the-beginning-of-a-professional-journey-through-an-internship-contract.-In-the-center-a-confide-1024x585.webp 1024w, https:\/\/aftadvocacia.adv.br\/wordpressfoto\/wp-content\/uploads\/2024\/01\/DALL\u00b7E-2024-02-07-15.55.28-Imagine-a-vibrant-and-inspiring-scene-that-symbolizes-the-beginning-of-a-professional-journey-through-an-internship-contract.-In-the-center-a-confide-300x171.webp 300w, https:\/\/aftadvocacia.adv.br\/wordpressfoto\/wp-content\/uploads\/2024\/01\/DALL\u00b7E-2024-02-07-15.55.28-Imagine-a-vibrant-and-inspiring-scene-that-symbolizes-the-beginning-of-a-professional-journey-through-an-internship-contract.-In-the-center-a-confide-768x439.webp 768w, https:\/\/aftadvocacia.adv.br\/wordpressfoto\/wp-content\/uploads\/2024\/01\/DALL\u00b7E-2024-02-07-15.55.28-Imagine-a-vibrant-and-inspiring-scene-that-symbolizes-the-beginning-of-a-professional-journey-through-an-internship-contract.-In-the-center-a-confide-1536x878.webp 1536w, https:\/\/aftadvocacia.adv.br\/wordpressfoto\/wp-content\/uploads\/2024\/01\/DALL\u00b7E-2024-02-07-15.55.28-Imagine-a-vibrant-and-inspiring-scene-that-symbolizes-the-beginning-of-a-professional-journey-through-an-internship-contract.-In-the-center-a-confide.webp 1792w\" sizes=\"(max-width: 800px) 100vw, 800px\" \/>\t\t\t\t\t\t\t\t\t\t\t\t\t\t\t<\/div>\n\t\t\t\t<\/div>\n\t\t\t\t<div class=\"elementor-element elementor-element-74780c84 elementor-widget elementor-widget-html\" data-id=\"74780c84\" data-element_type=\"widget\" data-widget_type=\"html.default\">\n\t\t\t\t<div class=\"elementor-widget-container\">\n\t\t\t\t\t<blockquote style=\"font-size: 20px; border: 1px solid; text-align: center; font-style: italic; line-height: normal; padding: 10px; margin: 20px;\">\n    \n    \n\n    <p style=\"font-style: italic;\">\"O contrato de est\u00e1gio \u00e9 uma modalidade especial, que se diferencia significativamente de um contrato de trabalho tradicional.\"<\/p>\n\n\n    \n\n<\/blockquote>\t\t\t\t<\/div>\n\t\t\t\t<\/div>\n\t\t\t\t\t<\/div>\n\t\t\t\t<\/div>\n\t\t<div class=\"elementor-element elementor-element-6ebdc253 e-flex e-con-boxed e-con e-parent\" data-id=\"6ebdc253\" data-element_type=\"container\">\n\t\t\t\t\t<div class=\"e-con-inner\">\n\t\t\t\t<div class=\"elementor-element elementor-element-69fc981f elementor-widget elementor-widget-html\" data-id=\"69fc981f\" data-element_type=\"widget\" data-widget_type=\"html.default\">\n\t\t\t\t<div class=\"elementor-widget-container\">\n\t\t\t\t\t<section>\n  <h2>Introdu\u00e7\u00e3o ao Tema<\/h2>\n  <p>A integra\u00e7\u00e3o de estagi\u00e1rios em uma empresa \u00e9 uma pr\u00e1tica comum, mas que carrega consigo uma s\u00e9rie de benef\u00edcios e restri\u00e7\u00f5es. No cora\u00e7\u00e3o dessa pr\u00e1tica est\u00e1 a oportunidade de moldar futuros profissionais, ao mesmo tempo em que se beneficia de sua disposi\u00e7\u00e3o para aprender e contribuir. Em nossa experi\u00eancia na AFT Advocacia, estagi\u00e1rios trazem uma mistura \u00fanica de curiosidade e inova\u00e7\u00e3o que pode desafiar as normas estabelecidas e incentivar uma cultura de melhoria cont\u00ednua.<\/p>\n\n  <h2>Contexto Jur\u00eddico<\/h2>\n  <p>Do ponto de vista legal, a contrata\u00e7\u00e3o de estagi\u00e1rios \u00e9 cercada por uma legisla\u00e7\u00e3o espec\u00edfica que visa proteger tanto o estagi\u00e1rio quanto a empresa. \u00c9 crucial entender essas leis para garantir uma rela\u00e7\u00e3o de trabalho ben\u00e9fica e conforme \u00e0s normas. Na AFT Advocacia, nos esfor\u00e7amos para n\u00e3o apenas cumprir com essas regulamenta\u00e7\u00f5es, mas tamb\u00e9m para assegurar que cada estagi\u00e1rio receba uma experi\u00eancia de aprendizado rica e abrangente.<\/p>\n\n  <h2>Perguntas e Respostas<\/h2>\n  <p>Durante a entrevista, discutimos v\u00e1rias quest\u00f5es importantes sobre a contrata\u00e7\u00e3o de estagi\u00e1rios. Uma pergunta comum \u00e9 sobre os limites das tarefas que podem ser atribu\u00eddas a eles. \u00c9 fundamental entender que, embora os estagi\u00e1rios possam realizar uma ampla gama de atividades, essas tarefas devem sempre estar alinhadas com seus objetivos de aprendizado.<\/p>\n\n  <h2>Casos Pr\u00e1ticos<\/h2>\n  <p>Ao longo dos anos, vimos muitos casos de sucesso onde estagi\u00e1rios se tornaram membros valiosos da equipe, trazendo novas ideias e abordagens para desafios antigos. Esses casos pr\u00e1ticos n\u00e3o apenas ilustram o potencial dos estagi\u00e1rios, mas tamb\u00e9m destacam a import\u00e2ncia de um bom programa de est\u00e1gio que apoie seu desenvolvimento.<\/p>\n\n  <h2>Dicas Legais<\/h2>\n  <p>Para empresas que est\u00e3o considerando integrar estagi\u00e1rios em suas equipes, \u00e9 essencial estar ciente das obriga\u00e7\u00f5es legais, como a necessidade de um supervisor qualificado, a limita\u00e7\u00e3o das horas de trabalho e a adequa\u00e7\u00e3o das tarefas ao campo de estudo do estagi\u00e1rio. Essas dicas legais s\u00e3o cruciais para criar um ambiente de est\u00e1gio produtivo e conforme \u00e0 lei.<\/p>\n\n  <h2>Tend\u00eancias na Advocacia<\/h2>\n  <p>A advocacia, como muitas outras profiss\u00f5es, est\u00e1 evoluindo, e os estagi\u00e1rios desempenham um papel crucial nessa transforma\u00e7\u00e3o. Eles trazem consigo conhecimento das \u00faltimas tend\u00eancias e tecnologias, o que pode ser extremamente valioso para empresas que buscam se manter atualizadas e competitivas.<\/p>\n<\/section>\n\t\t\t\t<\/div>\n\t\t\t\t<\/div>\n\t\t\t\t\t<\/div>\n\t\t\t\t<\/div>\n\t\t<div class=\"elementor-element elementor-element-48e48aa3 e-flex e-con-boxed e-con e-parent\" data-id=\"48e48aa3\" data-element_type=\"container\">\n\t\t\t\t\t<div class=\"e-con-inner\">\n\t\t\t\t<div class=\"elementor-element elementor-element-3a7aa1a0 elementor-widget elementor-widget-image\" data-id=\"3a7aa1a0\" data-element_type=\"widget\" data-widget_type=\"image.default\">\n\t\t\t\t<div class=\"elementor-widget-container\">\n\t\t\t\t\t\t\t\t\t\t\t\t\t\t\t<img decoding=\"async\" width=\"800\" height=\"457\" src=\"https:\/\/aftadvocacia.adv.br\/wordpressfoto\/wp-content\/uploads\/2024\/01\/DALL\u00b7E-2024-02-07-16.09.25-A-dynamic-and-engaging-cover-image-for-a-blog-post-by-a-marketing-agency-focusing-on-the-unique-aspects-of-internship-contracts-compared-to-tradition-1024x585.webp\" class=\"attachment-large size-large wp-image-3055\" alt=\"\" srcset=\"https:\/\/aftadvocacia.adv.br\/wordpressfoto\/wp-content\/uploads\/2024\/01\/DALL\u00b7E-2024-02-07-16.09.25-A-dynamic-and-engaging-cover-image-for-a-blog-post-by-a-marketing-agency-focusing-on-the-unique-aspects-of-internship-contracts-compared-to-tradition-1024x585.webp 1024w, https:\/\/aftadvocacia.adv.br\/wordpressfoto\/wp-content\/uploads\/2024\/01\/DALL\u00b7E-2024-02-07-16.09.25-A-dynamic-and-engaging-cover-image-for-a-blog-post-by-a-marketing-agency-focusing-on-the-unique-aspects-of-internship-contracts-compared-to-tradition-300x171.webp 300w, https:\/\/aftadvocacia.adv.br\/wordpressfoto\/wp-content\/uploads\/2024\/01\/DALL\u00b7E-2024-02-07-16.09.25-A-dynamic-and-engaging-cover-image-for-a-blog-post-by-a-marketing-agency-focusing-on-the-unique-aspects-of-internship-contracts-compared-to-tradition-768x439.webp 768w, https:\/\/aftadvocacia.adv.br\/wordpressfoto\/wp-content\/uploads\/2024\/01\/DALL\u00b7E-2024-02-07-16.09.25-A-dynamic-and-engaging-cover-image-for-a-blog-post-by-a-marketing-agency-focusing-on-the-unique-aspects-of-internship-contracts-compared-to-tradition-1536x878.webp 1536w, https:\/\/aftadvocacia.adv.br\/wordpressfoto\/wp-content\/uploads\/2024\/01\/DALL\u00b7E-2024-02-07-16.09.25-A-dynamic-and-engaging-cover-image-for-a-blog-post-by-a-marketing-agency-focusing-on-the-unique-aspects-of-internship-contracts-compared-to-tradition.webp 1792w\" sizes=\"(max-width: 800px) 100vw, 800px\" \/>\t\t\t\t\t\t\t\t\t\t\t\t\t\t\t<\/div>\n\t\t\t\t<\/div>\n\t\t\t\t<div class=\"elementor-element elementor-element-19a7bdfd elementor-widget elementor-widget-html\" data-id=\"19a7bdfd\" data-element_type=\"widget\" data-widget_type=\"html.default\">\n\t\t\t\t<div class=\"elementor-widget-container\">\n\t\t\t\t\t<blockquote style=\"font-size: 20px; border: 1px solid; text-align: center; font-style: italic; line-height: normal; padding: 10px; margin: 20px;\">\n    \n     \"Estagi\u00e1rios s\u00e3o quatro numa rela\u00e7\u00e3o qu\u00e1drupla: unidade concedente, unidade de intermedia\u00e7\u00e3o, institui\u00e7\u00e3o de ensino e o estagi\u00e1rio.\"<\/p>\n<\/blockquote>\n\n    \n\n<\/blockquote>\t\t\t\t<\/div>\n\t\t\t\t<\/div>\n\t\t\t\t\t<\/div>\n\t\t\t\t<\/div>\n\t\t<div class=\"elementor-element elementor-element-1cbff442 e-flex e-con-boxed e-con e-parent\" data-id=\"1cbff442\" data-element_type=\"container\">\n\t\t\t\t\t<div class=\"e-con-inner\">\n\t\t\t\t<div class=\"elementor-element elementor-element-33e44520 elementor-widget elementor-widget-html\" data-id=\"33e44520\" data-element_type=\"widget\" data-widget_type=\"html.default\">\n\t\t\t\t<div class=\"elementor-widget-container\">\n\t\t\t\t\t<section>\n  <h2>An\u00e1lise complementar, com base na internet:<\/h2>\n  \n  <h3>Benef\u00edcios para Estagi\u00e1rio: Quais Podem Ser Oferecidos?<\/h3>\n  <p>A discuss\u00e3o sobre os benef\u00edcios que podem ser oferecidos aos estagi\u00e1rios, conforme abordado no artigo da Oitchau, \u00e9 fundamental para entendermos a import\u00e2ncia de um ambiente de trabalho que valorize o aprendizado e o desenvolvimento profissional. Este artigo refor\u00e7a a ideia de que, apesar de n\u00e3o existir um v\u00ednculo empregat\u00edcio formal, os estagi\u00e1rios t\u00eam direitos que precisam ser respeitados e valorizados. Isso inclui a possibilidade de receber benef\u00edcios que contribuam para seu crescimento e bem-estar. A Lei do Est\u00e1gio (Lei 11.788) \u00e9 clara ao estabelecer que o est\u00e1gio deve ser uma extens\u00e3o do aprendizado acad\u00eamico, proporcionando ao estudante uma experi\u00eancia pr\u00e1tica que complemente sua forma\u00e7\u00e3o. Este ponto de vista \u00e9 essencial para empresas que buscam n\u00e3o apenas cumprir com suas obriga\u00e7\u00f5es legais, mas tamb\u00e9m criar um ambiente de trabalho positivo e prop\u00edcio ao desenvolvimento de novos talentos.<\/p>\n  <p>Al\u00e9m disso, a abordagem sobre benef\u00edcios para estagi\u00e1rios destaca a import\u00e2ncia de uma pol\u00edtica de est\u00e1gio bem estruturada, que reconhe\u00e7a o valor que os estagi\u00e1rios trazem para a empresa. Ao oferecer benef\u00edcios como aux\u00edlio-transporte, bolsa-aux\u00edlio compat\u00edvel e at\u00e9 mesmo oportunidades de treinamento e desenvolvimento, as empresas n\u00e3o s\u00f3 cumprem com a legisla\u00e7\u00e3o, mas tamb\u00e9m investem no futuro do mercado de trabalho. Essa pr\u00e1tica demonstra um compromisso com a forma\u00e7\u00e3o de profissionais qualificados e adaptados \u00e0s necessidades do mercado, refor\u00e7ando a imagem da empresa como um local desej\u00e1vel para iniciar uma carreira.<\/p>\n  \n  <h3>Contrata\u00e7\u00e3o de Estagi\u00e1rio: Entenda a Import\u00e2ncia para Empresas<\/h3>\n  <p>O artigo publicado pela Omint destaca a import\u00e2ncia estrat\u00e9gica da contrata\u00e7\u00e3o de estagi\u00e1rios para as empresas. A vis\u00e3o apresentada refor\u00e7a o conceito de que estagi\u00e1rios n\u00e3o s\u00e3o apenas aprendizes, mas sim contribuintes valiosos que podem trazer novas ideias e perspectivas para o ambiente corporativo. A contrata\u00e7\u00e3o de estagi\u00e1rios \u00e9 apresentada como uma oportunidade para as empresas constru\u00edrem equipes mais diversificadas e inovadoras, alinhadas com as tend\u00eancias atuais do mercado de trabalho. Este ponto de vista \u00e9 crucial para entendermos que o est\u00e1gio vai al\u00e9m de uma obriga\u00e7\u00e3o legal ou de um simples programa de forma\u00e7\u00e3o; \u00e9 uma estrat\u00e9gia de neg\u00f3cios que pode influenciar positivamente a cultura organizacional e o desempenho da empresa no longo prazo.<\/p>\n  <p>A \u00eanfase na pluralidade e na inova\u00e7\u00e3o que os estagi\u00e1rios podem trazer para as empresas \u00e9 um lembrete importante de que o investimento em programas de est\u00e1gio de qualidade \u00e9 um investimento no futuro. Ao proporcionar um ambiente que estimula o aprendizado e o desenvolvimento profissional dos estagi\u00e1rios, as empresas n\u00e3o apenas se beneficiam de sua contribui\u00e7\u00e3o imediata, mas tamb\u00e9m cultivam potenciais futuros l\u00edderes que j\u00e1 estar\u00e3o familiarizados com os valores e objetivos da organiza\u00e7\u00e3o. Este artigo complementa a discuss\u00e3o ao destacar que a contrata\u00e7\u00e3o de estagi\u00e1rios, quando feita de forma estrat\u00e9gica, pode ser um diferencial competitivo para as empresas no mercado.<\/p>\n  \n  <h3>Como Contratar um Estagi\u00e1rio da Forma Correta<\/h3>\n  <p>O v\u00eddeo de Michelle Coelho oferece uma vis\u00e3o pr\u00e1tica sobre o processo de contrata\u00e7\u00e3o de estagi\u00e1rios, abordando desde a conformidade legal at\u00e9 as melhores pr\u00e1ticas para integrar estagi\u00e1rios \u00e0 equipe. A abordagem detalhada e orientada para a consultoria trabalhista ressalta a import\u00e2ncia de um processo de contrata\u00e7\u00e3o bem estruturado, que n\u00e3o apenas atenda \u00e0s exig\u00eancias legais, mas tamb\u00e9m prepare o terreno para uma experi\u00eancia de est\u00e1gio enriquecedora para ambas as partes. Este conte\u00fado refor\u00e7a o argumento de que entender as nuances legais e as melhores pr\u00e1ticas de gest\u00e3o de estagi\u00e1rios \u00e9 crucial para maximizar os benef\u00edcios dessa rela\u00e7\u00e3o de trabalho.<\/p>\n  <p>A \u00eanfase na correta integra\u00e7\u00e3o dos estagi\u00e1rios na cultura da empresa e na import\u00e2ncia de alinhar suas tarefas com os objetivos de aprendizado destaca a necessidade de uma abordagem hol\u00edstica para a gest\u00e3o de estagi\u00e1rios. Isso vai ao encontro da ideia de que estagi\u00e1rios, quando bem orientados e apoiados, podem oferecer contribui\u00e7\u00f5es significativas para a empresa. O v\u00eddeo serve como um lembrete valioso de que a contrata\u00e7\u00e3o de estagi\u00e1rios \u00e9 uma oportunidade para as empresas investirem em talentos emergentes, ao mesmo tempo em que cumprem seu papel na forma\u00e7\u00e3o de futuros profissionais.<\/p>\n  \n  <h3>Leis de Est\u00e1gio: D\u00favidas Frequentes<\/h3>\n  <p>O v\u00eddeo da Companhia de Est\u00e1gios aborda as d\u00favidas mais comuns relacionadas \u00e0s leis de est\u00e1gio, oferecendo esclarecimentos importantes tanto para empresas quanto para estagi\u00e1rios. A discuss\u00e3o sobre direitos e deveres clarifica aspectos fundamentais da legisla\u00e7\u00e3o de est\u00e1gio, contribuindo para uma compreens\u00e3o mais profunda das responsabilidades de cada parte. Este conte\u00fado \u00e9 particularmente valioso para refor\u00e7ar a import\u00e2ncia de uma rela\u00e7\u00e3o de est\u00e1gio transparente e conforme \u00e0 lei, onde os direitos dos estagi\u00e1rios s\u00e3o respeitados e as empresas podem se beneficiar plenamente de suas contribui\u00e7\u00f5es.<\/p>\n  <p>A abordagem informativa e direta utilizada no v\u00eddeo ajuda a desmistificar a legisla\u00e7\u00e3o de est\u00e1gio, tornando-a mais acess\u00edvel para todos os envolvidos. Isso \u00e9 essencial para promover um ambiente de est\u00e1gio saud\u00e1vel e produtivo, onde os estagi\u00e1rios se sentem valorizados e as empresas est\u00e3o seguras de sua conformidade legal. Ao esclarecer d\u00favidas comuns e destacar as melhores pr\u00e1ticas, este v\u00eddeo complementa a discuss\u00e3o ao enfatizar a import\u00e2ncia de uma gest\u00e3o de est\u00e1gio consciente e respons\u00e1vel.<\/p>\n  \n  <h4>Refer\u00eancias<\/h4>\n  <ul>\n    <li><a href=\"https:\/\/www.oitchau.com.br\/blog\/beneficios-para-estagiarios-entenda\/\" target=\"_blank\">\"Benef\u00edcios para estagi\u00e1rio: quais podem ser oferecidos?\" Oitchau.<\/a><\/li>\n    <li><a href=\"https:\/\/www.omint.com.br\/blog\/contratacao-de-estagiario-entenda-a-importancia-para-empresas\/\" target=\"_blank\">\"Contrata\u00e7\u00e3o de estagi\u00e1rio: entenda a import\u00e2ncia para empresas.\" Omint.<\/a><\/li>\n    <li><a href=\"https:\/\/www.youtube.com\/watch?v=R5vff2V2lK4\" target=\"_blank\">\"Como contratar um Estagi\u00e1rio da forma correta.\" YouTube, apresentado por Michelle Coelho.<\/a><\/li>\n    <li><a href=\"https:\/\/www.youtube.com\/watch?v=bdxEfYTdMiw\" target=\"_blank\">\"LEIS DE EST\u00c1GIO: D\u00daVIDAS FREQUENTES | Companhia de Est\u00e1gios.\" YouTube, apresentado pela Companhia de Est\u00e1gios.<\/a><\/li>\n  <\/ul>\n<\/section>\n\t\t\t\t<\/div>\n\t\t\t\t<\/div>\n\t\t\t\t\t<\/div>\n\t\t\t\t<\/div>\n\t\t<div class=\"elementor-element elementor-element-13942cc2 e-flex e-con-boxed e-con e-parent\" data-id=\"13942cc2\" data-element_type=\"container\">\n\t\t\t\t\t<div class=\"e-con-inner\">\n\t\t\t\t<div class=\"elementor-element elementor-element-6a77e1ed elementor-widget elementor-widget-image\" data-id=\"6a77e1ed\" data-element_type=\"widget\" data-widget_type=\"image.default\">\n\t\t\t\t<div class=\"elementor-widget-container\">\n\t\t\t\t\t\t\t\t\t\t\t\t\t\t\t<img decoding=\"async\" width=\"800\" height=\"457\" src=\"https:\/\/aftadvocacia.adv.br\/wordpressfoto\/wp-content\/uploads\/2024\/01\/DALL\u00b7E-2024-02-07-16.12.05-Imagine-a-professional-and-engaging-cover-image-for-a-blog-post-for-a-marketing-agency.-The-image-should-visually-represent-the-theme-of-internship-la-1024x585.webp\" class=\"attachment-large size-large wp-image-3057\" alt=\"\" srcset=\"https:\/\/aftadvocacia.adv.br\/wordpressfoto\/wp-content\/uploads\/2024\/01\/DALL\u00b7E-2024-02-07-16.12.05-Imagine-a-professional-and-engaging-cover-image-for-a-blog-post-for-a-marketing-agency.-The-image-should-visually-represent-the-theme-of-internship-la-1024x585.webp 1024w, https:\/\/aftadvocacia.adv.br\/wordpressfoto\/wp-content\/uploads\/2024\/01\/DALL\u00b7E-2024-02-07-16.12.05-Imagine-a-professional-and-engaging-cover-image-for-a-blog-post-for-a-marketing-agency.-The-image-should-visually-represent-the-theme-of-internship-la-300x171.webp 300w, https:\/\/aftadvocacia.adv.br\/wordpressfoto\/wp-content\/uploads\/2024\/01\/DALL\u00b7E-2024-02-07-16.12.05-Imagine-a-professional-and-engaging-cover-image-for-a-blog-post-for-a-marketing-agency.-The-image-should-visually-represent-the-theme-of-internship-la-768x439.webp 768w, https:\/\/aftadvocacia.adv.br\/wordpressfoto\/wp-content\/uploads\/2024\/01\/DALL\u00b7E-2024-02-07-16.12.05-Imagine-a-professional-and-engaging-cover-image-for-a-blog-post-for-a-marketing-agency.-The-image-should-visually-represent-the-theme-of-internship-la-1536x878.webp 1536w, https:\/\/aftadvocacia.adv.br\/wordpressfoto\/wp-content\/uploads\/2024\/01\/DALL\u00b7E-2024-02-07-16.12.05-Imagine-a-professional-and-engaging-cover-image-for-a-blog-post-for-a-marketing-agency.-The-image-should-visually-represent-the-theme-of-internship-la.webp 1792w\" sizes=\"(max-width: 800px) 100vw, 800px\" \/>\t\t\t\t\t\t\t\t\t\t\t\t\t\t\t<\/div>\n\t\t\t\t<\/div>\n\t\t\t\t<div class=\"elementor-element elementor-element-174228f3 elementor-widget elementor-widget-html\" data-id=\"174228f3\" data-element_type=\"widget\" data-widget_type=\"html.default\">\n\t\t\t\t<div class=\"elementor-widget-container\">\n\t\t\t\t\t<blockquote style=\"font-size: 20px; border: 1px solid; text-align: center; font-style: italic; line-height: normal; padding: 10px; margin: 20px;\">\n    \n    \n   \n    <p style=\"font-style: italic;\">\"A lei n\u00e3o s\u00f3 protege os estagi\u00e1rios, garantindo que eles tenham uma experi\u00eancia de aprendizado segura e produtiva, mas tamb\u00e9m assegura que as empresas se beneficiem de um processo de est\u00e1gio legalmente estruturado e eficaz.\"<\/p>\n<\/blockquote>\n\n    \n\n<\/blockquote>\t\t\t\t<\/div>\n\t\t\t\t<\/div>\n\t\t\t\t\t<\/div>\n\t\t\t\t<\/div>\n\t\t<div class=\"elementor-element elementor-element-12251dca e-flex e-con-boxed e-con e-parent\" data-id=\"12251dca\" data-element_type=\"container\">\n\t\t\t\t\t<div class=\"e-con-inner\">\n\t\t\t\t<div class=\"elementor-element elementor-element-36edc2c1 elementor-widget elementor-widget-html\" data-id=\"36edc2c1\" data-element_type=\"widget\" data-widget_type=\"html.default\">\n\t\t\t\t<div class=\"elementor-widget-container\">\n\t\t\t\t\t<section>\n  <h2>Conclus\u00e3o<\/h2>\n  <p>Ao longo deste artigo, exploramos diversos aspectos relacionados ao papel do estagi\u00e1rio nas empresas, destacando tanto os benef\u00edcios quanto as restri\u00e7\u00f5es impostas pela legisla\u00e7\u00e3o brasileira. Vimos que, quando bem geridos, os programas de est\u00e1gio podem ser extremamente vantajosos para ambas as partes: empresas e estagi\u00e1rios. As empresas se beneficiam da energia, das novas ideias e da perspectiva fresca que os estagi\u00e1rios trazem, enquanto os estagi\u00e1rios ganham experi\u00eancia pr\u00e1tica valiosa, aprendizado e a oportunidade de desenvolver suas habilidades em um ambiente profissional real.<\/p>\n  <p>Refletindo sobre as pr\u00e1ticas recomendadas para a contrata\u00e7\u00e3o e gest\u00e3o de estagi\u00e1rios, fica claro que a chave para um programa de est\u00e1gio de sucesso reside no equil\u00edbrio entre as necessidades educacionais do estagi\u00e1rio e as demandas operacionais da empresa. Isso requer uma compreens\u00e3o profunda das leis de est\u00e1gio, bem como um compromisso com a cria\u00e7\u00e3o de um ambiente que favore\u00e7a o crescimento e o aprendizado. Ao implementar essas pr\u00e1ticas, as empresas n\u00e3o apenas cumprem com suas obriga\u00e7\u00f5es legais, mas tamb\u00e9m contribuem significativamente para a forma\u00e7\u00e3o de profissionais qualificados e preparados para os desafios do mercado de trabalho.<\/p>\n  <p>Em \u00faltima an\u00e1lise, o est\u00e1gio \u00e9 uma via de m\u00e3o dupla, onde o comprometimento e a abertura para o aprendizado devem ser valorizados tanto pelos estagi\u00e1rios quanto pelos empregadores. Como advogado e gestor, acredito firmemente no poder dos est\u00e1gios como uma ferramenta de desenvolvimento profissional e pessoal. Encorajo as empresas a verem os estagi\u00e1rios n\u00e3o como m\u00e3o de obra barata, mas como investimentos a longo prazo que podem trazer inova\u00e7\u00e3o e crescimento. Da mesma forma, os estagi\u00e1rios devem aproveitar ao m\u00e1ximo essa oportunidade para absorver conhecimento, desenvolver compet\u00eancias e construir uma rede de contatos que os auxiliar\u00e1 em suas futuras carreiras. Juntos, podemos criar um ecossistema de trabalho que valorize o aprendizado cont\u00ednuo e a colabora\u00e7\u00e3o, preparando o caminho para o futuro do mercado de trabalho.<\/p>\n  <p style=\"font-weight: bold; font-size: smaller;\">Esta postagem \u00e9 completamente original, criada a partir do nosso pr\u00f3prio v\u00eddeo, referenciada em informa\u00e7\u00f5es da internet e aprimorada com tecnologia de intelig\u00eancia artificial.<\/p>\n<\/section>\n\t\t\t\t<\/div>\n\t\t\t\t<\/div>\n\t\t\t\t\t<\/div>\n\t\t\t\t<\/div>\n\t\t<div class=\"elementor-element elementor-element-3f4358a3 e-flex e-con-boxed e-con e-parent\" data-id=\"3f4358a3\" data-element_type=\"container\">\n\t\t\t\t\t<div class=\"e-con-inner\">\n\t\t\t\t<div class=\"elementor-element elementor-element-3d2439c elementor-widget elementor-widget-html\" data-id=\"3d2439c\" data-element_type=\"widget\" data-widget_type=\"html.default\">\n\t\t\t\t<div class=\"elementor-widget-container\">\n\t\t\t\t\t<section>\n  <h3>Perguntas frequentes<\/h3>\n  <h4>Qual \u00e9 a principal legisla\u00e7\u00e3o que rege os est\u00e1gios no Brasil?<\/h4>\n  <p>A principal legisla\u00e7\u00e3o que rege os est\u00e1gios no Brasil \u00e9 a Lei n\u00ba 11.788, de 25 de setembro de 2008, conhecida como Lei do Est\u00e1gio. Ela estabelece as diretrizes para a realiza\u00e7\u00e3o de est\u00e1gios, visando \u00e0 prepara\u00e7\u00e3o do estudante para o mercado de trabalho e para a vida cidad\u00e3.<\/p>\n  \n  <h4>Quais s\u00e3o os benef\u00edcios de contratar estagi\u00e1rios para as empresas?<\/h4>\n  <p>Contratar estagi\u00e1rios traz diversos benef\u00edcios para as empresas, incluindo a inje\u00e7\u00e3o de novas ideias e perspectivas, a oportunidade de cultivar talentos potenciais desde cedo e a possibilidade de contribuir para a forma\u00e7\u00e3o de futuros profissionais. Al\u00e9m disso, estagi\u00e1rios podem trazer entusiasmo e uma disposi\u00e7\u00e3o para aprender que pode revitalizar as equipes.<\/p>\n  \n  <h4>Estagi\u00e1rios t\u00eam direito a benef\u00edcios como funcion\u00e1rios regulares?<\/h4>\n  <p>Embora os estagi\u00e1rios n\u00e3o tenham um v\u00ednculo empregat\u00edcio com a empresa, eles t\u00eam direito a uma bolsa-aux\u00edlio, aux\u00edlio-transporte e, em alguns casos, outros benef\u00edcios que a empresa opte por oferecer, conforme estabelecido pela Lei do Est\u00e1gio. O objetivo \u00e9 garantir que o estagi\u00e1rio receba suporte adequado durante seu per\u00edodo de aprendizado.<\/p>\n  \n  <h4>Como uma empresa pode criar um programa de est\u00e1gio de sucesso?<\/h4>\n  <p>Para criar um programa de est\u00e1gio de sucesso, uma empresa deve alinhar as atividades de est\u00e1gio com os objetivos educacionais do estagi\u00e1rio, oferecer supervis\u00e3o e mentoria adequadas, e garantir a integra\u00e7\u00e3o do estagi\u00e1rio \u00e0 equipe. \u00c9 importante tamb\u00e9m respeitar a legisla\u00e7\u00e3o vigente, oferecendo uma bolsa-aux\u00edlio justa e condi\u00e7\u00f5es de trabalho que favore\u00e7am o aprendizado e o desenvolvimento profissional do estagi\u00e1rio.<\/p>\n<\/section>\n\t\t\t\t<\/div>\n\t\t\t\t<\/div>\n\t\t\t\t\t<\/div>\n\t\t\t\t<\/div>\n\t\t\t\t<\/div>\n\t\t","protected":false},"excerpt":{"rendered":"<p>Este artigo da AFT Advogados explora a fundo o contrato de est\u00e1gio no Brasil, abordando a Lei de Est\u00e1gios e suas implica\u00e7\u00f5es para estudantes e empresas. Discutimos os direitos dos estagi\u00e1rios, a import\u00e2ncia da regulamenta\u00e7\u00e3o e como um contrato de est\u00e1gio bem estruturado pode beneficiar todas as partes envolvidas. Al\u00e9m disso, comparamos a Lei do Est\u00e1gio com a Lei do Aprendiz e oferecemos insights valiosos para garantir que os est\u00e1gios sejam conformes com a lei.<\/p>\n","protected":false},"author":3,"featured_media":2860,"comment_status":"open","ping_status":"open","sticky":false,"template":"elementor_theme","format":"standard","meta":{"footnotes":""},"categories":[2],"tags":[19,147,153,150,154,152,155,148,151,156,149],"class_list":["post-2557","post","type-post","status-publish","format-standard","has-post-thumbnail","hentry","category-juridico","tag-aft-advogados","tag-contrato-de-estagio","tag-direitos-estagiarios","tag-estagio-e-educacao","tag-estagio-e-empresa","tag-experiencia-de-estagio","tag-legislacao-de-estagio","tag-lei-de-estagio-brasil","tag-mercado-de-trabalho-jovem","tag-nugget-12","tag-regulamentacao-estagio"],"yoast_head":"<!-- This site is optimized with the Yoast SEO plugin v25.6 - https:\/\/yoast.com\/wordpress\/plugins\/seo\/ -->\n<title>Contrato de Est\u00e1gio no Brasil: Direitos e Orienta\u00e7\u00f5es<\/title>\n<meta name=\"description\" content=\"Descubra tudo sobre o contrato de est\u00e1gio no Brasil com a AFT Advogados. Entenda os direitos dos estagi\u00e1rios, as leis que os regulamentam e como eles impactam estudantes e empresas.\" \/>\n<meta name=\"robots\" content=\"index, follow, max-snippet:-1, max-image-preview:large, max-video-preview:-1\" \/>\n<link rel=\"canonical\" href=\"https:\/\/aftadvocacia.adv.br\/wordpressfoto\/o-papel-do-estagiario-na-empresa-beneficios-e-restricoes\/\" \/>\n<meta property=\"og:locale\" content=\"pt_BR\" \/>\n<meta property=\"og:type\" content=\"article\" \/>\n<meta property=\"og:title\" content=\"Contrato de Est\u00e1gio no Brasil: Direitos e Orienta\u00e7\u00f5es\" \/>\n<meta property=\"og:description\" content=\"Descubra tudo sobre o contrato de est\u00e1gio no Brasil com a AFT Advogados. Entenda os direitos dos estagi\u00e1rios, as leis que os regulamentam e como eles impactam estudantes e empresas.\" \/>\n<meta property=\"og:url\" content=\"https:\/\/aftadvocacia.adv.br\/wordpressfoto\/o-papel-do-estagiario-na-empresa-beneficios-e-restricoes\/\" \/>\n<meta property=\"og:site_name\" content=\"AFT Advocacia: Excel\u00eancia em Advocacia e Consultoria Jur\u00eddica\" \/>\n<meta property=\"article:published_time\" content=\"2024-01-11T21:37:44+00:00\" \/>\n<meta property=\"article:modified_time\" content=\"2024-02-14T12:46:40+00:00\" \/>\n<meta property=\"og:image\" content=\"https:\/\/aftadvocacia.adv.br\/wordpressfoto\/wp-content\/uploads\/2024\/01\/estagiario-aft-advocacia-bento-goncalves-1.webp\" \/>\n\t<meta property=\"og:image:width\" content=\"1024\" \/>\n\t<meta property=\"og:image:height\" content=\"1024\" \/>\n\t<meta property=\"og:image:type\" content=\"image\/webp\" \/>\n<meta name=\"author\" content=\"Rodrigo Terra de Souza\" \/>\n<meta name=\"twitter:card\" content=\"summary_large_image\" \/>\n<meta name=\"twitter:label1\" content=\"Escrito por\" \/>\n\t<meta name=\"twitter:data1\" content=\"Rodrigo Terra de Souza\" \/>\n\t<meta name=\"twitter:label2\" content=\"Est. tempo de leitura\" \/>\n\t<meta name=\"twitter:data2\" content=\"13 minutos\" \/>\n<script type=\"application\/ld+json\" class=\"yoast-schema-graph\">{\"@context\":\"https:\/\/schema.org\",\"@graph\":[{\"@type\":\"Article\",\"@id\":\"https:\/\/aftadvocacia.adv.br\/wordpressfoto\/o-papel-do-estagiario-na-empresa-beneficios-e-restricoes\/#article\",\"isPartOf\":{\"@id\":\"https:\/\/aftadvocacia.adv.br\/wordpressfoto\/o-papel-do-estagiario-na-empresa-beneficios-e-restricoes\/\"},\"author\":{\"name\":\"Rodrigo Terra de Souza\",\"@id\":\"https:\/\/aftadvocacia.adv.br\/wordpressfoto\/#\/schema\/person\/bd48d9b8e7cc72b9dba0f443a269acf6\"},\"headline\":\"O Papel do Estagi\u00e1rio na Empresa: Benef\u00edcios e Restri\u00e7\u00f5es\",\"datePublished\":\"2024-01-11T21:37:44+00:00\",\"dateModified\":\"2024-02-14T12:46:40+00:00\",\"mainEntityOfPage\":{\"@id\":\"https:\/\/aftadvocacia.adv.br\/wordpressfoto\/o-papel-do-estagiario-na-empresa-beneficios-e-restricoes\/\"},\"wordCount\":2479,\"commentCount\":0,\"publisher\":{\"@id\":\"https:\/\/aftadvocacia.adv.br\/wordpressfoto\/#organization\"},\"image\":{\"@id\":\"https:\/\/aftadvocacia.adv.br\/wordpressfoto\/o-papel-do-estagiario-na-empresa-beneficios-e-restricoes\/#primaryimage\"},\"thumbnailUrl\":\"https:\/\/aftadvocacia.adv.br\/wordpressfoto\/wp-content\/uploads\/2024\/01\/estagiario-aft-advocacia-bento-goncalves-1.webp\",\"keywords\":[\"AFT Advogados\",\"contrato de est\u00e1gio\",\"direitos estagi\u00e1rios\",\"est\u00e1gio e educa\u00e7\u00e3o\",\"est\u00e1gio e empresa\",\"experi\u00eancia de est\u00e1gio\",\"legisla\u00e7\u00e3o de est\u00e1gio\",\"lei de est\u00e1gio Brasil\",\"mercado de trabalho jovem\",\"NUGGET 12\",\"regulamenta\u00e7\u00e3o est\u00e1gio\"],\"articleSection\":[\"Jur\u00eddico\"],\"inLanguage\":\"pt-BR\",\"potentialAction\":[{\"@type\":\"CommentAction\",\"name\":\"Comment\",\"target\":[\"https:\/\/aftadvocacia.adv.br\/wordpressfoto\/o-papel-do-estagiario-na-empresa-beneficios-e-restricoes\/#respond\"]}]},{\"@type\":\"WebPage\",\"@id\":\"https:\/\/aftadvocacia.adv.br\/wordpressfoto\/o-papel-do-estagiario-na-empresa-beneficios-e-restricoes\/\",\"url\":\"https:\/\/aftadvocacia.adv.br\/wordpressfoto\/o-papel-do-estagiario-na-empresa-beneficios-e-restricoes\/\",\"name\":\"Contrato de Est\u00e1gio no Brasil: Direitos e Orienta\u00e7\u00f5es\",\"isPartOf\":{\"@id\":\"https:\/\/aftadvocacia.adv.br\/wordpressfoto\/#website\"},\"primaryImageOfPage\":{\"@id\":\"https:\/\/aftadvocacia.adv.br\/wordpressfoto\/o-papel-do-estagiario-na-empresa-beneficios-e-restricoes\/#primaryimage\"},\"image\":{\"@id\":\"https:\/\/aftadvocacia.adv.br\/wordpressfoto\/o-papel-do-estagiario-na-empresa-beneficios-e-restricoes\/#primaryimage\"},\"thumbnailUrl\":\"https:\/\/aftadvocacia.adv.br\/wordpressfoto\/wp-content\/uploads\/2024\/01\/estagiario-aft-advocacia-bento-goncalves-1.webp\",\"datePublished\":\"2024-01-11T21:37:44+00:00\",\"dateModified\":\"2024-02-14T12:46:40+00:00\",\"description\":\"Descubra tudo sobre o contrato de est\u00e1gio no Brasil com a AFT Advogados. Entenda os direitos dos estagi\u00e1rios, as leis que os regulamentam e como eles impactam estudantes e empresas.\",\"breadcrumb\":{\"@id\":\"https:\/\/aftadvocacia.adv.br\/wordpressfoto\/o-papel-do-estagiario-na-empresa-beneficios-e-restricoes\/#breadcrumb\"},\"inLanguage\":\"pt-BR\",\"potentialAction\":[{\"@type\":\"ReadAction\",\"target\":[\"https:\/\/aftadvocacia.adv.br\/wordpressfoto\/o-papel-do-estagiario-na-empresa-beneficios-e-restricoes\/\"]}]},{\"@type\":\"ImageObject\",\"inLanguage\":\"pt-BR\",\"@id\":\"https:\/\/aftadvocacia.adv.br\/wordpressfoto\/o-papel-do-estagiario-na-empresa-beneficios-e-restricoes\/#primaryimage\",\"url\":\"https:\/\/aftadvocacia.adv.br\/wordpressfoto\/wp-content\/uploads\/2024\/01\/estagiario-aft-advocacia-bento-goncalves-1.webp\",\"contentUrl\":\"https:\/\/aftadvocacia.adv.br\/wordpressfoto\/wp-content\/uploads\/2024\/01\/estagiario-aft-advocacia-bento-goncalves-1.webp\",\"width\":1024,\"height\":1024},{\"@type\":\"BreadcrumbList\",\"@id\":\"https:\/\/aftadvocacia.adv.br\/wordpressfoto\/o-papel-do-estagiario-na-empresa-beneficios-e-restricoes\/#breadcrumb\",\"itemListElement\":[{\"@type\":\"ListItem\",\"position\":1,\"name\":\"In\u00edcio\",\"item\":\"https:\/\/aftadvocacia.adv.br\/wordpressfoto\/\"},{\"@type\":\"ListItem\",\"position\":2,\"name\":\"O Papel do Estagi\u00e1rio na Empresa: Benef\u00edcios e Restri\u00e7\u00f5es\"}]},{\"@type\":\"WebSite\",\"@id\":\"https:\/\/aftadvocacia.adv.br\/wordpressfoto\/#website\",\"url\":\"https:\/\/aftadvocacia.adv.br\/wordpressfoto\/\",\"name\":\"AFT Advogados: Excel\u00eancia em Advocacia e Consultoria Jur\u00eddica\",\"description\":\"Com mais de 20 anos de experi\u00eancia, a AFTA Advocacia se destaca pela dedica\u00e7\u00e3o, responsabilidade e compromisso em oferecer solu\u00e7\u00f5es jur\u00eddicas personalizadas. Especializados em Direito Tribut\u00e1rio, Empresarial e diversas outras \u00e1reas, nossa miss\u00e3o \u00e9 satisfazer e superar as expectativas de nossos clientes, atuando com \u00e9tica e compet\u00eancia t\u00e9cnico-jur\u00eddica.\",\"publisher\":{\"@id\":\"https:\/\/aftadvocacia.adv.br\/wordpressfoto\/#organization\"},\"potentialAction\":[{\"@type\":\"SearchAction\",\"target\":{\"@type\":\"EntryPoint\",\"urlTemplate\":\"https:\/\/aftadvocacia.adv.br\/wordpressfoto\/?s={search_term_string}\"},\"query-input\":{\"@type\":\"PropertyValueSpecification\",\"valueRequired\":true,\"valueName\":\"search_term_string\"}}],\"inLanguage\":\"pt-BR\"},{\"@type\":\"Organization\",\"@id\":\"https:\/\/aftadvocacia.adv.br\/wordpressfoto\/#organization\",\"name\":\"AFT Advogados: Excel\u00eancia em Advocacia e Consultoria Jur\u00eddica\",\"url\":\"https:\/\/aftadvocacia.adv.br\/wordpressfoto\/\",\"logo\":{\"@type\":\"ImageObject\",\"inLanguage\":\"pt-BR\",\"@id\":\"https:\/\/aftadvocacia.adv.br\/wordpressfoto\/#\/schema\/logo\/image\/\",\"url\":\"https:\/\/aftadvocacia.adv.br\/wordpressfoto\/wp-content\/uploads\/2024\/01\/Logotipo-com-OAB-aft-advogados-bento-direito.png\",\"contentUrl\":\"https:\/\/aftadvocacia.adv.br\/wordpressfoto\/wp-content\/uploads\/2024\/01\/Logotipo-com-OAB-aft-advogados-bento-direito.png\",\"width\":350,\"height\":184,\"caption\":\"AFT Advogados: Excel\u00eancia em Advocacia e Consultoria Jur\u00eddica\"},\"image\":{\"@id\":\"https:\/\/aftadvocacia.adv.br\/wordpressfoto\/#\/schema\/logo\/image\/\"}},{\"@type\":\"Person\",\"@id\":\"https:\/\/aftadvocacia.adv.br\/wordpressfoto\/#\/schema\/person\/bd48d9b8e7cc72b9dba0f443a269acf6\",\"name\":\"Rodrigo Terra de Souza\",\"image\":{\"@type\":\"ImageObject\",\"inLanguage\":\"pt-BR\",\"@id\":\"https:\/\/aftadvocacia.adv.br\/wordpressfoto\/#\/schema\/person\/image\/\",\"url\":\"https:\/\/secure.gravatar.com\/avatar\/318ae92e70f6dd3715f992db4ba673d498b17671e599b5da50744173bba18e0e?s=96&d=mm&r=g\",\"contentUrl\":\"https:\/\/secure.gravatar.com\/avatar\/318ae92e70f6dd3715f992db4ba673d498b17671e599b5da50744173bba18e0e?s=96&d=mm&r=g\",\"caption\":\"Rodrigo Terra de Souza\"},\"description\":\"Doutor em Ci\u00eancias Jur\u00eddicas e Sociais, p\u00f3s-graduado em Direito Societ\u00e1rio e Gest\u00e3o Empreendedora, com certifica\u00e7\u00e3o em Gest\u00e3o de Riscos e Compliance. Bacharel em Direito e ex-professor de cursos tecnol\u00f3gicos e de gradua\u00e7\u00e3o\",\"url\":\"https:\/\/aftadvocacia.adv.br\/wordpressfoto\/author\/rodrigo\/\"}]}<\/script>\n<!-- \/ Yoast SEO plugin. -->","yoast_head_json":{"title":"Contrato de Est\u00e1gio no Brasil: Direitos e Orienta\u00e7\u00f5es","description":"Descubra tudo sobre o contrato de est\u00e1gio no Brasil com a AFT Advogados. Entenda os direitos dos estagi\u00e1rios, as leis que os regulamentam e como eles impactam estudantes e empresas.","robots":{"index":"index","follow":"follow","max-snippet":"max-snippet:-1","max-image-preview":"max-image-preview:large","max-video-preview":"max-video-preview:-1"},"canonical":"https:\/\/aftadvocacia.adv.br\/wordpressfoto\/o-papel-do-estagiario-na-empresa-beneficios-e-restricoes\/","og_locale":"pt_BR","og_type":"article","og_title":"Contrato de Est\u00e1gio no Brasil: Direitos e Orienta\u00e7\u00f5es","og_description":"Descubra tudo sobre o contrato de est\u00e1gio no Brasil com a AFT Advogados. Entenda os direitos dos estagi\u00e1rios, as leis que os regulamentam e como eles impactam estudantes e empresas.","og_url":"https:\/\/aftadvocacia.adv.br\/wordpressfoto\/o-papel-do-estagiario-na-empresa-beneficios-e-restricoes\/","og_site_name":"AFT Advocacia: Excel\u00eancia em Advocacia e Consultoria Jur\u00eddica","article_published_time":"2024-01-11T21:37:44+00:00","article_modified_time":"2024-02-14T12:46:40+00:00","og_image":[{"width":1024,"height":1024,"url":"https:\/\/aftadvocacia.adv.br\/wordpressfoto\/wp-content\/uploads\/2024\/01\/estagiario-aft-advocacia-bento-goncalves-1.webp","type":"image\/webp"}],"author":"Rodrigo Terra de Souza","twitter_card":"summary_large_image","twitter_misc":{"Escrito por":"Rodrigo Terra de Souza","Est. tempo de leitura":"13 minutos"},"schema":{"@context":"https:\/\/schema.org","@graph":[{"@type":"Article","@id":"https:\/\/aftadvocacia.adv.br\/wordpressfoto\/o-papel-do-estagiario-na-empresa-beneficios-e-restricoes\/#article","isPartOf":{"@id":"https:\/\/aftadvocacia.adv.br\/wordpressfoto\/o-papel-do-estagiario-na-empresa-beneficios-e-restricoes\/"},"author":{"name":"Rodrigo Terra de Souza","@id":"https:\/\/aftadvocacia.adv.br\/wordpressfoto\/#\/schema\/person\/bd48d9b8e7cc72b9dba0f443a269acf6"},"headline":"O Papel do Estagi\u00e1rio na Empresa: Benef\u00edcios e Restri\u00e7\u00f5es","datePublished":"2024-01-11T21:37:44+00:00","dateModified":"2024-02-14T12:46:40+00:00","mainEntityOfPage":{"@id":"https:\/\/aftadvocacia.adv.br\/wordpressfoto\/o-papel-do-estagiario-na-empresa-beneficios-e-restricoes\/"},"wordCount":2479,"commentCount":0,"publisher":{"@id":"https:\/\/aftadvocacia.adv.br\/wordpressfoto\/#organization"},"image":{"@id":"https:\/\/aftadvocacia.adv.br\/wordpressfoto\/o-papel-do-estagiario-na-empresa-beneficios-e-restricoes\/#primaryimage"},"thumbnailUrl":"https:\/\/aftadvocacia.adv.br\/wordpressfoto\/wp-content\/uploads\/2024\/01\/estagiario-aft-advocacia-bento-goncalves-1.webp","keywords":["AFT Advogados","contrato de est\u00e1gio","direitos estagi\u00e1rios","est\u00e1gio e educa\u00e7\u00e3o","est\u00e1gio e empresa","experi\u00eancia de est\u00e1gio","legisla\u00e7\u00e3o de est\u00e1gio","lei de est\u00e1gio Brasil","mercado de trabalho jovem","NUGGET 12","regulamenta\u00e7\u00e3o est\u00e1gio"],"articleSection":["Jur\u00eddico"],"inLanguage":"pt-BR","potentialAction":[{"@type":"CommentAction","name":"Comment","target":["https:\/\/aftadvocacia.adv.br\/wordpressfoto\/o-papel-do-estagiario-na-empresa-beneficios-e-restricoes\/#respond"]}]},{"@type":"WebPage","@id":"https:\/\/aftadvocacia.adv.br\/wordpressfoto\/o-papel-do-estagiario-na-empresa-beneficios-e-restricoes\/","url":"https:\/\/aftadvocacia.adv.br\/wordpressfoto\/o-papel-do-estagiario-na-empresa-beneficios-e-restricoes\/","name":"Contrato de Est\u00e1gio no Brasil: Direitos e Orienta\u00e7\u00f5es","isPartOf":{"@id":"https:\/\/aftadvocacia.adv.br\/wordpressfoto\/#website"},"primaryImageOfPage":{"@id":"https:\/\/aftadvocacia.adv.br\/wordpressfoto\/o-papel-do-estagiario-na-empresa-beneficios-e-restricoes\/#primaryimage"},"image":{"@id":"https:\/\/aftadvocacia.adv.br\/wordpressfoto\/o-papel-do-estagiario-na-empresa-beneficios-e-restricoes\/#primaryimage"},"thumbnailUrl":"https:\/\/aftadvocacia.adv.br\/wordpressfoto\/wp-content\/uploads\/2024\/01\/estagiario-aft-advocacia-bento-goncalves-1.webp","datePublished":"2024-01-11T21:37:44+00:00","dateModified":"2024-02-14T12:46:40+00:00","description":"Descubra tudo sobre o contrato de est\u00e1gio no Brasil com a AFT Advogados. Entenda os direitos dos estagi\u00e1rios, as leis que os regulamentam e como eles impactam estudantes e empresas.","breadcrumb":{"@id":"https:\/\/aftadvocacia.adv.br\/wordpressfoto\/o-papel-do-estagiario-na-empresa-beneficios-e-restricoes\/#breadcrumb"},"inLanguage":"pt-BR","potentialAction":[{"@type":"ReadAction","target":["https:\/\/aftadvocacia.adv.br\/wordpressfoto\/o-papel-do-estagiario-na-empresa-beneficios-e-restricoes\/"]}]},{"@type":"ImageObject","inLanguage":"pt-BR","@id":"https:\/\/aftadvocacia.adv.br\/wordpressfoto\/o-papel-do-estagiario-na-empresa-beneficios-e-restricoes\/#primaryimage","url":"https:\/\/aftadvocacia.adv.br\/wordpressfoto\/wp-content\/uploads\/2024\/01\/estagiario-aft-advocacia-bento-goncalves-1.webp","contentUrl":"https:\/\/aftadvocacia.adv.br\/wordpressfoto\/wp-content\/uploads\/2024\/01\/estagiario-aft-advocacia-bento-goncalves-1.webp","width":1024,"height":1024},{"@type":"BreadcrumbList","@id":"https:\/\/aftadvocacia.adv.br\/wordpressfoto\/o-papel-do-estagiario-na-empresa-beneficios-e-restricoes\/#breadcrumb","itemListElement":[{"@type":"ListItem","position":1,"name":"In\u00edcio","item":"https:\/\/aftadvocacia.adv.br\/wordpressfoto\/"},{"@type":"ListItem","position":2,"name":"O Papel do Estagi\u00e1rio na Empresa: Benef\u00edcios e Restri\u00e7\u00f5es"}]},{"@type":"WebSite","@id":"https:\/\/aftadvocacia.adv.br\/wordpressfoto\/#website","url":"https:\/\/aftadvocacia.adv.br\/wordpressfoto\/","name":"AFT Advogados: Excel\u00eancia em Advocacia e Consultoria Jur\u00eddica","description":"Com mais de 20 anos de experi\u00eancia, a AFTA Advocacia se destaca pela dedica\u00e7\u00e3o, responsabilidade e compromisso em oferecer solu\u00e7\u00f5es jur\u00eddicas personalizadas. Especializados em Direito Tribut\u00e1rio, Empresarial e diversas outras \u00e1reas, nossa miss\u00e3o \u00e9 satisfazer e superar as expectativas de nossos clientes, atuando com \u00e9tica e compet\u00eancia t\u00e9cnico-jur\u00eddica.","publisher":{"@id":"https:\/\/aftadvocacia.adv.br\/wordpressfoto\/#organization"},"potentialAction":[{"@type":"SearchAction","target":{"@type":"EntryPoint","urlTemplate":"https:\/\/aftadvocacia.adv.br\/wordpressfoto\/?s={search_term_string}"},"query-input":{"@type":"PropertyValueSpecification","valueRequired":true,"valueName":"search_term_string"}}],"inLanguage":"pt-BR"},{"@type":"Organization","@id":"https:\/\/aftadvocacia.adv.br\/wordpressfoto\/#organization","name":"AFT Advogados: Excel\u00eancia em Advocacia e Consultoria Jur\u00eddica","url":"https:\/\/aftadvocacia.adv.br\/wordpressfoto\/","logo":{"@type":"ImageObject","inLanguage":"pt-BR","@id":"https:\/\/aftadvocacia.adv.br\/wordpressfoto\/#\/schema\/logo\/image\/","url":"https:\/\/aftadvocacia.adv.br\/wordpressfoto\/wp-content\/uploads\/2024\/01\/Logotipo-com-OAB-aft-advogados-bento-direito.png","contentUrl":"https:\/\/aftadvocacia.adv.br\/wordpressfoto\/wp-content\/uploads\/2024\/01\/Logotipo-com-OAB-aft-advogados-bento-direito.png","width":350,"height":184,"caption":"AFT Advogados: Excel\u00eancia em Advocacia e Consultoria Jur\u00eddica"},"image":{"@id":"https:\/\/aftadvocacia.adv.br\/wordpressfoto\/#\/schema\/logo\/image\/"}},{"@type":"Person","@id":"https:\/\/aftadvocacia.adv.br\/wordpressfoto\/#\/schema\/person\/bd48d9b8e7cc72b9dba0f443a269acf6","name":"Rodrigo Terra de Souza","image":{"@type":"ImageObject","inLanguage":"pt-BR","@id":"https:\/\/aftadvocacia.adv.br\/wordpressfoto\/#\/schema\/person\/image\/","url":"https:\/\/secure.gravatar.com\/avatar\/318ae92e70f6dd3715f992db4ba673d498b17671e599b5da50744173bba18e0e?s=96&d=mm&r=g","contentUrl":"https:\/\/secure.gravatar.com\/avatar\/318ae92e70f6dd3715f992db4ba673d498b17671e599b5da50744173bba18e0e?s=96&d=mm&r=g","caption":"Rodrigo Terra de Souza"},"description":"Doutor em Ci\u00eancias Jur\u00eddicas e Sociais, p\u00f3s-graduado em Direito Societ\u00e1rio e Gest\u00e3o Empreendedora, com certifica\u00e7\u00e3o em Gest\u00e3o de Riscos e Compliance. Bacharel em Direito e ex-professor de cursos tecnol\u00f3gicos e de gradua\u00e7\u00e3o","url":"https:\/\/aftadvocacia.adv.br\/wordpressfoto\/author\/rodrigo\/"}]}},"_links":{"self":[{"href":"https:\/\/aftadvocacia.adv.br\/wordpressfoto\/wp-json\/wp\/v2\/posts\/2557","targetHints":{"allow":["GET"]}}],"collection":[{"href":"https:\/\/aftadvocacia.adv.br\/wordpressfoto\/wp-json\/wp\/v2\/posts"}],"about":[{"href":"https:\/\/aftadvocacia.adv.br\/wordpressfoto\/wp-json\/wp\/v2\/types\/post"}],"author":[{"embeddable":true,"href":"https:\/\/aftadvocacia.adv.br\/wordpressfoto\/wp-json\/wp\/v2\/users\/3"}],"replies":[{"embeddable":true,"href":"https:\/\/aftadvocacia.adv.br\/wordpressfoto\/wp-json\/wp\/v2\/comments?post=2557"}],"version-history":[{"count":0,"href":"https:\/\/aftadvocacia.adv.br\/wordpressfoto\/wp-json\/wp\/v2\/posts\/2557\/revisions"}],"wp:featuredmedia":[{"embeddable":true,"href":"https:\/\/aftadvocacia.adv.br\/wordpressfoto\/wp-json\/wp\/v2\/media\/2860"}],"wp:attachment":[{"href":"https:\/\/aftadvocacia.adv.br\/wordpressfoto\/wp-json\/wp\/v2\/media?parent=2557"}],"wp:term":[{"taxonomy":"category","embeddable":true,"href":"https:\/\/aftadvocacia.adv.br\/wordpressfoto\/wp-json\/wp\/v2\/categories?post=2557"},{"taxonomy":"post_tag","embeddable":true,"href":"https:\/\/aftadvocacia.adv.br\/wordpressfoto\/wp-json\/wp\/v2\/tags?post=2557"}],"curies":[{"name":"wp","href":"https:\/\/api.w.org\/{rel}","templated":true}]}}