{"id":2460,"date":"2024-01-11T15:39:46","date_gmt":"2024-01-11T18:39:46","guid":{"rendered":"https:\/\/aftadvocacia.adv.br\/wordpressfoto\/?p=2460"},"modified":"2024-02-14T09:57:16","modified_gmt":"2024-02-14T12:57:16","slug":"entendendo-as-mudancas-da-reforma-trabalhista-uma-analise-detalhada","status":"publish","type":"post","link":"https:\/\/aftadvocacia.adv.br\/wordpressfoto\/entendendo-as-mudancas-da-reforma-trabalhista-uma-analise-detalhada\/","title":{"rendered":"Entendendo as Mudan\u00e7as da Reforma Trabalhista"},"content":{"rendered":"\t\t<div data-elementor-type=\"wp-post\" data-elementor-id=\"2460\" class=\"elementor elementor-2460\" data-elementor-post-type=\"post\">\n\t\t\t\t<div class=\"elementor-element elementor-element-6336d145 e-flex e-con-boxed e-con e-parent\" data-id=\"6336d145\" data-element_type=\"container\">\n\t\t\t\t\t<div class=\"e-con-inner\">\n\t\t\t\t<div class=\"elementor-element elementor-element-18716357 elementor-widget elementor-widget-video\" data-id=\"18716357\" data-element_type=\"widget\" data-settings=\"{&quot;youtube_url&quot;:&quot;https:\\\/\\\/www.youtube.com\\\/watch?v=yGL8YWRljic&amp;list=PLNFjLfN9Xs1xO15E_tW1XbKjvWJhmIrg3&amp;index=14&quot;,&quot;video_type&quot;:&quot;youtube&quot;,&quot;controls&quot;:&quot;yes&quot;}\" data-widget_type=\"video.default\">\n\t\t\t\t<div class=\"elementor-widget-container\">\n\t\t\t\t\t\t\t<div class=\"elementor-wrapper elementor-open-inline\">\n\t\t\t<div class=\"elementor-video\"><\/div>\t\t<\/div>\n\t\t\t\t\t\t<\/div>\n\t\t\t\t<\/div>\n\t\t\t\t\t<\/div>\n\t\t\t\t<\/div>\n\t\t<div class=\"elementor-element elementor-element-4fd8b9af e-flex e-con-boxed e-con e-parent\" data-id=\"4fd8b9af\" data-element_type=\"container\">\n\t\t\t\t\t<div class=\"e-con-inner\">\n\t\t\t\t<div class=\"elementor-element elementor-element-6d55a2ba elementor-widget elementor-widget-html\" data-id=\"6d55a2ba\" data-element_type=\"widget\" data-widget_type=\"html.default\">\n\t\t\t\t<div class=\"elementor-widget-container\">\n\t\t\t\t\t<h2>Introdu\u00e7\u00e3o<\/h2>\n<p>Ol\u00e1, sou Rodrigo Terra\nde Souza um advogado especializado em direito trabalhista, atuando na AFT Advocacia. Ao longo dos anos, tenho acompanhado de perto as transforma\u00e7\u00f5es no cen\u00e1rio jur\u00eddico brasileiro, especialmente aquelas que afetam diretamente as rela\u00e7\u00f5es de trabalho. Uma das mudan\u00e7as mais significativas e controversas dos \u00faltimos tempos foi, sem d\u00favida, a reforma trabalhista de 2017. Este artigo visa desvendar os intricados caminhos dessa reforma, explorando n\u00e3o apenas suas implica\u00e7\u00f5es legais, mas tamb\u00e9m os impactos pr\u00e1ticos que trouxe para empregadores e empregados. Atrav\u00e9s de uma an\u00e1lise detalhada, complementada por refer\u00eancias externas confi\u00e1veis, buscaremos entender as nuances dessa legisla\u00e7\u00e3o e como ela reformulou o panorama trabalhista no Brasil.<\/p>\n<p>Neste percurso, abordaremos desde as mudan\u00e7as t\u00e9cnicas e jur\u00eddicas introduzidas pela reforma at\u00e9 as discuss\u00f5es mais amplas sobre suas consequ\u00eancias socioecon\u00f4micas. Com o apoio de an\u00e1lises de especialistas, v\u00eddeos explicativos e estudos de caso, nosso objetivo \u00e9 fornecer uma vis\u00e3o abrangente e equilibrada sobre o tema. Seja voc\u00ea um profissional da \u00e1rea jur\u00eddica, um empregador buscando compreender melhor as novas regras, ou um trabalhador preocupado com seus direitos, este artigo promete esclarecer as principais d\u00favidas e fomentar uma reflex\u00e3o cr\u00edtica sobre o futuro das rela\u00e7\u00f5es de trabalho no pa\u00eds.<\/p>\n\t\t\t\t<\/div>\n\t\t\t\t<\/div>\n\t\t\t\t\t<\/div>\n\t\t\t\t<\/div>\n\t\t<div class=\"elementor-element elementor-element-7c370ef6 e-flex e-con-boxed e-con e-parent\" data-id=\"7c370ef6\" data-element_type=\"container\">\n\t\t\t\t\t<div class=\"e-con-inner\">\n\t\t\t\t<div class=\"elementor-element elementor-element-2612c225 elementor-widget elementor-widget-image\" data-id=\"2612c225\" data-element_type=\"widget\" data-widget_type=\"image.default\">\n\t\t\t\t<div class=\"elementor-widget-container\">\n\t\t\t\t\t\t\t\t\t\t\t\t\t\t\t<img fetchpriority=\"high\" decoding=\"async\" width=\"800\" height=\"457\" src=\"https:\/\/aftadvocacia.adv.br\/wordpressfoto\/wp-content\/uploads\/2024\/01\/DALL\u00b7E-2024-01-11-17.11.30-A-dynamic-and-visually-appealing-image-for-a-blog-post-about-Labor-Reform-for-a-law-firm-in-Bento-Gonc\u0327alves.-The-image-should-creatively-represent-t-1024x585.png\" class=\"attachment-large size-large wp-image-2486\" alt=\"\" srcset=\"https:\/\/aftadvocacia.adv.br\/wordpressfoto\/wp-content\/uploads\/2024\/01\/DALL\u00b7E-2024-01-11-17.11.30-A-dynamic-and-visually-appealing-image-for-a-blog-post-about-Labor-Reform-for-a-law-firm-in-Bento-Gonc\u0327alves.-The-image-should-creatively-represent-t-1024x585.png 1024w, https:\/\/aftadvocacia.adv.br\/wordpressfoto\/wp-content\/uploads\/2024\/01\/DALL\u00b7E-2024-01-11-17.11.30-A-dynamic-and-visually-appealing-image-for-a-blog-post-about-Labor-Reform-for-a-law-firm-in-Bento-Gonc\u0327alves.-The-image-should-creatively-represent-t-300x171.png 300w, https:\/\/aftadvocacia.adv.br\/wordpressfoto\/wp-content\/uploads\/2024\/01\/DALL\u00b7E-2024-01-11-17.11.30-A-dynamic-and-visually-appealing-image-for-a-blog-post-about-Labor-Reform-for-a-law-firm-in-Bento-Gonc\u0327alves.-The-image-should-creatively-represent-t-768x439.png 768w, https:\/\/aftadvocacia.adv.br\/wordpressfoto\/wp-content\/uploads\/2024\/01\/DALL\u00b7E-2024-01-11-17.11.30-A-dynamic-and-visually-appealing-image-for-a-blog-post-about-Labor-Reform-for-a-law-firm-in-Bento-Gonc\u0327alves.-The-image-should-creatively-represent-t-1536x878.png 1536w, https:\/\/aftadvocacia.adv.br\/wordpressfoto\/wp-content\/uploads\/2024\/01\/DALL\u00b7E-2024-01-11-17.11.30-A-dynamic-and-visually-appealing-image-for-a-blog-post-about-Labor-Reform-for-a-law-firm-in-Bento-Gonc\u0327alves.-The-image-should-creatively-represent-t.png 1792w\" sizes=\"(max-width: 800px) 100vw, 800px\" \/>\t\t\t\t\t\t\t\t\t\t\t\t\t\t\t<\/div>\n\t\t\t\t<\/div>\n\t\t\t\t<div class=\"elementor-element elementor-element-50564181 elementor-widget elementor-widget-html\" data-id=\"50564181\" data-element_type=\"widget\" data-widget_type=\"html.default\">\n\t\t\t\t<div class=\"elementor-widget-container\">\n\t\t\t\t\t<blockquote style=\"font-size: 20px; border: 1px solid; text-align: center; font-style: italic; line-height: normal; padding: 10px; margin: 20px;\">\n    \n    \n \n    \"A reforma trabalhista veio em 2017 como uma tentativa de mudar, deixar as atividades laborais um tanto mais liberais.\"\n\n    \n\n<\/blockquote>\t\t\t\t<\/div>\n\t\t\t\t<\/div>\n\t\t\t\t\t<\/div>\n\t\t\t\t<\/div>\n\t\t<div class=\"elementor-element elementor-element-7553e564 e-flex e-con-boxed e-con e-parent\" data-id=\"7553e564\" data-element_type=\"container\">\n\t\t\t\t\t<div class=\"e-con-inner\">\n\t\t\t\t<div class=\"elementor-element elementor-element-bfebf37 elementor-widget elementor-widget-html\" data-id=\"bfebf37\" data-element_type=\"widget\" data-widget_type=\"html.default\">\n\t\t\t\t<div class=\"elementor-widget-container\">\n\t\t\t\t\t<h2>Impacto da Reforma Trabalhista no Judici\u00e1rio e para o Trabalhador<\/h2>\n<p>Desde que a reforma trabalhista entrou em vigor em 2017, muitos de n\u00f3s, profissionais do direito e trabalhadores, nos deparamos com uma s\u00e9rie de mudan\u00e7as significativas. N\u00e3o apenas no papel, mas na pr\u00e1tica di\u00e1ria dentro dos tribunais e nas rela\u00e7\u00f5es de trabalho. A reforma trouxe consigo uma dualidade interessante: por um lado, mudan\u00e7as t\u00e9cnicas claras e, por outro, uma variedade de interpreta\u00e7\u00f5es judiciais. Como advogado, percebi que, embora a inten\u00e7\u00e3o legislativa fosse modernizar e flexibilizar as rela\u00e7\u00f5es de trabalho, a aplica\u00e7\u00e3o pr\u00e1tica dessas mudan\u00e7as depende muito da interpreta\u00e7\u00e3o dos ju\u00edzes e desembargadores. Isso cria um cen\u00e1rio onde, mesmo com a lei em m\u00e3os, o resultado de uma disputa trabalhista pode variar significativamente.<\/p>\n<p>A reforma, em sua ess\u00eancia, buscou equilibrar as necessidades de flexibilidade das empresas com a prote\u00e7\u00e3o dos direitos dos trabalhadores. No entanto, a realidade mostrou que o impacto vai al\u00e9m, afetando diretamente o judici\u00e1rio. As varia\u00e7\u00f5es nas interpreta\u00e7\u00f5es judiciais refletem a complexidade e a novidade das mudan\u00e7as introduzidas. Como resultado, tanto advogados quanto trabalhadores e empregadores precisam estar mais atentos e informados sobre como essas mudan\u00e7as s\u00e3o aplicadas nos tribunais. Isso refor\u00e7a a import\u00e2ncia de um acompanhamento jur\u00eddico qualificado, capaz de navegar por essas \u00e1guas muitas vezes turbulentas.<\/p>\n\n<h2>Mudan\u00e7as Jur\u00eddicas e T\u00e9cnicas Introduzidas pela Reforma<\/h2>\n<p>A reforma trabalhista foi um marco na legisla\u00e7\u00e3o brasileira, trazendo consigo uma s\u00e9rie de mudan\u00e7as jur\u00eddicas e t\u00e9cnicas com o objetivo de modernizar as rela\u00e7\u00f5es de trabalho. Como advogado especializado, vi de perto como essas mudan\u00e7as buscaram tornar o mercado de trabalho mais din\u00e2mico e adapt\u00e1vel \u00e0s novas realidades econ\u00f4micas. A reforma enfatizou a valoriza\u00e7\u00e3o das negocia\u00e7\u00f5es coletivas, alterou as regras sobre contribui\u00e7\u00f5es sindicais e introduziu o teletrabalho na legisla\u00e7\u00e3o, preparando o terreno para uma maior flexibilidade nas rela\u00e7\u00f5es laborais.<\/p>\n<p>Essas mudan\u00e7as n\u00e3o foram apenas t\u00e9cnicas; elas refletiram uma nova abordagem jur\u00eddica em rela\u00e7\u00e3o ao trabalho. Por exemplo, a reforma abriu caminho para que as negocia\u00e7\u00f5es coletivas tivessem um peso maior do que a pr\u00f3pria legisla\u00e7\u00e3o em certos aspectos, uma mudan\u00e7a significativa que destaca a import\u00e2ncia do di\u00e1logo entre empregadores e empregados. Al\u00e9m disso, a adapta\u00e7\u00e3o \u00e0s novas formas de trabalho, como o home office, mostrou-se n\u00e3o apenas necess\u00e1ria, mas fundamental, especialmente diante dos desafios impostos pela pandemia de COVID-19. Essas altera\u00e7\u00f5es demonstram um esfor\u00e7o legislativo em acompanhar as evolu\u00e7\u00f5es do mercado de trabalho, mas tamb\u00e9m imp\u00f5em a necessidade de uma constante atualiza\u00e7\u00e3o por parte dos profissionais do direito.<\/p>\n\n<h2>A Valoriza\u00e7\u00e3o das Negocia\u00e7\u00f5es Coletivas<\/h2>\n<p>Um dos pilares da reforma trabalhista foi a valoriza\u00e7\u00e3o das negocia\u00e7\u00f5es coletivas, colocando o acordo entre empregadores e empregados acima da pr\u00f3pria legisla\u00e7\u00e3o em determinadas situa\u00e7\u00f5es. Essa mudan\u00e7a representou um avan\u00e7o significativo na forma como as rela\u00e7\u00f5es de trabalho s\u00e3o conduzidas no Brasil. Na pr\u00e1tica, isso significa que acordos negociados diretamente entre sindicatos de trabalhadores e empregadores podem estabelecer condi\u00e7\u00f5es de trabalho diferenciadas, desde que respeitem os limites da dignidade e seguran\u00e7a do trabalhador. Como advogado, vi essa mudan\u00e7a como uma oportunidade para que as partes envolvidas possam adaptar as condi\u00e7\u00f5es de trabalho \u00e0s suas necessidades espec\u00edficas, promovendo um ambiente mais harmonioso e produtivo.<\/p>\n<p>No entanto, essa valoriza\u00e7\u00e3o das negocia\u00e7\u00f5es coletivas tamb\u00e9m trouxe consigo desafios. A flexibilidade permitida pela reforma requer que tanto empregadores quanto empregados estejam bem representados nas negocia\u00e7\u00f5es, garantindo que os acordos sejam justos e equilibrados. Isso destacou a import\u00e2ncia dos sindicatos e da assessoria jur\u00eddica especializada, capazes de orientar as partes durante o processo de negocia\u00e7\u00e3o. Afinal, a efic\u00e1cia dessas negocia\u00e7\u00f5es depende da capacidade de ambas as partes em dialogar e chegar a um consenso que atenda aos interesses m\u00fatuos.<\/p>\n\n<h2>Altera\u00e7\u00f5es nas Contribui\u00e7\u00f5es Sindicais<\/h2>\n<p>As altera\u00e7\u00f5es nas contribui\u00e7\u00f5es sindicais introduzidas pela reforma trabalhista representaram um ponto de inflex\u00e3o nas rela\u00e7\u00f5es entre trabalhadores, empregadores e sindicatos. A reforma modificou a forma como as contribui\u00e7\u00f5es sindicais s\u00e3o coletadas, exigindo uma autoriza\u00e7\u00e3o pr\u00e9via e expressa do trabalhador para o desconto dessas contribui\u00e7\u00f5es em seu sal\u00e1rio. Essa mudan\u00e7a visou dar mais autonomia aos trabalhadores em rela\u00e7\u00e3o ao financiamento sindical, uma medida que, em teoria, fortaleceria a transpar\u00eancia e a democracia dentro das organiza\u00e7\u00f5es sindicais.<\/p>\n<p>Contudo, a decis\u00e3o recente do Supremo Tribunal Federal (STF) sobre a contribui\u00e7\u00e3o assistencial trouxe novas nuances a essa quest\u00e3o. A corte decidiu pela possibilidade de retorno da cobran\u00e7a dessa contribui\u00e7\u00e3o, desde que haja manifesta\u00e7\u00e3o contr\u00e1ria do trabalhador ao desconto. Essa decis\u00e3o reacende o debate sobre a autonomia do trabalhador e o papel dos sindicatos na representa\u00e7\u00e3o dos interesses da categoria. Como advogado, acompanho de perto essas discuss\u00f5es, orientando meus clientes sobre como essa din\u00e2mica afeta seus direitos e deveres. \u00c9 fundamental que os trabalhadores estejam cientes de suas op\u00e7\u00f5es e saibam como se posicionar frente a essas mudan\u00e7as.<\/p>\n\n<h2>O Teletrabalho (Home Office) na Reforma Trabalhista<\/h2>\n<p>A inclus\u00e3o do teletrabalho, ou home office, na legisla\u00e7\u00e3o trabalhista brasileira atrav\u00e9s da reforma de 2017 foi um passo \u00e0 frente, antecipando uma tend\u00eancia global que se tornou essencial com a pandemia de COVID-19. Essa modalidade de trabalho, que antes ocupava um espa\u00e7o marginal nas rela\u00e7\u00f5es laborais, ganhou destaque e legitimidade, permitindo que empresas e trabalhadores explorassem novas formas de organiza\u00e7\u00e3o do trabalho. Como advogado, percebo que essa mudan\u00e7a n\u00e3o s\u00f3 facilitou a adapta\u00e7\u00e3o das empresas \u00e0s restri\u00e7\u00f5es impostas pela pandemia, mas tamb\u00e9m abriu um leque de possibilidades para a reorganiza\u00e7\u00e3o do trabalho de forma mais flex\u00edvel e adaptada \u00e0s necessidades individuais de cada trabalhador.<\/p>\n<p>A regulamenta\u00e7\u00e3o do teletrabalho pela reforma trabalhista estabeleceu diretrizes claras para a implementa\u00e7\u00e3o dessa modalidade, incluindo aspectos como a altera\u00e7\u00e3o do contrato de trabalho e a defini\u00e7\u00e3o de responsabilidades de ambas as partes. Isso proporcionou um marco legal seguro para que empresas e trabalhadores pudessem negociar os termos do home office, garantindo que os direitos trabalhistas continuassem sendo respeitados. A experi\u00eancia com o teletrabalho durante a pandemia destacou a import\u00e2ncia de adaptabilidade e flexibilidade nas rela\u00e7\u00f5es de trabalho, mostrando que \u00e9 poss\u00edvel manter a produtividade e a satisfa\u00e7\u00e3o dos trabalhadores mesmo fora do ambiente tradicional de escrit\u00f3rio.<\/p>\n\n<h2>Terceiriza\u00e7\u00f5es e Incrementa\u00e7\u00e3o do Home Office<\/h2>\n<p>A reforma trabalhista tamb\u00e9m abordou a quest\u00e3o das terceiriza\u00e7\u00f5es, ampliando as possibilidades de contrata\u00e7\u00e3o de servi\u00e7os terceirizados e regulamentando essa pr\u00e1tica de forma mais abrangente. Essa mudan\u00e7a visava aumentar a competitividade das empresas brasileiras, permitindo uma maior flexibilidade na gest\u00e3o da m\u00e3o de obra. Como advogado, acompanhei como essa altera\u00e7\u00e3o impactou diversos setores, possibilitando uma organiza\u00e7\u00e3o mais estrat\u00e9gica dos recursos humanos, mas tamb\u00e9m levantando quest\u00f5es importantes sobre a prote\u00e7\u00e3o dos direitos dos trabalhadores terceirizados.<\/p>\n<p>Al\u00e9m disso, a incrementa\u00e7\u00e3o do home office, como mencionado anteriormente, ganhou um impulso significativo com a reforma. A pandemia apenas acelerou essa tend\u00eancia, fazendo com que muitas empresas adotassem o teletrabalho como uma solu\u00e7\u00e3o de longo prazo. Essa transi\u00e7\u00e3o para o home office n\u00e3o s\u00f3 desafiou as no\u00e7\u00f5es tradicionais de espa\u00e7o de trabalho, mas tamb\u00e9m exigiu uma reavalia\u00e7\u00e3o das pr\u00e1ticas de gest\u00e3o e lideran\u00e7a. A capacidade de adaptar-se a essas mudan\u00e7as tornou-se um diferencial importante para as empresas, destacando a import\u00e2ncia de pol\u00edticas de trabalho flex\u00edveis e inclusivas.<\/p>\n\n<h2>Flexibilidade e Dinamismo nos Contratos de Trabalho<\/h2>\n<p>A reforma trabalhista introduziu uma maior flexibilidade e dinamismo nos contratos de trabalho, permitindo que empregadores e empregados negociassem condi\u00e7\u00f5es de trabalho mais alinhadas \u00e0s suas necessidades e \u00e0 realidade do mercado. Essa flexibilidade \u00e9 particularmente evidente na possibilidade de altera\u00e7\u00e3o do regime de trabalho, como a transi\u00e7\u00e3o para o home office, e na adapta\u00e7\u00e3o das jornadas de trabalho \u00e0s demandas espec\u00edficas do neg\u00f3cio. Como advogado, vejo essa flexibiliza\u00e7\u00e3o como uma oportunidade para que as empresas se tornem mais resilientes e adapt\u00e1veis, mas tamb\u00e9m como um desafio para garantir que os direitos dos trabalhadores sejam preservados.<\/p>\n<p>A reforma tamb\u00e9m trouxe \u00e0 tona a import\u00e2ncia do di\u00e1logo e da negocia\u00e7\u00e3o na resolu\u00e7\u00e3o de conflitos trabalhistas. A possibilidade de rescis\u00e3o contratual por iniciativa de qualquer uma das partes, desde que respeitadas as condi\u00e7\u00f5es legais, refor\u00e7a a necessidade de uma comunica\u00e7\u00e3o clara e efetiva entre empregadores e empregados. Isso sublinha a import\u00e2ncia de uma assessoria jur\u00eddica qualificada, capaz de orientar as partes sobre seus direitos e deveres, e de mediar as negocia\u00e7\u00f5es para encontrar solu\u00e7\u00f5es que atendam aos interesses de ambos.<\/p>\n\t\t\t\t<\/div>\n\t\t\t\t<\/div>\n\t\t\t\t\t<\/div>\n\t\t\t\t<\/div>\n\t\t<div class=\"elementor-element elementor-element-15d9b46e e-flex e-con-boxed e-con e-parent\" data-id=\"15d9b46e\" data-element_type=\"container\">\n\t\t\t\t\t<div class=\"e-con-inner\">\n\t\t\t\t<div class=\"elementor-element elementor-element-12f3f5b8 elementor-widget elementor-widget-image\" data-id=\"12f3f5b8\" data-element_type=\"widget\" data-widget_type=\"image.default\">\n\t\t\t\t<div class=\"elementor-widget-container\">\n\t\t\t\t\t\t\t\t\t\t\t\t\t\t\t<img decoding=\"async\" width=\"800\" height=\"457\" src=\"https:\/\/aftadvocacia.adv.br\/wordpressfoto\/wp-content\/uploads\/2024\/01\/direito-trabalhista-aft-advocacia-bento-goncalves-1024x585.webp\" class=\"attachment-large size-large wp-image-2864\" alt=\"\" srcset=\"https:\/\/aftadvocacia.adv.br\/wordpressfoto\/wp-content\/uploads\/2024\/01\/direito-trabalhista-aft-advocacia-bento-goncalves-1024x585.webp 1024w, https:\/\/aftadvocacia.adv.br\/wordpressfoto\/wp-content\/uploads\/2024\/01\/direito-trabalhista-aft-advocacia-bento-goncalves-300x171.webp 300w, https:\/\/aftadvocacia.adv.br\/wordpressfoto\/wp-content\/uploads\/2024\/01\/direito-trabalhista-aft-advocacia-bento-goncalves-768x439.webp 768w, https:\/\/aftadvocacia.adv.br\/wordpressfoto\/wp-content\/uploads\/2024\/01\/direito-trabalhista-aft-advocacia-bento-goncalves-1536x878.webp 1536w, https:\/\/aftadvocacia.adv.br\/wordpressfoto\/wp-content\/uploads\/2024\/01\/direito-trabalhista-aft-advocacia-bento-goncalves.webp 1792w\" sizes=\"(max-width: 800px) 100vw, 800px\" \/>\t\t\t\t\t\t\t\t\t\t\t\t\t\t\t<\/div>\n\t\t\t\t<\/div>\n\t\t\t\t<div class=\"elementor-element elementor-element-712623dc elementor-widget elementor-widget-html\" data-id=\"712623dc\" data-element_type=\"widget\" data-widget_type=\"html.default\">\n\t\t\t\t<div class=\"elementor-widget-container\">\n\t\t\t\t\t<blockquote style=\"font-size: 20px; border: 1px solid; text-align: center; font-style: italic; line-height: normal; padding: 10px; margin: 20px;\">\n    \n    \n\n    \"A decis\u00e3o do STF \u00e9 do retorno da cobran\u00e7a [contribui\u00e7\u00e3o assistencial], hoje o trabalhador tem a op\u00e7\u00e3o de se opor a isso.\"\n\n    \n\n<\/blockquote>\t\t\t\t<\/div>\n\t\t\t\t<\/div>\n\t\t\t\t\t<\/div>\n\t\t\t\t<\/div>\n\t\t<div class=\"elementor-element elementor-element-3a4869c5 e-flex e-con-boxed e-con e-parent\" data-id=\"3a4869c5\" data-element_type=\"container\">\n\t\t\t\t\t<div class=\"e-con-inner\">\n\t\t\t\t<div class=\"elementor-element elementor-element-2b183334 elementor-widget elementor-widget-html\" data-id=\"2b183334\" data-element_type=\"widget\" data-widget_type=\"html.default\">\n\t\t\t\t<div class=\"elementor-widget-container\">\n\t\t\t\t\t<h2>An\u00e1lise complementar, com base na internet:<\/h2>\n\n<h3>SciELO - A Reforma Trabalhista de 2017 e seus efeitos<\/h3>\n<p>A an\u00e1lise realizada pela SciELO sobre a reforma trabalhista de 2017 destaca as profundas altera\u00e7\u00f5es na Consolida\u00e7\u00e3o das Leis do Trabalho (CLT), que impactaram significativamente a percep\u00e7\u00e3o de direitos, c\u00e1lculo de verbas rescis\u00f3rias e aspectos processuais gerais. Este estudo refor\u00e7a a ideia de que a reforma foi al\u00e9m de simples ajustes t\u00e9cnicos, promovendo uma reestrutura\u00e7\u00e3o nas rela\u00e7\u00f5es de trabalho no Brasil. A partir dessa perspectiva, \u00e9 poss\u00edvel entender que as mudan\u00e7as introduzidas buscaram responder a um contexto de crise econ\u00f4mica, com o objetivo de flexibilizar as rela\u00e7\u00f5es laborais e estimular o emprego. No entanto, essa flexibiliza\u00e7\u00e3o trouxe consigo debates acalorados sobre a preserva\u00e7\u00e3o dos direitos dos trabalhadores, evidenciando a complexidade e a multiplicidade de interpreta\u00e7\u00f5es que a reforma suscitou entre especialistas, juristas e a sociedade em geral.<\/p>\n<p>A reflex\u00e3o proposta pelo artigo da SciELO sobre os efeitos da reforma trabalhista permite uma compreens\u00e3o mais aprofundada sobre como as altera\u00e7\u00f5es na CLT foram recebidas e quais foram seus impactos reais no mercado de trabalho. Ao considerar as mudan\u00e7as sob uma lente cr\u00edtica, percebe-se que a reforma trabalhista foi um divisor de \u00e1guas na legisla\u00e7\u00e3o trabalhista brasileira, trazendo consigo tanto avan\u00e7os quanto desafios. Essa an\u00e1lise corrobora com a discuss\u00e3o apresentada em nosso artigo, refor\u00e7ando a necessidade de um acompanhamento cont\u00ednuo e de uma avalia\u00e7\u00e3o criteriosa dos efeitos da reforma, especialmente no que tange \u00e0 prote\u00e7\u00e3o dos direitos dos trabalhadores e \u00e0 promo\u00e7\u00e3o de um ambiente de trabalho justo e equilibrado.<\/p>\n\n<h3>IPEA - Uma Vis\u00e3o Geral Sobre a Reforma Trabalhista<\/h3>\n<p>O documento do IPEA oferece uma vis\u00e3o geral sobre a reforma trabalhista, destacando as mais profundas altera\u00e7\u00f5es no ordenamento jur\u00eddico que regula as rela\u00e7\u00f5es trabalhistas desde a institui\u00e7\u00e3o da CLT em 1943. Essa vis\u00e3o geral ajuda a contextualizar a reforma dentro de um panorama mais amplo de mudan\u00e7as sociais e econ\u00f4micas, sublinhando a inten\u00e7\u00e3o de modernizar as rela\u00e7\u00f5es de trabalho frente aos desafios impostos pela globaliza\u00e7\u00e3o e pelas novas din\u00e2micas de mercado. A an\u00e1lise do IPEA refor\u00e7a a compreens\u00e3o de que a reforma trabalhista foi uma resposta a uma necessidade de atualiza\u00e7\u00e3o das leis trabalhistas, visando tornar o mercado de trabalho brasileiro mais competitivo e adapt\u00e1vel.<\/p>\n<p>Ao mergulhar nos detalhes apresentados pelo IPEA, fica evidente que a reforma trabalhista buscou equilibrar a flexibilidade para os empregadores com a prote\u00e7\u00e3o dos direitos dos empregados. Esse equil\u00edbrio \u00e9 crucial para entender a reforma n\u00e3o apenas como um conjunto de mudan\u00e7as legislativas, mas como um esfor\u00e7o para adaptar o direito do trabalho \u00e0s novas realidades do s\u00e9culo XXI. A an\u00e1lise do IPEA, portanto, complementa a discuss\u00e3o iniciada em nosso artigo, oferecendo uma base s\u00f3lida para a compreens\u00e3o das inten\u00e7\u00f5es por tr\u00e1s da reforma e de seus impactos potenciais no desenvolvimento econ\u00f4mico e social do Brasil.<\/p>\n\n<h3>Descomplica - O QUE MUDA COM A REFORMA TRABALHISTA DE 2017?<\/h3>\n<p>O v\u00eddeo do Descomplica, apresentado por Lara e Hansen, oferece uma explica\u00e7\u00e3o acess\u00edvel e direta sobre as principais mudan\u00e7as trazidas pela reforma trabalhista de 2017. Atrav\u00e9s de uma linguagem clara e objetiva, eles conseguem desmistificar alguns dos aspectos mais complexos da reforma, tornando-a mais compreens\u00edvel para o p\u00fablico em geral. Esse tipo de conte\u00fado \u00e9 fundamental para democratizar o acesso \u00e0 informa\u00e7\u00e3o e promover um debate mais amplo e informado sobre as mudan\u00e7as na legisla\u00e7\u00e3o trabalhista. Ao trazer exemplos pr\u00e1ticos e discutir as implica\u00e7\u00f5es reais da reforma no dia a dia dos trabalhadores e empregadores, o v\u00eddeo complementa a an\u00e1lise proposta em nosso artigo, evidenciando a import\u00e2ncia de disseminar conhecimento sobre temas jur\u00eddicos de forma acess\u00edvel e engajadora.<\/p>\n<p>A abordagem do Descomplica tamb\u00e9m ressalta a relev\u00e2ncia de entender a reforma trabalhista dentro de um contexto maior de transforma\u00e7\u00f5es econ\u00f4micas e sociais. Ao explicar as mudan\u00e7as de forma did\u00e1tica, o v\u00eddeo contribui para um entendimento mais profundo sobre como a reforma pode afetar diferentes setores da sociedade, desde o pequeno empres\u00e1rio at\u00e9 o trabalhador de grandes corpora\u00e7\u00f5es. Essa perspectiva \u00e9 essencial para avaliar os efeitos da reforma de maneira equilibrada, reconhecendo tanto suas potencialidades quanto seus desafios. Portanto, o conte\u00fado apresentado pelo Descomplica serve como um valioso recurso para enriquecer a discuss\u00e3o sobre a reforma trabalhista, alinhando-se com o objetivo de nosso artigo de promover uma reflex\u00e3o cr\u00edtica e fundamentada sobre o tema.<\/p>\n\n<h3>\u00c0 Deriva trechos [OFICIAL] - A VERDADE SOBRE A REFORMA TRABALHISTA<\/h3>\n<p>O v\u00eddeo do canal \u00c0 Deriva trechos [OFICIAL] apresenta uma an\u00e1lise cr\u00edtica sobre a reforma trabalhista, explorando suas nuances e os diferentes pontos de vista sobre suas implica\u00e7\u00f5es. Essa abordagem cr\u00edtica \u00e9 fundamental para compreender a complexidade da reforma e as diversas rea\u00e7\u00f5es que ela provocou na sociedade brasileira. Ao destacar os argumentos tanto de defensores quanto de cr\u00edticos da reforma, o v\u00eddeo proporciona uma vis\u00e3o mais ampla sobre o debate, permitindo que os espectadores formem suas pr\u00f3prias opini\u00f5es com base em uma variedade de perspectivas. Esse tipo de an\u00e1lise enriquece a discuss\u00e3o proposta em nosso artigo, sublinhando a import\u00e2ncia de considerar m\u00faltiplas vozes e an\u00e1lises ao avaliar as consequ\u00eancias da reforma trabalhista.<\/p>\n<p>Al\u00e9m disso, o v\u00eddeo contribui para a compreens\u00e3o de que a reforma trabalhista \u00e9 um tema multifacetado, que envolve quest\u00f5es legais, econ\u00f4micas, sociais e pol\u00edticas. Ao explorar a verdade sobre a reforma trabalhista de uma maneira que questiona narrativas simplistas, o conte\u00fado do \u00c0 Deriva trechos [OFICIAL] desafia os espectadores a pensar criticamente sobre o assunto, incentivando um debate mais informado e nuanciado. Essa abordagem complementa perfeitamente a an\u00e1lise realizada em nosso artigo, refor\u00e7ando o valor de uma discuss\u00e3o aberta e baseada em evid\u00eancias sobre as transforma\u00e7\u00f5es no direito do trabalho no Brasil.<\/p>\n\n<h4>Refer\u00eancias<\/h4>\n<ul>\n  <li><a href=\"https:\/\/www.scielo.br\/j\/op\/a\/fc3RwnfjZ5PgHsCnpvzk7sg\/%2F%3Frut=44711a541907f8a5f9019008f8dfb9eb928e49a016a61c39a9359a2cd149641a\" target=\"_blank\">SciELO - Brasil - A Reforma Trabalhista de 2017 e seus efeitos: an\u00e1lise<\/a><\/li>\n  <li><a href=\"https:\/\/repositorio.ipea.gov.br\/bitstream\/11058\/8130\/1\/bmt_63_vis%C3%A3o.pdf\" target=\"_blank\">IPEA - Uma Vis\u00e3o Geral Sobre a Reforma Trabalhista<\/a><\/li>\n  <li><a href=\"https:\/\/www.youtube.com\/watch?v=Qe_4PefGbPs\" target=\"_blank\">Descomplica - O QUE MUDA COM A REFORMA TRABALHISTA DE 2017?<\/a><\/li>\n  <li><a href=\"https:\/\/www.youtube.com\/watch?v=esKKkcd8dZ4\" target=\"_blank\">\u00c0 Deriva trechos [OFICIAL] - A VERDADE SOBRE A REFORMA TRABALHISTA<\/a><\/li>\n<\/ul>\n\t\t\t\t<\/div>\n\t\t\t\t<\/div>\n\t\t\t\t\t<\/div>\n\t\t\t\t<\/div>\n\t\t<div class=\"elementor-element elementor-element-1f7d8298 e-flex e-con-boxed e-con e-parent\" data-id=\"1f7d8298\" data-element_type=\"container\">\n\t\t\t\t\t<div class=\"e-con-inner\">\n\t\t\t\t<div class=\"elementor-element elementor-element-c5ed3fc elementor-widget elementor-widget-image\" data-id=\"c5ed3fc\" data-element_type=\"widget\" data-widget_type=\"image.default\">\n\t\t\t\t<div class=\"elementor-widget-container\">\n\t\t\t\t\t\t\t\t\t\t\t\t\t\t\t<img decoding=\"async\" width=\"800\" height=\"457\" src=\"https:\/\/aftadvocacia.adv.br\/wordpressfoto\/wp-content\/uploads\/2024\/01\/DALL\u00b7E-2024-01-11-17.07.28-A-professional-cover-image-for-a-blog-post-about-Understanding-the-Changes-in-Labor-Reform_-A-Detailed-Analysis-for-a-law-firm-in-Bento-Gonc\u0327alves.-T-1024x585.png\" class=\"attachment-large size-large wp-image-2484\" alt=\"\" srcset=\"https:\/\/aftadvocacia.adv.br\/wordpressfoto\/wp-content\/uploads\/2024\/01\/DALL\u00b7E-2024-01-11-17.07.28-A-professional-cover-image-for-a-blog-post-about-Understanding-the-Changes-in-Labor-Reform_-A-Detailed-Analysis-for-a-law-firm-in-Bento-Gonc\u0327alves.-T-1024x585.png 1024w, https:\/\/aftadvocacia.adv.br\/wordpressfoto\/wp-content\/uploads\/2024\/01\/DALL\u00b7E-2024-01-11-17.07.28-A-professional-cover-image-for-a-blog-post-about-Understanding-the-Changes-in-Labor-Reform_-A-Detailed-Analysis-for-a-law-firm-in-Bento-Gonc\u0327alves.-T-300x171.png 300w, https:\/\/aftadvocacia.adv.br\/wordpressfoto\/wp-content\/uploads\/2024\/01\/DALL\u00b7E-2024-01-11-17.07.28-A-professional-cover-image-for-a-blog-post-about-Understanding-the-Changes-in-Labor-Reform_-A-Detailed-Analysis-for-a-law-firm-in-Bento-Gonc\u0327alves.-T-768x439.png 768w, https:\/\/aftadvocacia.adv.br\/wordpressfoto\/wp-content\/uploads\/2024\/01\/DALL\u00b7E-2024-01-11-17.07.28-A-professional-cover-image-for-a-blog-post-about-Understanding-the-Changes-in-Labor-Reform_-A-Detailed-Analysis-for-a-law-firm-in-Bento-Gonc\u0327alves.-T-1536x878.png 1536w, https:\/\/aftadvocacia.adv.br\/wordpressfoto\/wp-content\/uploads\/2024\/01\/DALL\u00b7E-2024-01-11-17.07.28-A-professional-cover-image-for-a-blog-post-about-Understanding-the-Changes-in-Labor-Reform_-A-Detailed-Analysis-for-a-law-firm-in-Bento-Gonc\u0327alves.-T.png 1792w\" sizes=\"(max-width: 800px) 100vw, 800px\" \/>\t\t\t\t\t\t\t\t\t\t\t\t\t\t\t<\/div>\n\t\t\t\t<\/div>\n\t\t\t\t<div class=\"elementor-element elementor-element-5314e846 elementor-widget elementor-widget-html\" data-id=\"5314e846\" data-element_type=\"widget\" data-widget_type=\"html.default\">\n\t\t\t\t<div class=\"elementor-widget-container\">\n\t\t\t\t\t<blockquote style=\"font-size: 20px; border: 1px solid; text-align: center; font-style: italic; line-height: normal; padding: 10px; margin: 20px;\">\n    \n    \n\n    \"A adapta\u00e7\u00e3o ao Home Office e a regulamenta\u00e7\u00e3o das terceiriza\u00e7\u00f5es s\u00e3o exemplos de como a legisla\u00e7\u00e3o trabalhista est\u00e1 se adaptando aos novos tempos.\"\n\n    \n\n<\/blockquote>\t\t\t\t<\/div>\n\t\t\t\t<\/div>\n\t\t\t\t\t<\/div>\n\t\t\t\t<\/div>\n\t\t<div class=\"elementor-element elementor-element-59f23b69 e-flex e-con-boxed e-con e-parent\" data-id=\"59f23b69\" data-element_type=\"container\">\n\t\t\t\t\t<div class=\"e-con-inner\">\n\t\t\t\t<div class=\"elementor-element elementor-element-26220599 elementor-widget elementor-widget-html\" data-id=\"26220599\" data-element_type=\"widget\" data-widget_type=\"html.default\">\n\t\t\t\t<div class=\"elementor-widget-container\">\n\t\t\t\t\t\n<h2>Conclus\u00e3o<\/h2>\n<p>Ao longo deste artigo, mergulhamos profundamente nas \u00e1guas da reforma trabalhista de 2017, explorando suas diversas facetas e o impacto que teve sobre o direito do trabalho no Brasil. Vimos como as mudan\u00e7as introduzidas buscaram responder a um contexto econ\u00f4mico desafiador, com o intuito de flexibilizar as rela\u00e7\u00f5es laborais e estimular o emprego. No entanto, tamb\u00e9m reconhecemos que essa flexibiliza\u00e7\u00e3o veio acompanhada de debates intensos sobre a prote\u00e7\u00e3o dos direitos dos trabalhadores e a manuten\u00e7\u00e3o de um equil\u00edbrio justo entre as partes envolvidas.<\/p>\n<p>Refletindo sobre as an\u00e1lises complementares provenientes de fontes externas, fica claro que a reforma trabalhista \u00e9 um tema multifacetado, que n\u00e3o admite interpreta\u00e7\u00f5es simplistas. As diversas perspectivas exploradas refor\u00e7am a complexidade da legisla\u00e7\u00e3o e a import\u00e2ncia de uma abordagem cr\u00edtica e informada. Para profissionais do direito, empregadores e trabalhadores, o desafio \u00e9 navegar por esse novo cen\u00e1rio com um entendimento claro dos seus direitos e deveres, sempre buscando o di\u00e1logo e a negocia\u00e7\u00e3o como caminhos para a resolu\u00e7\u00e3o de conflitos.<\/p>\n<p>Em \u00faltima an\u00e1lise, a reforma trabalhista de 2017 marca um ponto de inflex\u00e3o na hist\u00f3ria do direito do trabalho no Brasil. Seus efeitos continuar\u00e3o a ser sentidos e debatidos nos pr\u00f3ximos anos, exigindo de todos os envolvidos uma constante atualiza\u00e7\u00e3o e adapta\u00e7\u00e3o. Como advogado especializado, reitero o compromisso de acompanhar essas transforma\u00e7\u00f5es, oferecendo orienta\u00e7\u00e3o jur\u00eddica qualificada e defendendo os interesses dos meus clientes com zelo e dedica\u00e7\u00e3o. A jornada rumo a um mercado de trabalho mais justo e equilibrado \u00e9 longa e repleta de desafios, mas \u00e9 atrav\u00e9s do debate informado e da busca por solu\u00e7\u00f5es equilibradas que poderemos construir um futuro melhor para todos os trabalhadores brasileiros.<\/p>\n<p style=\"font-weight: bold; font-size: smaller;\">Esta postagem \u00e9 completamente original, criada a partir do nosso pr\u00f3prio v\u00eddeo, referenciada em informa\u00e7\u00f5es da internet e aprimorada com tecnologia de intelig\u00eancia artificial.<\/p>\n flexibilidade e adaptabilidade ao mercado de trabalho, refletindo as necessidades de uma economia em constante evolu\u00e7\u00e3o. No entanto, tamb\u00e9m observamos que essas mudan\u00e7as trouxeram desafios significativos, especialmente no que diz respeito \u00e0 prote\u00e7\u00e3o dos direitos dos trabalhadores e ao equil\u00edbrio nas rela\u00e7\u00f5es laborais.<\/p>\n<p>A an\u00e1lise de materiais complementares, incluindo artigos e v\u00eddeos, enriqueceu nossa discuss\u00e3o, trazendo diferentes perspectivas sobre a reforma. Esses recursos nos ajudaram a entender melhor os impactos pr\u00e1ticos da reforma, tanto para os trabalhadores quanto para os empregadores. Eles tamb\u00e9m destacaram a import\u00e2ncia de uma vis\u00e3o cr\u00edtica e atualizada sobre as leis trabalhistas, considerando as implica\u00e7\u00f5es reais dessas mudan\u00e7as no cotidiano das pessoas.<\/p>\n<p>Por fim, \u00e9 essencial reconhecer que a reforma trabalhista n\u00e3o \u00e9 um tema est\u00e1tico, mas um processo em constante evolu\u00e7\u00e3o. Como advogados e cidad\u00e3os, devemos estar sempre atentos \u00e0s mudan\u00e7as legislativas e suas implica\u00e7\u00f5es na sociedade. Devemos tamb\u00e9m estar preparados para adaptar-nos e responder a essas mudan\u00e7as de maneira eficaz e justa. A reforma trabalhista de 2017 foi um passo importante na moderniza\u00e7\u00e3o das rela\u00e7\u00f5es de trabalho no Brasil, mas \u00e9 apenas um cap\u00edtulo em uma hist\u00f3ria cont\u00ednua de evolu\u00e7\u00e3o e adapta\u00e7\u00e3o no mundo do trabalho.<\/p>\n<p style=\"font-size: smaller; font-weight: bold;\">Esta postagem \u00e9 completamente original, criada a partir do nosso pr\u00f3prio v\u00eddeo, referenciada em informa\u00e7\u00f5es da internet e aprimorada com tecnologia de intelig\u00eancia artificial.<\/p>\n\t\t\t\t<\/div>\n\t\t\t\t<\/div>\n\t\t\t\t\t<\/div>\n\t\t\t\t<\/div>\n\t\t<div class=\"elementor-element elementor-element-89d2fcb e-flex e-con-boxed e-con e-parent\" data-id=\"89d2fcb\" data-element_type=\"container\">\n\t\t\t\t\t<div class=\"e-con-inner\">\n\t\t\t\t<div class=\"elementor-element elementor-element-1340eea0 elementor-widget elementor-widget-html\" data-id=\"1340eea0\" data-element_type=\"widget\" data-widget_type=\"html.default\">\n\t\t\t\t<div class=\"elementor-widget-container\">\n\t\t\t\t\t<h3>Perguntas frequentes<\/h3>\n<h4>O que mudou com a reforma trabalhista de 2017 no Brasil?<\/h4>\n<p>A reforma trabalhista de 2017, implementada pela Lei n\u00ba 13.467, trouxe mudan\u00e7as significativas para a Consolida\u00e7\u00e3o das Leis do Trabalho (CLT). Entre as principais altera\u00e7\u00f5es, destacam-se a introdu\u00e7\u00e3o do trabalho intermitente, a flexibiliza\u00e7\u00e3o das regras para negocia\u00e7\u00e3o entre empregadores e empregados, mudan\u00e7as nas contribui\u00e7\u00f5es sindicais e a regulamenta\u00e7\u00e3o do teletrabalho (home office). Essas mudan\u00e7as visaram modernizar as rela\u00e7\u00f5es de trabalho, tornando-as mais flex\u00edveis e adaptadas \u00e0s novas realidades do mercado.<\/p>\n\n<h4>Como a reforma trabalhista afeta os direitos dos trabalhadores?<\/h4>\n<p>A reforma trabalhista teve um impacto profundo nos direitos dos trabalhadores, introduzindo uma maior flexibilidade nas rela\u00e7\u00f5es laborais. Por um lado, ela ofereceu novas formas de contrata\u00e7\u00e3o, como o trabalho intermitente, e maior liberdade para negocia\u00e7\u00f5es diretas entre empregadores e empregados. Por outro lado, gerou preocupa\u00e7\u00f5es quanto \u00e0 prote\u00e7\u00e3o dos direitos trabalhistas, especialmente em rela\u00e7\u00e3o \u00e0 possibilidade de enfraquecimento das normas de seguran\u00e7a do trabalho e redu\u00e7\u00e3o da influ\u00eancia dos sindicatos. \u00c9 fundamental que os trabalhadores estejam bem informados sobre seus direitos e deveres sob a nova legisla\u00e7\u00e3o para garantir sua prote\u00e7\u00e3o.<\/p>\n\n<h4>O teletrabalho (home office) foi regulamentado pela reforma trabalhista?<\/h4>\n<p>Sim, a reforma trabalhista regulamentou o teletrabalho, tamb\u00e9m conhecido como home office, estabelecendo diretrizes claras para essa modalidade de trabalho. Antes da reforma, n\u00e3o havia uma legisla\u00e7\u00e3o espec\u00edfica que abordasse o teletrabalho de forma detalhada. Com a reforma, foram definidas regras sobre a execu\u00e7\u00e3o do trabalho remoto, incluindo aspectos como a responsabilidade pela aquisi\u00e7\u00e3o, manuten\u00e7\u00e3o ou fornecimento dos equipamentos tecnol\u00f3gicos e da infraestrutura necess\u00e1ria e adequada \u00e0 presta\u00e7\u00e3o do trabalho, al\u00e9m da possibilidade de altera\u00e7\u00e3o entre regime presencial e remoto mediante acordo m\u00fatuo entre as partes.<\/p>\n\n<h4>A reforma trabalhista eliminou a contribui\u00e7\u00e3o sindical obrigat\u00f3ria?<\/h4>\n<p>Sim, uma das mudan\u00e7as trazidas pela reforma trabalhista foi a altera\u00e7\u00e3o no recolhimento da contribui\u00e7\u00e3o sindical. Antes da reforma, a contribui\u00e7\u00e3o sindical era obrigat\u00f3ria e automaticamente descontada do sal\u00e1rio dos trabalhadores uma vez por ano, para financiar os sindicatos. Com a nova legisla\u00e7\u00e3o, a contribui\u00e7\u00e3o sindical passou a ser volunt\u00e1ria, necessitando da autoriza\u00e7\u00e3o pr\u00e9via e expressa do trabalhador para que o desconto seja realizado. Essa mudan\u00e7a visou dar mais autonomia aos trabalhadores em rela\u00e7\u00e3o ao financiamento dos sindicatos e provocou um debate sobre o impacto dessa medida na sustenta\u00e7\u00e3o financeira das entidades sindicais.<\/p>\n\t\t\t\t<\/div>\n\t\t\t\t<\/div>\n\t\t\t\t\t<\/div>\n\t\t\t\t<\/div>\n\t\t\t\t<\/div>\n\t\t","protected":false},"excerpt":{"rendered":"<p>Este artigo oferece uma an\u00e1lise profunda da Reforma Trabalhista de 2017 no Brasil, destacando as principais mudan\u00e7as e seus impactos no judici\u00e1rio e nas rela\u00e7\u00f5es de trabalho. Discute-se a flexibiliza\u00e7\u00e3o das negocia\u00e7\u00f5es coletivas, a introdu\u00e7\u00e3o do trabalho intermitente, a regulamenta\u00e7\u00e3o do Home Office e as implica\u00e7\u00f5es dessas mudan\u00e7as para empregadores e empregados. A postagem tamb\u00e9m inclui reflex\u00f5es baseadas em materiais complementares para uma vis\u00e3o mais abrangente.<\/p>\n","protected":false},"author":3,"featured_media":2863,"comment_status":"open","ping_status":"open","sticky":false,"template":"elementor_theme","format":"standard","meta":{"footnotes":""},"categories":[2],"tags":[134,131,129,132,127,128,126,130,135,125,133],"class_list":["post-2460","post","type-post","status-publish","format-standard","has-post-thumbnail","hentry","category-juridico","tag-adaptacoes-legislacao-trabalhista","tag-contribuicao-sindical-reforma","tag-direitos-trabalhadores-brasil","tag-home-office-legislacao","tag-impacto-reforma-trabalhista","tag-legislacao-trabalhista-brasil","tag-mudancas-trabalhistas-2017","tag-negociacoes-coletivas-trabalho","tag-nugget-10","tag-reforma-trabalhista","tag-trabalho-intermitente"],"yoast_head":"<!-- This site is optimized with the Yoast SEO plugin v25.6 - https:\/\/yoast.com\/wordpress\/plugins\/seo\/ -->\n<title>Entendendo as Mudan\u00e7as da Reforma Trabalhista no Brasil<\/title>\n<meta name=\"description\" content=\"Explore uma an\u00e1lise detalhada sobre a Reforma Trabalhista de 2017 no Brasil, abordando suas mudan\u00e7as, impactos no judici\u00e1rio, rela\u00e7\u00f5es de trabalho e muito mais. Entenda como essas altera\u00e7\u00f5es afetam empregadores e empregados.\" \/>\n<meta name=\"robots\" content=\"index, follow, max-snippet:-1, max-image-preview:large, max-video-preview:-1\" \/>\n<link rel=\"canonical\" href=\"https:\/\/aftadvocacia.adv.br\/wordpressfoto\/entendendo-as-mudancas-da-reforma-trabalhista-uma-analise-detalhada\/\" \/>\n<meta property=\"og:locale\" content=\"pt_BR\" \/>\n<meta property=\"og:type\" content=\"article\" \/>\n<meta property=\"og:title\" content=\"Entendendo as Mudan\u00e7as da Reforma Trabalhista no Brasil\" \/>\n<meta property=\"og:description\" content=\"Explore uma an\u00e1lise detalhada sobre a Reforma Trabalhista de 2017 no Brasil, abordando suas mudan\u00e7as, impactos no judici\u00e1rio, rela\u00e7\u00f5es de trabalho e muito mais. Entenda como essas altera\u00e7\u00f5es afetam empregadores e empregados.\" \/>\n<meta property=\"og:url\" content=\"https:\/\/aftadvocacia.adv.br\/wordpressfoto\/entendendo-as-mudancas-da-reforma-trabalhista-uma-analise-detalhada\/\" \/>\n<meta property=\"og:site_name\" content=\"AFT Advocacia: Excel\u00eancia em Advocacia e Consultoria Jur\u00eddica\" \/>\n<meta property=\"article:published_time\" content=\"2024-01-11T18:39:46+00:00\" \/>\n<meta property=\"article:modified_time\" content=\"2024-02-14T12:57:16+00:00\" \/>\n<meta property=\"og:image\" content=\"https:\/\/aftadvocacia.adv.br\/wordpressfoto\/wp-content\/uploads\/2024\/01\/reforma-trabalhista-aft-advocacia-bento-goncalves.webp\" \/>\n\t<meta property=\"og:image:width\" content=\"1792\" \/>\n\t<meta property=\"og:image:height\" content=\"1024\" \/>\n\t<meta property=\"og:image:type\" content=\"image\/webp\" \/>\n<meta name=\"author\" content=\"Rodrigo Terra de Souza\" \/>\n<meta name=\"twitter:card\" content=\"summary_large_image\" \/>\n<meta name=\"twitter:label1\" content=\"Escrito por\" \/>\n\t<meta name=\"twitter:data1\" content=\"Rodrigo Terra de Souza\" \/>\n\t<meta name=\"twitter:label2\" content=\"Est. tempo de leitura\" \/>\n\t<meta name=\"twitter:data2\" content=\"20 minutos\" \/>\n<script type=\"application\/ld+json\" class=\"yoast-schema-graph\">{\"@context\":\"https:\/\/schema.org\",\"@graph\":[{\"@type\":\"Article\",\"@id\":\"https:\/\/aftadvocacia.adv.br\/wordpressfoto\/entendendo-as-mudancas-da-reforma-trabalhista-uma-analise-detalhada\/#article\",\"isPartOf\":{\"@id\":\"https:\/\/aftadvocacia.adv.br\/wordpressfoto\/entendendo-as-mudancas-da-reforma-trabalhista-uma-analise-detalhada\/\"},\"author\":{\"name\":\"Rodrigo Terra de Souza\",\"@id\":\"https:\/\/aftadvocacia.adv.br\/wordpressfoto\/#\/schema\/person\/bd48d9b8e7cc72b9dba0f443a269acf6\"},\"headline\":\"Entendendo as Mudan\u00e7as da Reforma Trabalhista\",\"datePublished\":\"2024-01-11T18:39:46+00:00\",\"dateModified\":\"2024-02-14T12:57:16+00:00\",\"mainEntityOfPage\":{\"@id\":\"https:\/\/aftadvocacia.adv.br\/wordpressfoto\/entendendo-as-mudancas-da-reforma-trabalhista-uma-analise-detalhada\/\"},\"wordCount\":3928,\"commentCount\":0,\"publisher\":{\"@id\":\"https:\/\/aftadvocacia.adv.br\/wordpressfoto\/#organization\"},\"image\":{\"@id\":\"https:\/\/aftadvocacia.adv.br\/wordpressfoto\/entendendo-as-mudancas-da-reforma-trabalhista-uma-analise-detalhada\/#primaryimage\"},\"thumbnailUrl\":\"https:\/\/aftadvocacia.adv.br\/wordpressfoto\/wp-content\/uploads\/2024\/01\/reforma-trabalhista-aft-advocacia-bento-goncalves.webp\",\"keywords\":[\"adapta\u00e7\u00f5es legisla\u00e7\u00e3o trabalhista\",\"contribui\u00e7\u00e3o sindical reforma\",\"direitos trabalhadores Brasil\",\"Home Office legisla\u00e7\u00e3o\",\"impacto reforma trabalhista\",\"legisla\u00e7\u00e3o trabalhista Brasil\",\"mudan\u00e7as trabalhistas 2017\",\"negocia\u00e7\u00f5es coletivas trabalho\",\"NUGGET 10\",\"reforma trabalhista\",\"trabalho intermitente\"],\"articleSection\":[\"Jur\u00eddico\"],\"inLanguage\":\"pt-BR\",\"potentialAction\":[{\"@type\":\"CommentAction\",\"name\":\"Comment\",\"target\":[\"https:\/\/aftadvocacia.adv.br\/wordpressfoto\/entendendo-as-mudancas-da-reforma-trabalhista-uma-analise-detalhada\/#respond\"]}]},{\"@type\":\"WebPage\",\"@id\":\"https:\/\/aftadvocacia.adv.br\/wordpressfoto\/entendendo-as-mudancas-da-reforma-trabalhista-uma-analise-detalhada\/\",\"url\":\"https:\/\/aftadvocacia.adv.br\/wordpressfoto\/entendendo-as-mudancas-da-reforma-trabalhista-uma-analise-detalhada\/\",\"name\":\"Entendendo as Mudan\u00e7as da Reforma Trabalhista no Brasil\",\"isPartOf\":{\"@id\":\"https:\/\/aftadvocacia.adv.br\/wordpressfoto\/#website\"},\"primaryImageOfPage\":{\"@id\":\"https:\/\/aftadvocacia.adv.br\/wordpressfoto\/entendendo-as-mudancas-da-reforma-trabalhista-uma-analise-detalhada\/#primaryimage\"},\"image\":{\"@id\":\"https:\/\/aftadvocacia.adv.br\/wordpressfoto\/entendendo-as-mudancas-da-reforma-trabalhista-uma-analise-detalhada\/#primaryimage\"},\"thumbnailUrl\":\"https:\/\/aftadvocacia.adv.br\/wordpressfoto\/wp-content\/uploads\/2024\/01\/reforma-trabalhista-aft-advocacia-bento-goncalves.webp\",\"datePublished\":\"2024-01-11T18:39:46+00:00\",\"dateModified\":\"2024-02-14T12:57:16+00:00\",\"description\":\"Explore uma an\u00e1lise detalhada sobre a Reforma Trabalhista de 2017 no Brasil, abordando suas mudan\u00e7as, impactos no judici\u00e1rio, rela\u00e7\u00f5es de trabalho e muito mais. Entenda como essas altera\u00e7\u00f5es afetam empregadores e empregados.\",\"breadcrumb\":{\"@id\":\"https:\/\/aftadvocacia.adv.br\/wordpressfoto\/entendendo-as-mudancas-da-reforma-trabalhista-uma-analise-detalhada\/#breadcrumb\"},\"inLanguage\":\"pt-BR\",\"potentialAction\":[{\"@type\":\"ReadAction\",\"target\":[\"https:\/\/aftadvocacia.adv.br\/wordpressfoto\/entendendo-as-mudancas-da-reforma-trabalhista-uma-analise-detalhada\/\"]}]},{\"@type\":\"ImageObject\",\"inLanguage\":\"pt-BR\",\"@id\":\"https:\/\/aftadvocacia.adv.br\/wordpressfoto\/entendendo-as-mudancas-da-reforma-trabalhista-uma-analise-detalhada\/#primaryimage\",\"url\":\"https:\/\/aftadvocacia.adv.br\/wordpressfoto\/wp-content\/uploads\/2024\/01\/reforma-trabalhista-aft-advocacia-bento-goncalves.webp\",\"contentUrl\":\"https:\/\/aftadvocacia.adv.br\/wordpressfoto\/wp-content\/uploads\/2024\/01\/reforma-trabalhista-aft-advocacia-bento-goncalves.webp\",\"width\":1792,\"height\":1024},{\"@type\":\"BreadcrumbList\",\"@id\":\"https:\/\/aftadvocacia.adv.br\/wordpressfoto\/entendendo-as-mudancas-da-reforma-trabalhista-uma-analise-detalhada\/#breadcrumb\",\"itemListElement\":[{\"@type\":\"ListItem\",\"position\":1,\"name\":\"In\u00edcio\",\"item\":\"https:\/\/aftadvocacia.adv.br\/wordpressfoto\/\"},{\"@type\":\"ListItem\",\"position\":2,\"name\":\"Entendendo as Mudan\u00e7as da Reforma Trabalhista\"}]},{\"@type\":\"WebSite\",\"@id\":\"https:\/\/aftadvocacia.adv.br\/wordpressfoto\/#website\",\"url\":\"https:\/\/aftadvocacia.adv.br\/wordpressfoto\/\",\"name\":\"AFT Advogados: Excel\u00eancia em Advocacia e Consultoria Jur\u00eddica\",\"description\":\"Com mais de 20 anos de experi\u00eancia, a AFTA Advocacia se destaca pela dedica\u00e7\u00e3o, responsabilidade e compromisso em oferecer solu\u00e7\u00f5es jur\u00eddicas personalizadas. Especializados em Direito Tribut\u00e1rio, Empresarial e diversas outras \u00e1reas, nossa miss\u00e3o \u00e9 satisfazer e superar as expectativas de nossos clientes, atuando com \u00e9tica e compet\u00eancia t\u00e9cnico-jur\u00eddica.\",\"publisher\":{\"@id\":\"https:\/\/aftadvocacia.adv.br\/wordpressfoto\/#organization\"},\"potentialAction\":[{\"@type\":\"SearchAction\",\"target\":{\"@type\":\"EntryPoint\",\"urlTemplate\":\"https:\/\/aftadvocacia.adv.br\/wordpressfoto\/?s={search_term_string}\"},\"query-input\":{\"@type\":\"PropertyValueSpecification\",\"valueRequired\":true,\"valueName\":\"search_term_string\"}}],\"inLanguage\":\"pt-BR\"},{\"@type\":\"Organization\",\"@id\":\"https:\/\/aftadvocacia.adv.br\/wordpressfoto\/#organization\",\"name\":\"AFT Advogados: Excel\u00eancia em Advocacia e Consultoria Jur\u00eddica\",\"url\":\"https:\/\/aftadvocacia.adv.br\/wordpressfoto\/\",\"logo\":{\"@type\":\"ImageObject\",\"inLanguage\":\"pt-BR\",\"@id\":\"https:\/\/aftadvocacia.adv.br\/wordpressfoto\/#\/schema\/logo\/image\/\",\"url\":\"https:\/\/aftadvocacia.adv.br\/wordpressfoto\/wp-content\/uploads\/2024\/01\/Logotipo-com-OAB-aft-advogados-bento-direito.png\",\"contentUrl\":\"https:\/\/aftadvocacia.adv.br\/wordpressfoto\/wp-content\/uploads\/2024\/01\/Logotipo-com-OAB-aft-advogados-bento-direito.png\",\"width\":350,\"height\":184,\"caption\":\"AFT Advogados: Excel\u00eancia em Advocacia e Consultoria Jur\u00eddica\"},\"image\":{\"@id\":\"https:\/\/aftadvocacia.adv.br\/wordpressfoto\/#\/schema\/logo\/image\/\"}},{\"@type\":\"Person\",\"@id\":\"https:\/\/aftadvocacia.adv.br\/wordpressfoto\/#\/schema\/person\/bd48d9b8e7cc72b9dba0f443a269acf6\",\"name\":\"Rodrigo Terra de Souza\",\"image\":{\"@type\":\"ImageObject\",\"inLanguage\":\"pt-BR\",\"@id\":\"https:\/\/aftadvocacia.adv.br\/wordpressfoto\/#\/schema\/person\/image\/\",\"url\":\"https:\/\/secure.gravatar.com\/avatar\/318ae92e70f6dd3715f992db4ba673d498b17671e599b5da50744173bba18e0e?s=96&d=mm&r=g\",\"contentUrl\":\"https:\/\/secure.gravatar.com\/avatar\/318ae92e70f6dd3715f992db4ba673d498b17671e599b5da50744173bba18e0e?s=96&d=mm&r=g\",\"caption\":\"Rodrigo Terra de Souza\"},\"description\":\"Doutor em Ci\u00eancias Jur\u00eddicas e Sociais, p\u00f3s-graduado em Direito Societ\u00e1rio e Gest\u00e3o Empreendedora, com certifica\u00e7\u00e3o em Gest\u00e3o de Riscos e Compliance. Bacharel em Direito e ex-professor de cursos tecnol\u00f3gicos e de gradua\u00e7\u00e3o\",\"url\":\"https:\/\/aftadvocacia.adv.br\/wordpressfoto\/author\/rodrigo\/\"}]}<\/script>\n<!-- \/ Yoast SEO plugin. -->","yoast_head_json":{"title":"Entendendo as Mudan\u00e7as da Reforma Trabalhista no Brasil","description":"Explore uma an\u00e1lise detalhada sobre a Reforma Trabalhista de 2017 no Brasil, abordando suas mudan\u00e7as, impactos no judici\u00e1rio, rela\u00e7\u00f5es de trabalho e muito mais. Entenda como essas altera\u00e7\u00f5es afetam empregadores e empregados.","robots":{"index":"index","follow":"follow","max-snippet":"max-snippet:-1","max-image-preview":"max-image-preview:large","max-video-preview":"max-video-preview:-1"},"canonical":"https:\/\/aftadvocacia.adv.br\/wordpressfoto\/entendendo-as-mudancas-da-reforma-trabalhista-uma-analise-detalhada\/","og_locale":"pt_BR","og_type":"article","og_title":"Entendendo as Mudan\u00e7as da Reforma Trabalhista no Brasil","og_description":"Explore uma an\u00e1lise detalhada sobre a Reforma Trabalhista de 2017 no Brasil, abordando suas mudan\u00e7as, impactos no judici\u00e1rio, rela\u00e7\u00f5es de trabalho e muito mais. Entenda como essas altera\u00e7\u00f5es afetam empregadores e empregados.","og_url":"https:\/\/aftadvocacia.adv.br\/wordpressfoto\/entendendo-as-mudancas-da-reforma-trabalhista-uma-analise-detalhada\/","og_site_name":"AFT Advocacia: Excel\u00eancia em Advocacia e Consultoria Jur\u00eddica","article_published_time":"2024-01-11T18:39:46+00:00","article_modified_time":"2024-02-14T12:57:16+00:00","og_image":[{"width":1792,"height":1024,"url":"https:\/\/aftadvocacia.adv.br\/wordpressfoto\/wp-content\/uploads\/2024\/01\/reforma-trabalhista-aft-advocacia-bento-goncalves.webp","type":"image\/webp"}],"author":"Rodrigo Terra de Souza","twitter_card":"summary_large_image","twitter_misc":{"Escrito por":"Rodrigo Terra de Souza","Est. tempo de leitura":"20 minutos"},"schema":{"@context":"https:\/\/schema.org","@graph":[{"@type":"Article","@id":"https:\/\/aftadvocacia.adv.br\/wordpressfoto\/entendendo-as-mudancas-da-reforma-trabalhista-uma-analise-detalhada\/#article","isPartOf":{"@id":"https:\/\/aftadvocacia.adv.br\/wordpressfoto\/entendendo-as-mudancas-da-reforma-trabalhista-uma-analise-detalhada\/"},"author":{"name":"Rodrigo Terra de Souza","@id":"https:\/\/aftadvocacia.adv.br\/wordpressfoto\/#\/schema\/person\/bd48d9b8e7cc72b9dba0f443a269acf6"},"headline":"Entendendo as Mudan\u00e7as da Reforma Trabalhista","datePublished":"2024-01-11T18:39:46+00:00","dateModified":"2024-02-14T12:57:16+00:00","mainEntityOfPage":{"@id":"https:\/\/aftadvocacia.adv.br\/wordpressfoto\/entendendo-as-mudancas-da-reforma-trabalhista-uma-analise-detalhada\/"},"wordCount":3928,"commentCount":0,"publisher":{"@id":"https:\/\/aftadvocacia.adv.br\/wordpressfoto\/#organization"},"image":{"@id":"https:\/\/aftadvocacia.adv.br\/wordpressfoto\/entendendo-as-mudancas-da-reforma-trabalhista-uma-analise-detalhada\/#primaryimage"},"thumbnailUrl":"https:\/\/aftadvocacia.adv.br\/wordpressfoto\/wp-content\/uploads\/2024\/01\/reforma-trabalhista-aft-advocacia-bento-goncalves.webp","keywords":["adapta\u00e7\u00f5es legisla\u00e7\u00e3o trabalhista","contribui\u00e7\u00e3o sindical reforma","direitos trabalhadores Brasil","Home Office legisla\u00e7\u00e3o","impacto reforma trabalhista","legisla\u00e7\u00e3o trabalhista Brasil","mudan\u00e7as trabalhistas 2017","negocia\u00e7\u00f5es coletivas trabalho","NUGGET 10","reforma trabalhista","trabalho intermitente"],"articleSection":["Jur\u00eddico"],"inLanguage":"pt-BR","potentialAction":[{"@type":"CommentAction","name":"Comment","target":["https:\/\/aftadvocacia.adv.br\/wordpressfoto\/entendendo-as-mudancas-da-reforma-trabalhista-uma-analise-detalhada\/#respond"]}]},{"@type":"WebPage","@id":"https:\/\/aftadvocacia.adv.br\/wordpressfoto\/entendendo-as-mudancas-da-reforma-trabalhista-uma-analise-detalhada\/","url":"https:\/\/aftadvocacia.adv.br\/wordpressfoto\/entendendo-as-mudancas-da-reforma-trabalhista-uma-analise-detalhada\/","name":"Entendendo as Mudan\u00e7as da Reforma Trabalhista no Brasil","isPartOf":{"@id":"https:\/\/aftadvocacia.adv.br\/wordpressfoto\/#website"},"primaryImageOfPage":{"@id":"https:\/\/aftadvocacia.adv.br\/wordpressfoto\/entendendo-as-mudancas-da-reforma-trabalhista-uma-analise-detalhada\/#primaryimage"},"image":{"@id":"https:\/\/aftadvocacia.adv.br\/wordpressfoto\/entendendo-as-mudancas-da-reforma-trabalhista-uma-analise-detalhada\/#primaryimage"},"thumbnailUrl":"https:\/\/aftadvocacia.adv.br\/wordpressfoto\/wp-content\/uploads\/2024\/01\/reforma-trabalhista-aft-advocacia-bento-goncalves.webp","datePublished":"2024-01-11T18:39:46+00:00","dateModified":"2024-02-14T12:57:16+00:00","description":"Explore uma an\u00e1lise detalhada sobre a Reforma Trabalhista de 2017 no Brasil, abordando suas mudan\u00e7as, impactos no judici\u00e1rio, rela\u00e7\u00f5es de trabalho e muito mais. Entenda como essas altera\u00e7\u00f5es afetam empregadores e empregados.","breadcrumb":{"@id":"https:\/\/aftadvocacia.adv.br\/wordpressfoto\/entendendo-as-mudancas-da-reforma-trabalhista-uma-analise-detalhada\/#breadcrumb"},"inLanguage":"pt-BR","potentialAction":[{"@type":"ReadAction","target":["https:\/\/aftadvocacia.adv.br\/wordpressfoto\/entendendo-as-mudancas-da-reforma-trabalhista-uma-analise-detalhada\/"]}]},{"@type":"ImageObject","inLanguage":"pt-BR","@id":"https:\/\/aftadvocacia.adv.br\/wordpressfoto\/entendendo-as-mudancas-da-reforma-trabalhista-uma-analise-detalhada\/#primaryimage","url":"https:\/\/aftadvocacia.adv.br\/wordpressfoto\/wp-content\/uploads\/2024\/01\/reforma-trabalhista-aft-advocacia-bento-goncalves.webp","contentUrl":"https:\/\/aftadvocacia.adv.br\/wordpressfoto\/wp-content\/uploads\/2024\/01\/reforma-trabalhista-aft-advocacia-bento-goncalves.webp","width":1792,"height":1024},{"@type":"BreadcrumbList","@id":"https:\/\/aftadvocacia.adv.br\/wordpressfoto\/entendendo-as-mudancas-da-reforma-trabalhista-uma-analise-detalhada\/#breadcrumb","itemListElement":[{"@type":"ListItem","position":1,"name":"In\u00edcio","item":"https:\/\/aftadvocacia.adv.br\/wordpressfoto\/"},{"@type":"ListItem","position":2,"name":"Entendendo as Mudan\u00e7as da Reforma Trabalhista"}]},{"@type":"WebSite","@id":"https:\/\/aftadvocacia.adv.br\/wordpressfoto\/#website","url":"https:\/\/aftadvocacia.adv.br\/wordpressfoto\/","name":"AFT Advogados: Excel\u00eancia em Advocacia e Consultoria Jur\u00eddica","description":"Com mais de 20 anos de experi\u00eancia, a AFTA Advocacia se destaca pela dedica\u00e7\u00e3o, responsabilidade e compromisso em oferecer solu\u00e7\u00f5es jur\u00eddicas personalizadas. Especializados em Direito Tribut\u00e1rio, Empresarial e diversas outras \u00e1reas, nossa miss\u00e3o \u00e9 satisfazer e superar as expectativas de nossos clientes, atuando com \u00e9tica e compet\u00eancia t\u00e9cnico-jur\u00eddica.","publisher":{"@id":"https:\/\/aftadvocacia.adv.br\/wordpressfoto\/#organization"},"potentialAction":[{"@type":"SearchAction","target":{"@type":"EntryPoint","urlTemplate":"https:\/\/aftadvocacia.adv.br\/wordpressfoto\/?s={search_term_string}"},"query-input":{"@type":"PropertyValueSpecification","valueRequired":true,"valueName":"search_term_string"}}],"inLanguage":"pt-BR"},{"@type":"Organization","@id":"https:\/\/aftadvocacia.adv.br\/wordpressfoto\/#organization","name":"AFT Advogados: Excel\u00eancia em Advocacia e Consultoria Jur\u00eddica","url":"https:\/\/aftadvocacia.adv.br\/wordpressfoto\/","logo":{"@type":"ImageObject","inLanguage":"pt-BR","@id":"https:\/\/aftadvocacia.adv.br\/wordpressfoto\/#\/schema\/logo\/image\/","url":"https:\/\/aftadvocacia.adv.br\/wordpressfoto\/wp-content\/uploads\/2024\/01\/Logotipo-com-OAB-aft-advogados-bento-direito.png","contentUrl":"https:\/\/aftadvocacia.adv.br\/wordpressfoto\/wp-content\/uploads\/2024\/01\/Logotipo-com-OAB-aft-advogados-bento-direito.png","width":350,"height":184,"caption":"AFT Advogados: Excel\u00eancia em Advocacia e Consultoria Jur\u00eddica"},"image":{"@id":"https:\/\/aftadvocacia.adv.br\/wordpressfoto\/#\/schema\/logo\/image\/"}},{"@type":"Person","@id":"https:\/\/aftadvocacia.adv.br\/wordpressfoto\/#\/schema\/person\/bd48d9b8e7cc72b9dba0f443a269acf6","name":"Rodrigo Terra de Souza","image":{"@type":"ImageObject","inLanguage":"pt-BR","@id":"https:\/\/aftadvocacia.adv.br\/wordpressfoto\/#\/schema\/person\/image\/","url":"https:\/\/secure.gravatar.com\/avatar\/318ae92e70f6dd3715f992db4ba673d498b17671e599b5da50744173bba18e0e?s=96&d=mm&r=g","contentUrl":"https:\/\/secure.gravatar.com\/avatar\/318ae92e70f6dd3715f992db4ba673d498b17671e599b5da50744173bba18e0e?s=96&d=mm&r=g","caption":"Rodrigo Terra de Souza"},"description":"Doutor em Ci\u00eancias Jur\u00eddicas e Sociais, p\u00f3s-graduado em Direito Societ\u00e1rio e Gest\u00e3o Empreendedora, com certifica\u00e7\u00e3o em Gest\u00e3o de Riscos e Compliance. Bacharel em Direito e ex-professor de cursos tecnol\u00f3gicos e de gradua\u00e7\u00e3o","url":"https:\/\/aftadvocacia.adv.br\/wordpressfoto\/author\/rodrigo\/"}]}},"_links":{"self":[{"href":"https:\/\/aftadvocacia.adv.br\/wordpressfoto\/wp-json\/wp\/v2\/posts\/2460","targetHints":{"allow":["GET"]}}],"collection":[{"href":"https:\/\/aftadvocacia.adv.br\/wordpressfoto\/wp-json\/wp\/v2\/posts"}],"about":[{"href":"https:\/\/aftadvocacia.adv.br\/wordpressfoto\/wp-json\/wp\/v2\/types\/post"}],"author":[{"embeddable":true,"href":"https:\/\/aftadvocacia.adv.br\/wordpressfoto\/wp-json\/wp\/v2\/users\/3"}],"replies":[{"embeddable":true,"href":"https:\/\/aftadvocacia.adv.br\/wordpressfoto\/wp-json\/wp\/v2\/comments?post=2460"}],"version-history":[{"count":0,"href":"https:\/\/aftadvocacia.adv.br\/wordpressfoto\/wp-json\/wp\/v2\/posts\/2460\/revisions"}],"wp:featuredmedia":[{"embeddable":true,"href":"https:\/\/aftadvocacia.adv.br\/wordpressfoto\/wp-json\/wp\/v2\/media\/2863"}],"wp:attachment":[{"href":"https:\/\/aftadvocacia.adv.br\/wordpressfoto\/wp-json\/wp\/v2\/media?parent=2460"}],"wp:term":[{"taxonomy":"category","embeddable":true,"href":"https:\/\/aftadvocacia.adv.br\/wordpressfoto\/wp-json\/wp\/v2\/categories?post=2460"},{"taxonomy":"post_tag","embeddable":true,"href":"https:\/\/aftadvocacia.adv.br\/wordpressfoto\/wp-json\/wp\/v2\/tags?post=2460"}],"curies":[{"name":"wp","href":"https:\/\/api.w.org\/{rel}","templated":true}]}}