{"id":2437,"date":"2024-01-11T14:53:37","date_gmt":"2024-01-11T17:53:37","guid":{"rendered":"https:\/\/aftadvocacia.adv.br\/wordpressfoto\/?p=2437"},"modified":"2024-02-14T11:02:36","modified_gmt":"2024-02-14T14:02:36","slug":"entre-notificacoes-e-juizados-uma-jornada-no-mundo-das-cobrancas","status":"publish","type":"post","link":"https:\/\/aftadvocacia.adv.br\/wordpressfoto\/entre-notificacoes-e-juizados-uma-jornada-no-mundo-das-cobrancas\/","title":{"rendered":"Cobran\u00e7a de D\u00edvidas e o Judici\u00e1rio: o que voc\u00ea precisa saber"},"content":{"rendered":"\t\t<div data-elementor-type=\"wp-post\" data-elementor-id=\"2437\" class=\"elementor elementor-2437\" data-elementor-post-type=\"post\">\n\t\t\t\t<div class=\"elementor-element elementor-element-a3d7c07 e-flex e-con-boxed e-con e-parent\" data-id=\"a3d7c07\" data-element_type=\"container\">\n\t\t\t\t\t<div class=\"e-con-inner\">\n\t\t\t\t<div class=\"elementor-element elementor-element-20ee1db2 elementor-widget elementor-widget-video\" data-id=\"20ee1db2\" data-element_type=\"widget\" data-settings=\"{&quot;youtube_url&quot;:&quot;https:\\\/\\\/www.youtube.com\\\/watch?v=GXyqiCR9XXs&amp;list=PLNFjLfN9Xs1xO15E_tW1XbKjvWJhmIrg3&amp;index=13&quot;,&quot;video_type&quot;:&quot;youtube&quot;,&quot;controls&quot;:&quot;yes&quot;}\" data-widget_type=\"video.default\">\n\t\t\t\t<div class=\"elementor-widget-container\">\n\t\t\t\t\t\t\t<div class=\"elementor-wrapper elementor-open-inline\">\n\t\t\t<div class=\"elementor-video\"><\/div>\t\t<\/div>\n\t\t\t\t\t\t<\/div>\n\t\t\t\t<\/div>\n\t\t\t\t\t<\/div>\n\t\t\t\t<\/div>\n\t\t<div class=\"elementor-element elementor-element-7e56a1a9 e-flex e-con-boxed e-con e-parent\" data-id=\"7e56a1a9\" data-element_type=\"container\">\n\t\t\t\t\t<div class=\"e-con-inner\">\n\t\t\t\t<div class=\"elementor-element elementor-element-280f644c elementor-widget elementor-widget-html\" data-id=\"280f644c\" data-element_type=\"widget\" data-widget_type=\"html.default\">\n\t\t\t\t<div class=\"elementor-widget-container\">\n\t\t\t\t\t<h2>Introdu\u00e7\u00e3o<\/h2>\n<p>Ol\u00e1, sou a Dra. Vit\u00f3ria Viel\nGujel cuja especializa\u00e7\u00e3o em Direito e Processo Tribut\u00e1rio a coloca na vanguarda da advocacia fiscal, atua na AFT um escrit\u00f3rio dedicado a oferecer solu\u00e7\u00f5es jur\u00eddicas inovadoras e eficazes para nossos clientes. Neste artigo, mergulharemos no complexo mundo da cobran\u00e7a de d\u00edvidas no Brasil, explorando tanto as estrat\u00e9gias extrajudiciais quanto as a\u00e7\u00f5es judiciais que podem ser empregadas para recuperar cr\u00e9ditos de forma eficiente. Com anos de experi\u00eancia na \u00e1rea, compreendo profundamente os desafios e nuances envolvidos no processo de cobran\u00e7a e estou aqui para compartilhar insights valiosos que podem ajudar tanto credores quanto devedores a navegar por este terreno muitas vezes complicado.<\/p>\n<p>Abordaremos desde a import\u00e2ncia da prova na cobran\u00e7a de d\u00edvidas, passando pelas estrat\u00e9gias de cobran\u00e7a extrajudicial, at\u00e9 o processo de execu\u00e7\u00e3o judicial, sem esquecer das ferramentas judiciais para localiza\u00e7\u00e3o de ativos e a prote\u00e7\u00e3o da poupan\u00e7a. Al\u00e9m disso, analisaremos materiais complementares encontrados na internet, incluindo artigos e v\u00eddeos que refor\u00e7am e expandem nossa discuss\u00e3o, oferecendo uma vis\u00e3o abrangente e atualizada sobre o tema. Este artigo \u00e9 essencial para quem busca entender melhor as op\u00e7\u00f5es dispon\u00edveis para a cobran\u00e7a de d\u00edvidas e como escolher a estrat\u00e9gia mais adequada para cada situa\u00e7\u00e3o espec\u00edfica. Prepare-se para uma leitura rica em informa\u00e7\u00f5es que ir\u00e1 equip\u00e1-lo com o conhecimento necess\u00e1rio para enfrentar os desafios da cobran\u00e7a de d\u00edvidas no Brasil.<\/p>\n\t\t\t\t<\/div>\n\t\t\t\t<\/div>\n\t\t\t\t\t<\/div>\n\t\t\t\t<\/div>\n\t\t<div class=\"elementor-element elementor-element-5ec111bc e-flex e-con-boxed e-con e-parent\" data-id=\"5ec111bc\" data-element_type=\"container\">\n\t\t\t\t\t<div class=\"e-con-inner\">\n\t\t\t\t<div class=\"elementor-element elementor-element-3b7228fd elementor-widget elementor-widget-image\" data-id=\"3b7228fd\" data-element_type=\"widget\" data-widget_type=\"image.default\">\n\t\t\t\t<div class=\"elementor-widget-container\">\n\t\t\t\t\t\t\t\t\t\t\t\t\t\t\t<img fetchpriority=\"high\" decoding=\"async\" width=\"800\" height=\"457\" src=\"https:\/\/aftadvocacia.adv.br\/wordpressfoto\/wp-content\/uploads\/2024\/01\/cobranca-de-dividas-aft-advocacia-bento-goncalves-1024x585.webp\" class=\"attachment-large size-large wp-image-2869\" alt=\"\" srcset=\"https:\/\/aftadvocacia.adv.br\/wordpressfoto\/wp-content\/uploads\/2024\/01\/cobranca-de-dividas-aft-advocacia-bento-goncalves-1024x585.webp 1024w, https:\/\/aftadvocacia.adv.br\/wordpressfoto\/wp-content\/uploads\/2024\/01\/cobranca-de-dividas-aft-advocacia-bento-goncalves-300x171.webp 300w, https:\/\/aftadvocacia.adv.br\/wordpressfoto\/wp-content\/uploads\/2024\/01\/cobranca-de-dividas-aft-advocacia-bento-goncalves-768x439.webp 768w, https:\/\/aftadvocacia.adv.br\/wordpressfoto\/wp-content\/uploads\/2024\/01\/cobranca-de-dividas-aft-advocacia-bento-goncalves-1536x878.webp 1536w, https:\/\/aftadvocacia.adv.br\/wordpressfoto\/wp-content\/uploads\/2024\/01\/cobranca-de-dividas-aft-advocacia-bento-goncalves.webp 1792w\" sizes=\"(max-width: 800px) 100vw, 800px\" \/>\t\t\t\t\t\t\t\t\t\t\t\t\t\t\t<\/div>\n\t\t\t\t<\/div>\n\t\t\t\t<div class=\"elementor-element elementor-element-64e8c7d7 elementor-widget elementor-widget-html\" data-id=\"64e8c7d7\" data-element_type=\"widget\" data-widget_type=\"html.default\">\n\t\t\t\t<div class=\"elementor-widget-container\">\n\t\t\t\t\t<blockquote style=\"font-size: 20px; border: 1px solid; text-align: center; font-style: italic; line-height: normal; padding: 10px; margin: 20px;\">\n    \n    \n \"A notifica\u00e7\u00e3o extrajudicial do escrit\u00f3rio de advocacia j\u00e1 d\u00e1 uma balanceada, a gente d\u00e1 um sustinho.\"\n\n\n\n<\/blockquote>\t\t\t\t<\/div>\n\t\t\t\t<\/div>\n\t\t\t\t\t<\/div>\n\t\t\t\t<\/div>\n\t\t<div class=\"elementor-element elementor-element-3a90d437 e-flex e-con-boxed e-con e-parent\" data-id=\"3a90d437\" data-element_type=\"container\">\n\t\t\t\t\t<div class=\"e-con-inner\">\n\t\t\t\t<div class=\"elementor-element elementor-element-1a5ddd3a elementor-widget elementor-widget-html\" data-id=\"1a5ddd3a\" data-element_type=\"widget\" data-widget_type=\"html.default\">\n\t\t\t\t<div class=\"elementor-widget-container\">\n\t\t\t\t\t<h2>A Import\u00e2ncia da Prova na Cobran\u00e7a de D\u00edvidas<\/h2>\n<p>Quando falamos em cobran\u00e7a de d\u00edvidas, a primeira coisa que me vem \u00e0 cabe\u00e7a \u00e9 a necessidade absoluta de ter provas concretas. N\u00e3o \u00e9 raro encontrar situa\u00e7\u00f5es em que a falta de um documento como uma nota promiss\u00f3ria ou um cheque transforma uma cobran\u00e7a simples em um verdadeiro labirinto jur\u00eddico. A partir da minha experi\u00eancia, posso afirmar que uma notifica\u00e7\u00e3o extrajudicial bem elaborada por um escrit\u00f3rio de advocacia j\u00e1 causa um impacto significativo. \u00c9 aquele famoso \"sustinho\" que muitas vezes \u00e9 suficiente para equilibrar as coisas e motivar o devedor a se manifestar. Essa etapa inicial \u00e9 crucial e pode definir o rumo de todo o processo de cobran\u00e7a.<\/p>\n<p>Al\u00e9m disso, a prova documental n\u00e3o apenas fortalece a posi\u00e7\u00e3o do credor mas tamb\u00e9m agiliza o processo de cobran\u00e7a, seja ele judicial ou extrajudicial. A clareza e a precis\u00e3o das provas apresentadas podem fazer toda a diferen\u00e7a na hora de recuperar um valor devido. \u00c9 essencial entender que, sem essas provas, o processo de cobran\u00e7a pode se tornar extremamente complexo e demorado, afetando diretamente a efici\u00eancia e o sucesso das a\u00e7\u00f5es de cobran\u00e7a.<\/p>\n\n<h2>Estrat\u00e9gias de Cobran\u00e7a Extrajudicial<\/h2>\n<p>Optar pela cobran\u00e7a extrajudicial antes de envolver o judici\u00e1rio \u00e9 uma estrat\u00e9gia que eu sempre recomendo. Isso porque o processo judicial pode ser longo e oneroso, especialmente quando consideramos as custas processuais que, em alguns casos, podem ultrapassar o pr\u00f3prio valor da d\u00edvida. A resolu\u00e7\u00e3o extrajudicial, por outro lado, oferece uma via mais r\u00e1pida e menos custosa para a recupera\u00e7\u00e3o de d\u00edvidas. \u00c9 uma forma de resolver o problema de maneira eficiente, mantendo a rela\u00e7\u00e3o entre as partes o mais amistosa poss\u00edvel. Al\u00e9m disso, a negocia\u00e7\u00e3o direta pode resultar em acordos mais favor\u00e1veis para ambas as partes, evitando o desgaste e os custos associados ao processo judicial.<\/p>\n<p>A escolha pela via extrajudicial tamb\u00e9m reflete uma gest\u00e3o inteligente de recursos, tanto financeiros quanto de tempo. Ao evitar o judici\u00e1rio, economizamos n\u00e3o apenas em termos de custas processuais mas tamb\u00e9m na agilidade da resolu\u00e7\u00e3o do conflito. Isso \u00e9 particularmente importante em casos onde o valor da d\u00edvida n\u00e3o justifica os custos de um processo judicial. A negocia\u00e7\u00e3o direta e a media\u00e7\u00e3o s\u00e3o ferramentas poderosas que, quando bem utilizadas, podem resultar na recupera\u00e7\u00e3o efetiva da d\u00edvida sem a necessidade de lit\u00edgio.<\/p>\n\n<h2>O Processo de Execu\u00e7\u00e3o Judicial<\/h2>\n<p>A execu\u00e7\u00e3o judicial \u00e9 um caminho que, embora necess\u00e1rio em certos casos, vem repleto de desafios. Um dos maiores obst\u00e1culos \u00e9, sem d\u00favida, a localiza\u00e7\u00e3o do devedor e a penhora de bens suficientes para satisfazer a d\u00edvida. A realidade \u00e9 que muitos devedores se tornam verdadeiros mestres em se esconder do sistema, tornando a tarefa de localiz\u00e1-los extremamente complicada e, consequentemente, aumentando os custos do processo. Al\u00e9m disso, mesmo quando o devedor \u00e9 localizado, a identifica\u00e7\u00e3o e penhora de bens podem se tornar um processo longo e frustrante, especialmente se o devedor n\u00e3o possuir bens suficientes para quitar a d\u00edvida.<\/p>\n<p>A complexidade do processo de execu\u00e7\u00e3o judicial n\u00e3o se limita apenas \u00e0 localiza\u00e7\u00e3o do devedor e \u00e0 penhora de bens. Os custos associados a cada tentativa de localiza\u00e7\u00e3o e penhora, bem como as taxas judiciais, podem acumular rapidamente, tornando o processo ainda mais oneroso para o credor. \u00c9 um ciclo que pode se estender por anos, durante os quais o credor pode acabar gastando mais do que o valor original da d\u00edvida. Essa realidade enfatiza a import\u00e2ncia de uma avalia\u00e7\u00e3o cuidadosa antes de optar pela via judicial para a cobran\u00e7a de d\u00edvidas.<\/p>\n\n<h2>Ferramentas Judiciais para Localiza\u00e7\u00e3o de Ativos<\/h2>\n<p>A evolu\u00e7\u00e3o das ferramentas judiciais para a localiza\u00e7\u00e3o de ativos financeiros de devedores \u00e9 um dos avan\u00e7os mais significativos na \u00e1rea de cobran\u00e7a de d\u00edvidas. A transi\u00e7\u00e3o do BacenJud para o Sisbajud, por exemplo, ampliou enormemente o escopo de busca por ativos, incluindo agora bancos digitais, investimentos, e at\u00e9 mesmo maquininhas de cart\u00e3o de cr\u00e9dito. Essa mudan\u00e7a representa um salto qualitativo na efic\u00e1cia das a\u00e7\u00f5es de cobran\u00e7a, permitindo um acesso muito mais amplo \u00e0s informa\u00e7\u00f5es financeiras dos devedores.<\/p>\n<p>O Sisbajud n\u00e3o apenas facilitou a localiza\u00e7\u00e3o de ativos em uma variedade maior de institui\u00e7\u00f5es financeiras mas tamb\u00e9m agilizou o processo de bloqueio e penhora desses ativos. Isso significa que, hoje, temos uma chance muito maior de recuperar valores devidos, mesmo em casos onde os devedores tentam esconder ou dispersar seus ativos. A capacidade de rastrear e bloquear ativos financeiros de forma r\u00e1pida e eficiente \u00e9 uma arma poderosa na luta contra a inadimpl\u00eancia.<\/p>\n\n<h2>A Prote\u00e7\u00e3o da Poupan\u00e7a e a Impenhorabilidade<\/h2>\n<p>A prote\u00e7\u00e3o da poupan\u00e7a at\u00e9 o limite de 40 sal\u00e1rios m\u00ednimos \u00e9 uma garantia importante para os devedores, mas \u00e9 crucial entender que essa prote\u00e7\u00e3o tem limites e condi\u00e7\u00f5es. A impenhorabilidade da poupan\u00e7a visa garantir um m\u00ednimo de seguran\u00e7a financeira, mas n\u00e3o pode ser utilizada como um escudo para evitar o pagamento de d\u00edvidas leg\u00edtimas. A movimenta\u00e7\u00e3o financeira na conta poupan\u00e7a pode, de fato, afetar sua prote\u00e7\u00e3o. Se a conta \u00e9 utilizada para transa\u00e7\u00f5es regulares, perdendo assim sua caracter\u00edstica de \"poupan\u00e7a\", ela pode se tornar pass\u00edvel de penhora.<\/p>\n<p>Este ponto \u00e9 particularmente importante porque reflete a necessidade de uma an\u00e1lise cuidadosa das finan\u00e7as do devedor. A distin\u00e7\u00e3o entre o uso leg\u00edtimo da prote\u00e7\u00e3o da poupan\u00e7a e o abuso dessa prote\u00e7\u00e3o \u00e9 um aspecto crucial na avalia\u00e7\u00e3o da penhorabilidade dos ativos. Como advogados, temos a responsabilidade de investigar a fundo as circunst\u00e2ncias de cada caso, garantindo que a justi\u00e7a seja feita e que os credores possam recuperar os valores devidos de forma justa e eficaz.<\/p>\n\t\t\t\t<\/div>\n\t\t\t\t<\/div>\n\t\t\t\t\t<\/div>\n\t\t\t\t<\/div>\n\t\t<div class=\"elementor-element elementor-element-79d86d0f e-flex e-con-boxed e-con e-parent\" data-id=\"79d86d0f\" data-element_type=\"container\">\n\t\t\t\t\t<div class=\"e-con-inner\">\n\t\t\t\t<div class=\"elementor-element elementor-element-78fb6da7 elementor-widget elementor-widget-image\" data-id=\"78fb6da7\" data-element_type=\"widget\" data-widget_type=\"image.default\">\n\t\t\t\t<div class=\"elementor-widget-container\">\n\t\t\t\t\t\t\t\t\t\t\t\t\t\t\t<img decoding=\"async\" width=\"800\" height=\"457\" src=\"https:\/\/aftadvocacia.adv.br\/wordpressfoto\/wp-content\/uploads\/2024\/01\/cobranca-de-dividas-aft-advocacia-bento-goncalves2-1024x585.webp\" class=\"attachment-large size-large wp-image-2868\" alt=\"\" srcset=\"https:\/\/aftadvocacia.adv.br\/wordpressfoto\/wp-content\/uploads\/2024\/01\/cobranca-de-dividas-aft-advocacia-bento-goncalves2-1024x585.webp 1024w, https:\/\/aftadvocacia.adv.br\/wordpressfoto\/wp-content\/uploads\/2024\/01\/cobranca-de-dividas-aft-advocacia-bento-goncalves2-300x171.webp 300w, https:\/\/aftadvocacia.adv.br\/wordpressfoto\/wp-content\/uploads\/2024\/01\/cobranca-de-dividas-aft-advocacia-bento-goncalves2-768x439.webp 768w, https:\/\/aftadvocacia.adv.br\/wordpressfoto\/wp-content\/uploads\/2024\/01\/cobranca-de-dividas-aft-advocacia-bento-goncalves2-1536x878.webp 1536w, https:\/\/aftadvocacia.adv.br\/wordpressfoto\/wp-content\/uploads\/2024\/01\/cobranca-de-dividas-aft-advocacia-bento-goncalves2.webp 1792w\" sizes=\"(max-width: 800px) 100vw, 800px\" \/>\t\t\t\t\t\t\t\t\t\t\t\t\t\t\t<\/div>\n\t\t\t\t<\/div>\n\t\t\t\t<div class=\"elementor-element elementor-element-6cd2db37 elementor-widget elementor-widget-html\" data-id=\"6cd2db37\" data-element_type=\"widget\" data-widget_type=\"html.default\">\n\t\t\t\t<div class=\"elementor-widget-container\">\n\t\t\t\t\t<blockquote style=\"font-size: 20px; border: 1px solid; text-align: center; font-style: italic; line-height: normal; padding: 10px; margin: 20px;\">\n    \n    \n\"Para mim, R$100 pode ser muito dinheiro, para ti n\u00e3o pode ser nada, mas no momento que eu envolver o judici\u00e1rio, eu vou ter custas sobre esse processo.\"\n\n\n\n    \n\n<\/blockquote>\t\t\t\t<\/div>\n\t\t\t\t<\/div>\n\t\t\t\t\t<\/div>\n\t\t\t\t<\/div>\n\t\t<div class=\"elementor-element elementor-element-2d6698c0 e-flex e-con-boxed e-con e-parent\" data-id=\"2d6698c0\" data-element_type=\"container\">\n\t\t\t\t\t<div class=\"e-con-inner\">\n\t\t\t\t<div class=\"elementor-element elementor-element-1a5a3741 elementor-widget elementor-widget-html\" data-id=\"1a5a3741\" data-element_type=\"widget\" data-widget_type=\"html.default\">\n\t\t\t\t<div class=\"elementor-widget-container\">\n\t\t\t\t\t<h2>An\u00e1lise Complementar, com Base na Internet:<\/h2>\n\n<h3>M\u00e9todos de Cobran\u00e7a Extrajudicial e A\u00e7\u00f5es Judiciais para Recupera\u00e7\u00e3o de D\u00edvidas no Brasil<\/h3>\n<p>A abordagem do artigo da FASS Legal sobre m\u00e9todos de cobran\u00e7a extrajudicial e a\u00e7\u00f5es judiciais no Brasil ressalta a import\u00e2ncia de uma estrat\u00e9gia bem definida na recupera\u00e7\u00e3o de cr\u00e9ditos. A discuss\u00e3o alinha-se perfeitamente com o que destacamos sobre a efic\u00e1cia da notifica\u00e7\u00e3o extrajudicial como um \"sustinho\" inicial, que pode levar \u00e0 resolu\u00e7\u00e3o da d\u00edvida sem a necessidade de a\u00e7\u00f5es judiciais. Este artigo refor\u00e7a a ideia de que conhecer e aplicar estrat\u00e9gias de cobran\u00e7a eficazes \u00e9 crucial para o sucesso do processo, mantendo a sa\u00fade financeira da empresa. A \u00eanfase na utiliza\u00e7\u00e3o de m\u00e9todos extrajudiciais como um primeiro passo na cobran\u00e7a de d\u00edvidas valida nossa abordagem de tentar resolver as quest\u00f5es de forma amig\u00e1vel e menos onerosa antes de recorrer ao judici\u00e1rio.<\/p>\n<p>Al\u00e9m disso, o artigo destaca a diversidade de a\u00e7\u00f5es judiciais dispon\u00edveis para a recupera\u00e7\u00e3o de cr\u00e9ditos, o que complementa nossa discuss\u00e3o sobre o processo de execu\u00e7\u00e3o judicial. A complexidade e os custos associados \u00e0 execu\u00e7\u00e3o judicial, mencionados no artigo, reiteram a necessidade de uma avalia\u00e7\u00e3o cuidadosa antes de se optar por essa via. Isso refor\u00e7a a mensagem de que, embora a execu\u00e7\u00e3o judicial seja uma ferramenta importante na recupera\u00e7\u00e3o de d\u00edvidas, ela deve ser considerada ap\u00f3s esgotadas as op\u00e7\u00f5es extrajudiciais, devido aos potenciais custos e demoras envolvidos.<\/p>\n\n<h3>Cobran\u00e7a de D\u00edvidas: Principais Meios Judiciais e Extrajudiciais<\/h3>\n<p>O artigo do Jusbrasil sobre cobran\u00e7a de d\u00edvidas explora os mecanismos extrajudiciais e judiciais, complementando nossa discuss\u00e3o sobre a import\u00e2ncia de escolher a estrat\u00e9gia correta de cobran\u00e7a. A men\u00e7\u00e3o a mecanismos como a cobran\u00e7a amig\u00e1vel, o protesto de t\u00edtulo e a carta de cobran\u00e7a refor\u00e7a a ideia de que existem v\u00e1rias ferramentas \u00e0 disposi\u00e7\u00e3o dos credores antes de se optar pela via judicial. Isso valida nossa abordagem de que a resolu\u00e7\u00e3o extrajudicial pode ser uma forma eficiente e econ\u00f4mica de recuperar d\u00edvidas, evitando os custos e a complexidade dos processos judiciais.<\/p>\n<p>O artigo tamb\u00e9m discute a a\u00e7\u00e3o de cobran\u00e7a e a execu\u00e7\u00e3o de t\u00edtulo extrajudicial como meios judiciais de cobran\u00e7a, o que refor\u00e7a nosso ponto sobre a execu\u00e7\u00e3o judicial ser um caminho repleto de desafios. A explora\u00e7\u00e3o desses mecanismos judiciais no artigo do Jusbrasil destaca a import\u00e2ncia de uma compreens\u00e3o abrangente das op\u00e7\u00f5es dispon\u00edveis para a recupera\u00e7\u00e3o de d\u00edvidas, reiterando que a escolha entre as vias extrajudicial e judicial deve ser feita com base em uma an\u00e1lise cuidadosa dos custos, benef\u00edcios e probabilidades de sucesso.<\/p>\n\n<h3>COBRAN\u00c7A EXTRAJUDICIAL DE D\u00cdVIDAS. O QUE VAI ACONTECER?<\/h3>\n<p>O v\u00eddeo do Advogado Ricardo Reis aborda a cobran\u00e7a extrajudicial de d\u00edvidas de uma maneira direta, refor\u00e7ando a efic\u00e1cia dessa abordagem como uma forma de resolver disputas de forma r\u00e1pida e eficiente. A discuss\u00e3o no v\u00eddeo sobre as poss\u00edveis consequ\u00eancias e estrat\u00e9gias na cobran\u00e7a extrajudicial oferece uma perspectiva pr\u00e1tica que complementa nossa discuss\u00e3o sobre o valor da notifica\u00e7\u00e3o extrajudicial. A abordagem do v\u00eddeo refor\u00e7a a ideia de que a cobran\u00e7a extrajudicial n\u00e3o s\u00f3 \u00e9 uma estrat\u00e9gia v\u00e1lida como tamb\u00e9m pode ser o primeiro passo ideal no processo de recupera\u00e7\u00e3o de d\u00edvidas, evitando o desgaste e os custos associados aos processos judiciais.<\/p>\n\n<h3>Como NEGOCIAR UMA D\u00cdVIDA com os bancos, SEM PAGAR JUROS?<\/h3>\n<p>O v\u00eddeo de Lucas Santos no CANAL FUI L\u00c1 E FIZ oferece insights valiosos sobre a negocia\u00e7\u00e3o de d\u00edvidas, especialmente no contexto banc\u00e1rio. A \u00eanfase na negocia\u00e7\u00e3o como uma ferramenta para evitar juros e alcan\u00e7ar um acordo favor\u00e1vel alinha-se com nossa discuss\u00e3o sobre a import\u00e2ncia da resolu\u00e7\u00e3o extrajudicial de d\u00edvidas. Este v\u00eddeo refor\u00e7a a ideia de que, com a estrat\u00e9gia correta, \u00e9 poss\u00edvel resolver disputas de d\u00edvidas de maneira que beneficie ambas as partes, evitando o processo judicial. A abordagem pr\u00e1tica e as dicas fornecidas no v\u00eddeo complementam nossa discuss\u00e3o sobre a utiliza\u00e7\u00e3o de estrat\u00e9gias de negocia\u00e7\u00e3o antes de recorrer a medidas judiciais.<\/p>\n\n<h4>Refer\u00eancias<\/h4>\n<ul>\n    <li><a href=\"https:\/\/fass.legal\/blog\/metodos-de-cobranca-extrajudicial-e-acoes-judiciais-para-recuperacao-de-dividas-no-brasil\" target=\"_blank\">FASS Legal. \"M\u00e9todos de cobran\u00e7a extrajudicial e a\u00e7\u00f5es judiciais para recupera\u00e7\u00e3o de d\u00edvidas no Brasil\"<\/a><\/li>\n    <li><a href=\"https:\/\/www.jusbrasil.com.br\/artigos\/cobranca-de-dividas-principais-meios-judiciais-e-extrajudiciais-que-podem-ser-utilizados-para-cobranca-da-divida\/1795260394\" target=\"_blank\">Jusbrasil. \"Cobran\u00e7a de d\u00edvidas: principais meios judiciais e extrajudiciais que podem ser utilizados para cobran\u00e7a da d\u00edvida\"<\/a><\/li>\n    <li><a href=\"https:\/\/www.youtube.com\/watch?v=TvRUHuvDGOw\" target=\"_blank\">YouTube. Advogado Ricardo Reis. \"COBRAN\u00c7A EXTRAJUDICIAL DE D\u00cdVIDAS. O QUE VAI ACONTECER?\"<\/a><\/li>\n    <li><a href=\"https:\/\/www.youtube.com\/watch?v=qorZ38vQN-o\" target=\"_blank\">YouTube. CANAL FUI L\u00c1 E FIZ - Lucas Santos. \"Como NEGOCIAR UMA D\u00cdVIDA com os bancos, SEM PAGAR JUROS?\"<\/a><\/li>\n<\/ul>\n\t\t\t\t<\/div>\n\t\t\t\t<\/div>\n\t\t\t\t\t<\/div>\n\t\t\t\t<\/div>\n\t\t<div class=\"elementor-element elementor-element-c8855ee e-flex e-con-boxed e-con e-parent\" data-id=\"c8855ee\" data-element_type=\"container\">\n\t\t\t\t\t<div class=\"e-con-inner\">\n\t\t\t\t<div class=\"elementor-element elementor-element-901a5c8 elementor-widget elementor-widget-image\" data-id=\"901a5c8\" data-element_type=\"widget\" data-widget_type=\"image.default\">\n\t\t\t\t<div class=\"elementor-widget-container\">\n\t\t\t\t\t\t\t\t\t\t\t\t\t\t\t<img decoding=\"async\" width=\"800\" height=\"457\" src=\"https:\/\/aftadvocacia.adv.br\/wordpressfoto\/wp-content\/uploads\/2024\/01\/cobranca-de-dividas-aft-advocacia-bento-goncalves1-1024x585.webp\" class=\"attachment-large size-large wp-image-2870\" alt=\"\" srcset=\"https:\/\/aftadvocacia.adv.br\/wordpressfoto\/wp-content\/uploads\/2024\/01\/cobranca-de-dividas-aft-advocacia-bento-goncalves1-1024x585.webp 1024w, https:\/\/aftadvocacia.adv.br\/wordpressfoto\/wp-content\/uploads\/2024\/01\/cobranca-de-dividas-aft-advocacia-bento-goncalves1-300x171.webp 300w, https:\/\/aftadvocacia.adv.br\/wordpressfoto\/wp-content\/uploads\/2024\/01\/cobranca-de-dividas-aft-advocacia-bento-goncalves1-768x439.webp 768w, https:\/\/aftadvocacia.adv.br\/wordpressfoto\/wp-content\/uploads\/2024\/01\/cobranca-de-dividas-aft-advocacia-bento-goncalves1-1536x878.webp 1536w, https:\/\/aftadvocacia.adv.br\/wordpressfoto\/wp-content\/uploads\/2024\/01\/cobranca-de-dividas-aft-advocacia-bento-goncalves1.webp 1792w\" sizes=\"(max-width: 800px) 100vw, 800px\" \/>\t\t\t\t\t\t\t\t\t\t\t\t\t\t\t<\/div>\n\t\t\t\t<\/div>\n\t\t\t\t<div class=\"elementor-element elementor-element-bf2cb04 elementor-widget elementor-widget-html\" data-id=\"bf2cb04\" data-element_type=\"widget\" data-widget_type=\"html.default\">\n\t\t\t\t<div class=\"elementor-widget-container\">\n\t\t\t\t\t<blockquote style=\"font-size: 20px; border: 1px solid; text-align: center; font-style: italic; line-height: normal; padding: 10px; margin: 20px;\">\n    \n   \"N\u00e3o \u00e9 porque o advogado n\u00e3o faz o trabalho, \u00e0s vezes o trabalho do advogado \u00e9 muito superior porque n\u00e3o \u00e9 s\u00f3 medir vit\u00f3ria.\"\n\n<\/blockquote>\n\t\t\t\t<\/div>\n\t\t\t\t<\/div>\n\t\t\t\t\t<\/div>\n\t\t\t\t<\/div>\n\t\t<div class=\"elementor-element elementor-element-40ae7496 e-flex e-con-boxed e-con e-parent\" data-id=\"40ae7496\" data-element_type=\"container\">\n\t\t\t\t\t<div class=\"e-con-inner\">\n\t\t\t\t<div class=\"elementor-element elementor-element-2e04841d elementor-widget elementor-widget-html\" data-id=\"2e04841d\" data-element_type=\"widget\" data-widget_type=\"html.default\">\n\t\t\t\t<div class=\"elementor-widget-container\">\n\t\t\t\t\t<h2>Conclus\u00e3o<\/h2>\n<p>Ao longo deste artigo, exploramos as diversas facetas da cobran\u00e7a de d\u00edvidas, destacando a import\u00e2ncia de uma abordagem estrat\u00e9gica que leve em considera\u00e7\u00e3o tanto as op\u00e7\u00f5es extrajudiciais quanto judiciais. A escolha entre essas vias deve ser informada por uma compreens\u00e3o clara dos custos, benef\u00edcios e efic\u00e1cia de cada m\u00e9todo em contextos espec\u00edficos. Como vimos, a notifica\u00e7\u00e3o extrajudicial pode ser um primeiro passo eficaz, servindo como um \"sustinho\" para incentivar o pagamento antes de se recorrer a medidas mais dr\u00e1sticas. No entanto, quando necess\u00e1rio, o processo de execu\u00e7\u00e3o judicial e as ferramentas judiciais para localiza\u00e7\u00e3o de ativos desempenham um papel crucial na recupera\u00e7\u00e3o de cr\u00e9ditos.<\/p>\n<p>A an\u00e1lise complementar, baseada em materiais encontrados na internet, refor\u00e7ou e expandiu nossa compreens\u00e3o sobre o tema, oferecendo perspectivas pr\u00e1ticas e te\u00f3ricas adicionais. Esses recursos validam a abordagem multifacetada necess\u00e1ria para lidar com a cobran\u00e7a de d\u00edvidas de maneira eficaz, enfatizando a import\u00e2ncia de uma estrat\u00e9gia bem planejada e executada.<\/p>\n<p>Em conclus\u00e3o, a cobran\u00e7a de d\u00edvidas \u00e9 um campo complexo que exige n\u00e3o apenas conhecimento jur\u00eddico, mas tamb\u00e9m habilidades de negocia\u00e7\u00e3o e uma compreens\u00e3o profunda das din\u00e2micas financeiras e humanas envolvidas. Para credores, \u00e9 fundamental adotar uma abordagem equilibrada que priorize a recupera\u00e7\u00e3o de cr\u00e9ditos de maneira eficiente, mas tamb\u00e9m justa. Para devedores, \u00e9 importante entender seus direitos e as poss\u00edveis consequ\u00eancias de diferentes estrat\u00e9gias de cobran\u00e7a. Em \u00faltima an\u00e1lise, o sucesso na cobran\u00e7a de d\u00edvidas depende da capacidade de navegar por essas complexidades com sabedoria, paci\u00eancia e integridade. Como advogado especializado nesta \u00e1rea, meu objetivo \u00e9 fornecer orienta\u00e7\u00e3o e suporte para que nossos clientes possam tomar as melhores decis\u00f5es poss\u00edveis, independentemente do lado da cobran\u00e7a em que se encontram.<\/p>\n<p><strong style=\"font-size: smaller;\">Esta postagem \u00e9 completamente original, criada a partir do nosso pr\u00f3prio v\u00eddeo, referenciada em informa\u00e7\u00f5es da internet e aprimorada com tecnologia de intelig\u00eancia artificial.<\/strong><\/p>\n\t\t\t\t<\/div>\n\t\t\t\t<\/div>\n\t\t\t\t\t<\/div>\n\t\t\t\t<\/div>\n\t\t<div class=\"elementor-element elementor-element-198988c e-flex e-con-boxed e-con e-parent\" data-id=\"198988c\" data-element_type=\"container\">\n\t\t\t\t\t<div class=\"e-con-inner\">\n\t\t\t\t<div class=\"elementor-element elementor-element-3d5de767 elementor-widget elementor-widget-html\" data-id=\"3d5de767\" data-element_type=\"widget\" data-widget_type=\"html.default\">\n\t\t\t\t<div class=\"elementor-widget-container\">\n\t\t\t\t\t<h3>Perguntas Frequentes<\/h3>\n\n<h4>Posso iniciar a cobran\u00e7a de uma d\u00edvida diretamente pela via judicial?<\/h4>\n<p>Embora seja poss\u00edvel iniciar a cobran\u00e7a de uma d\u00edvida diretamente pela via judicial, recomendo considerar primeiro as estrat\u00e9gias extrajudiciais. A notifica\u00e7\u00e3o extrajudicial, por exemplo, pode ser um meio eficaz de incentivar o pagamento sem a necessidade de recorrer ao judici\u00e1rio. Isso n\u00e3o apenas pode economizar tempo e recursos, mas tamb\u00e9m preservar a rela\u00e7\u00e3o entre as partes envolvidas. A via judicial deve ser considerada quando as tentativas extrajudiciais n\u00e3o forem bem-sucedidas.<\/p>\n\n<h4>Como posso provar a exist\u00eancia de uma d\u00edvida?<\/h4>\n<p>A prova da exist\u00eancia de uma d\u00edvida \u00e9 crucial para o sucesso da cobran\u00e7a. Documentos como contratos, notas promiss\u00f3rias, cheques e registros de transa\u00e7\u00f5es podem servir como evid\u00eancia. A documenta\u00e7\u00e3o precisa ser clara, precisa e detalhada, indicando o valor da d\u00edvida, as partes envolvidas e os termos acordados. A notifica\u00e7\u00e3o extrajudicial enviada por um escrit\u00f3rio de advocacia tamb\u00e9m pode atuar como um documento que refor\u00e7a a cobran\u00e7a.<\/p>\n\n<h4>O que acontece se o devedor n\u00e3o possuir bens suficientes para quitar a d\u00edvida?<\/h4>\n<p>Se o devedor n\u00e3o possuir bens suficientes para quitar a d\u00edvida, o processo de cobran\u00e7a pode se tornar mais complexo. Nesses casos, pode-se explorar a possibilidade de negocia\u00e7\u00e3o para estabelecer um plano de pagamento vi\u00e1vel para ambas as partes. Se a cobran\u00e7a for judicial, o juiz pode determinar medidas como a penhora de rendimentos futuros. \u00c9 importante ter uma estrat\u00e9gia bem definida e buscar orienta\u00e7\u00e3o jur\u00eddica para avaliar as melhores op\u00e7\u00f5es dispon\u00edveis.<\/p>\n\n<h4>A poupan\u00e7a do devedor pode ser utilizada para pagar a d\u00edvida?<\/h4>\n<p>No Brasil, a poupan\u00e7a \u00e9 protegida at\u00e9 o limite de 40 sal\u00e1rios m\u00ednimos, visando garantir um m\u00ednimo de seguran\u00e7a financeira ao devedor. Contudo, se for comprovado que a conta poupan\u00e7a est\u00e1 sendo utilizada para transa\u00e7\u00f5es regulares, perdendo sua caracter\u00edstica de poupan\u00e7a, ela pode se tornar pass\u00edvel de penhora. \u00c9 fundamental uma an\u00e1lise cuidadosa das movimenta\u00e7\u00f5es financeiras do devedor para determinar se a prote\u00e7\u00e3o da poupan\u00e7a se aplica ao caso espec\u00edfico.<\/p>\n\t\t\t\t<\/div>\n\t\t\t\t<\/div>\n\t\t\t\t\t<\/div>\n\t\t\t\t<\/div>\n\t\t\t\t<\/div>\n\t\t","protected":false},"excerpt":{"rendered":"<p>Este artigo da AFT Advogados oferece um guia completo sobre estrat\u00e9gias de cobran\u00e7a de d\u00edvidas. Abordamos desde a import\u00e2ncia de ter provas concretas at\u00e9 as nuances da execu\u00e7\u00e3o de d\u00edvidas, incluindo a legisla\u00e7\u00e3o e pr\u00e1ticas de mercado relevantes. Ideal para empres\u00e1rios e advogados que buscam aprofundar seus conhecimentos no complexo mundo das cobran\u00e7as jur\u00eddicas.<\/p>\n","protected":false},"author":9,"featured_media":2871,"comment_status":"open","ping_status":"open","sticky":false,"template":"elementor_theme","format":"standard","meta":{"footnotes":""},"categories":[2],"tags":[122,115,118,119,116,117,120,114,124,123,121],"class_list":["post-2437","post","type-post","status-publish","format-standard","has-post-thumbnail","hentry","category-juridico","tag-advocacia-em-bento-goncalves","tag-cobranca-de-dividas","tag-direito-empresarial","tag-estrategias-juridicas","tag-execucao-de-dividas","tag-juizado-especial-civel","tag-legislacao-de-dividas","tag-notificacao-extrajudicial","tag-nugget-9","tag-praticas-de-mercado-em-cobrancas","tag-recuperacao-de-ativos"],"yoast_head":"<!-- This site is optimized with the Yoast SEO plugin v25.6 - https:\/\/yoast.com\/wordpress\/plugins\/seo\/ -->\n<title>Entre Notifica\u00e7\u00f5es e Juizados: Jornada nas Cobran\u00e7as no Brasil<\/title>\n<meta name=\"description\" content=\"Descubra estrat\u00e9gias eficazes de cobran\u00e7a de d\u00edvidas com a AFT Advogados. Explore nosso guia completo sobre provas, legisla\u00e7\u00e3o e execu\u00e7\u00e3o de d\u00edvidas para empres\u00e1rios e advogados.\" \/>\n<meta name=\"robots\" content=\"index, follow, max-snippet:-1, max-image-preview:large, max-video-preview:-1\" \/>\n<link rel=\"canonical\" href=\"https:\/\/aftadvocacia.adv.br\/wordpressfoto\/entre-notificacoes-e-juizados-uma-jornada-no-mundo-das-cobrancas\/\" \/>\n<meta property=\"og:locale\" content=\"pt_BR\" \/>\n<meta property=\"og:type\" content=\"article\" \/>\n<meta property=\"og:title\" content=\"Entre Notifica\u00e7\u00f5es e Juizados: Jornada nas Cobran\u00e7as no Brasil\" \/>\n<meta property=\"og:description\" content=\"Descubra estrat\u00e9gias eficazes de cobran\u00e7a de d\u00edvidas com a AFT Advogados. Explore nosso guia completo sobre provas, legisla\u00e7\u00e3o e execu\u00e7\u00e3o de d\u00edvidas para empres\u00e1rios e advogados.\" \/>\n<meta property=\"og:url\" content=\"https:\/\/aftadvocacia.adv.br\/wordpressfoto\/entre-notificacoes-e-juizados-uma-jornada-no-mundo-das-cobrancas\/\" \/>\n<meta property=\"og:site_name\" content=\"AFT Advocacia: Excel\u00eancia em Advocacia e Consultoria Jur\u00eddica\" \/>\n<meta property=\"article:published_time\" content=\"2024-01-11T17:53:37+00:00\" \/>\n<meta property=\"article:modified_time\" content=\"2024-02-14T14:02:36+00:00\" \/>\n<meta property=\"og:image\" content=\"https:\/\/aftadvocacia.adv.br\/wordpressfoto\/wp-content\/uploads\/2024\/01\/cobranca-de-dividas-aft-advocacia-bento-goncalves4.webp\" \/>\n\t<meta property=\"og:image:width\" content=\"1792\" \/>\n\t<meta property=\"og:image:height\" content=\"1024\" \/>\n\t<meta property=\"og:image:type\" content=\"image\/webp\" \/>\n<meta name=\"author\" content=\"Vit\u00f3ria Viel Gujel\" \/>\n<meta name=\"twitter:card\" content=\"summary_large_image\" \/>\n<meta name=\"twitter:label1\" content=\"Escrito por\" \/>\n\t<meta name=\"twitter:data1\" content=\"Vit\u00f3ria Viel Gujel\" \/>\n\t<meta name=\"twitter:label2\" content=\"Est. tempo de leitura\" \/>\n\t<meta name=\"twitter:data2\" content=\"15 minutos\" \/>\n<script type=\"application\/ld+json\" class=\"yoast-schema-graph\">{\"@context\":\"https:\/\/schema.org\",\"@graph\":[{\"@type\":\"Article\",\"@id\":\"https:\/\/aftadvocacia.adv.br\/wordpressfoto\/entre-notificacoes-e-juizados-uma-jornada-no-mundo-das-cobrancas\/#article\",\"isPartOf\":{\"@id\":\"https:\/\/aftadvocacia.adv.br\/wordpressfoto\/entre-notificacoes-e-juizados-uma-jornada-no-mundo-das-cobrancas\/\"},\"author\":{\"name\":\"Vit\u00f3ria Viel Gujel\",\"@id\":\"https:\/\/aftadvocacia.adv.br\/wordpressfoto\/#\/schema\/person\/c342db353141a0ff35e378782f0e7deb\"},\"headline\":\"Cobran\u00e7a de D\u00edvidas e o Judici\u00e1rio: o que voc\u00ea precisa saber\",\"datePublished\":\"2024-01-11T17:53:37+00:00\",\"dateModified\":\"2024-02-14T14:02:36+00:00\",\"mainEntityOfPage\":{\"@id\":\"https:\/\/aftadvocacia.adv.br\/wordpressfoto\/entre-notificacoes-e-juizados-uma-jornada-no-mundo-das-cobrancas\/\"},\"wordCount\":2937,\"commentCount\":0,\"publisher\":{\"@id\":\"https:\/\/aftadvocacia.adv.br\/wordpressfoto\/#organization\"},\"image\":{\"@id\":\"https:\/\/aftadvocacia.adv.br\/wordpressfoto\/entre-notificacoes-e-juizados-uma-jornada-no-mundo-das-cobrancas\/#primaryimage\"},\"thumbnailUrl\":\"https:\/\/aftadvocacia.adv.br\/wordpressfoto\/wp-content\/uploads\/2024\/01\/cobranca-de-dividas-aft-advocacia-bento-goncalves4.webp\",\"keywords\":[\"advocacia em Bento Gon\u00e7alves\",\"cobran\u00e7a de d\u00edvidas\",\"direito empresarial\",\"estrat\u00e9gias jur\u00eddicas\",\"execu\u00e7\u00e3o de d\u00edvidas\",\"Juizado Especial C\u00edvel\",\"legisla\u00e7\u00e3o de d\u00edvidas\",\"notifica\u00e7\u00e3o extrajudicial\",\"NUGGET 9\",\"pr\u00e1ticas de mercado em cobran\u00e7as\",\"recupera\u00e7\u00e3o de ativos\"],\"articleSection\":[\"Jur\u00eddico\"],\"inLanguage\":\"pt-BR\",\"potentialAction\":[{\"@type\":\"CommentAction\",\"name\":\"Comment\",\"target\":[\"https:\/\/aftadvocacia.adv.br\/wordpressfoto\/entre-notificacoes-e-juizados-uma-jornada-no-mundo-das-cobrancas\/#respond\"]}]},{\"@type\":\"WebPage\",\"@id\":\"https:\/\/aftadvocacia.adv.br\/wordpressfoto\/entre-notificacoes-e-juizados-uma-jornada-no-mundo-das-cobrancas\/\",\"url\":\"https:\/\/aftadvocacia.adv.br\/wordpressfoto\/entre-notificacoes-e-juizados-uma-jornada-no-mundo-das-cobrancas\/\",\"name\":\"Entre Notifica\u00e7\u00f5es e Juizados: Jornada nas Cobran\u00e7as no Brasil\",\"isPartOf\":{\"@id\":\"https:\/\/aftadvocacia.adv.br\/wordpressfoto\/#website\"},\"primaryImageOfPage\":{\"@id\":\"https:\/\/aftadvocacia.adv.br\/wordpressfoto\/entre-notificacoes-e-juizados-uma-jornada-no-mundo-das-cobrancas\/#primaryimage\"},\"image\":{\"@id\":\"https:\/\/aftadvocacia.adv.br\/wordpressfoto\/entre-notificacoes-e-juizados-uma-jornada-no-mundo-das-cobrancas\/#primaryimage\"},\"thumbnailUrl\":\"https:\/\/aftadvocacia.adv.br\/wordpressfoto\/wp-content\/uploads\/2024\/01\/cobranca-de-dividas-aft-advocacia-bento-goncalves4.webp\",\"datePublished\":\"2024-01-11T17:53:37+00:00\",\"dateModified\":\"2024-02-14T14:02:36+00:00\",\"description\":\"Descubra estrat\u00e9gias eficazes de cobran\u00e7a de d\u00edvidas com a AFT Advogados. Explore nosso guia completo sobre provas, legisla\u00e7\u00e3o e execu\u00e7\u00e3o de d\u00edvidas para empres\u00e1rios e advogados.\",\"breadcrumb\":{\"@id\":\"https:\/\/aftadvocacia.adv.br\/wordpressfoto\/entre-notificacoes-e-juizados-uma-jornada-no-mundo-das-cobrancas\/#breadcrumb\"},\"inLanguage\":\"pt-BR\",\"potentialAction\":[{\"@type\":\"ReadAction\",\"target\":[\"https:\/\/aftadvocacia.adv.br\/wordpressfoto\/entre-notificacoes-e-juizados-uma-jornada-no-mundo-das-cobrancas\/\"]}]},{\"@type\":\"ImageObject\",\"inLanguage\":\"pt-BR\",\"@id\":\"https:\/\/aftadvocacia.adv.br\/wordpressfoto\/entre-notificacoes-e-juizados-uma-jornada-no-mundo-das-cobrancas\/#primaryimage\",\"url\":\"https:\/\/aftadvocacia.adv.br\/wordpressfoto\/wp-content\/uploads\/2024\/01\/cobranca-de-dividas-aft-advocacia-bento-goncalves4.webp\",\"contentUrl\":\"https:\/\/aftadvocacia.adv.br\/wordpressfoto\/wp-content\/uploads\/2024\/01\/cobranca-de-dividas-aft-advocacia-bento-goncalves4.webp\",\"width\":1792,\"height\":1024},{\"@type\":\"BreadcrumbList\",\"@id\":\"https:\/\/aftadvocacia.adv.br\/wordpressfoto\/entre-notificacoes-e-juizados-uma-jornada-no-mundo-das-cobrancas\/#breadcrumb\",\"itemListElement\":[{\"@type\":\"ListItem\",\"position\":1,\"name\":\"In\u00edcio\",\"item\":\"https:\/\/aftadvocacia.adv.br\/wordpressfoto\/\"},{\"@type\":\"ListItem\",\"position\":2,\"name\":\"Cobran\u00e7a de D\u00edvidas e o Judici\u00e1rio: o que voc\u00ea precisa saber\"}]},{\"@type\":\"WebSite\",\"@id\":\"https:\/\/aftadvocacia.adv.br\/wordpressfoto\/#website\",\"url\":\"https:\/\/aftadvocacia.adv.br\/wordpressfoto\/\",\"name\":\"AFT Advogados: Excel\u00eancia em Advocacia e Consultoria Jur\u00eddica\",\"description\":\"Com mais de 20 anos de experi\u00eancia, a AFTA Advocacia se destaca pela dedica\u00e7\u00e3o, responsabilidade e compromisso em oferecer solu\u00e7\u00f5es jur\u00eddicas personalizadas. Especializados em Direito Tribut\u00e1rio, Empresarial e diversas outras \u00e1reas, nossa miss\u00e3o \u00e9 satisfazer e superar as expectativas de nossos clientes, atuando com \u00e9tica e compet\u00eancia t\u00e9cnico-jur\u00eddica.\",\"publisher\":{\"@id\":\"https:\/\/aftadvocacia.adv.br\/wordpressfoto\/#organization\"},\"potentialAction\":[{\"@type\":\"SearchAction\",\"target\":{\"@type\":\"EntryPoint\",\"urlTemplate\":\"https:\/\/aftadvocacia.adv.br\/wordpressfoto\/?s={search_term_string}\"},\"query-input\":{\"@type\":\"PropertyValueSpecification\",\"valueRequired\":true,\"valueName\":\"search_term_string\"}}],\"inLanguage\":\"pt-BR\"},{\"@type\":\"Organization\",\"@id\":\"https:\/\/aftadvocacia.adv.br\/wordpressfoto\/#organization\",\"name\":\"AFT Advogados: Excel\u00eancia em Advocacia e Consultoria Jur\u00eddica\",\"url\":\"https:\/\/aftadvocacia.adv.br\/wordpressfoto\/\",\"logo\":{\"@type\":\"ImageObject\",\"inLanguage\":\"pt-BR\",\"@id\":\"https:\/\/aftadvocacia.adv.br\/wordpressfoto\/#\/schema\/logo\/image\/\",\"url\":\"https:\/\/aftadvocacia.adv.br\/wordpressfoto\/wp-content\/uploads\/2024\/01\/Logotipo-com-OAB-aft-advogados-bento-direito.png\",\"contentUrl\":\"https:\/\/aftadvocacia.adv.br\/wordpressfoto\/wp-content\/uploads\/2024\/01\/Logotipo-com-OAB-aft-advogados-bento-direito.png\",\"width\":350,\"height\":184,\"caption\":\"AFT Advogados: Excel\u00eancia em Advocacia e Consultoria Jur\u00eddica\"},\"image\":{\"@id\":\"https:\/\/aftadvocacia.adv.br\/wordpressfoto\/#\/schema\/logo\/image\/\"}},{\"@type\":\"Person\",\"@id\":\"https:\/\/aftadvocacia.adv.br\/wordpressfoto\/#\/schema\/person\/c342db353141a0ff35e378782f0e7deb\",\"name\":\"Vit\u00f3ria Viel Gujel\",\"image\":{\"@type\":\"ImageObject\",\"inLanguage\":\"pt-BR\",\"@id\":\"https:\/\/aftadvocacia.adv.br\/wordpressfoto\/#\/schema\/person\/image\/\",\"url\":\"https:\/\/secure.gravatar.com\/avatar\/5380f3fec3e74216765e509d929070c53b9ba7b2b541fa87b5a42e8ab94ce897?s=96&d=mm&r=g\",\"contentUrl\":\"https:\/\/secure.gravatar.com\/avatar\/5380f3fec3e74216765e509d929070c53b9ba7b2b541fa87b5a42e8ab94ce897?s=96&d=mm&r=g\",\"caption\":\"Vit\u00f3ria Viel Gujel\"},\"url\":\"https:\/\/aftadvocacia.adv.br\/wordpressfoto\/author\/vitoria\/\"}]}<\/script>\n<!-- \/ Yoast SEO plugin. -->","yoast_head_json":{"title":"Entre Notifica\u00e7\u00f5es e Juizados: Jornada nas Cobran\u00e7as no Brasil","description":"Descubra estrat\u00e9gias eficazes de cobran\u00e7a de d\u00edvidas com a AFT Advogados. Explore nosso guia completo sobre provas, legisla\u00e7\u00e3o e execu\u00e7\u00e3o de d\u00edvidas para empres\u00e1rios e advogados.","robots":{"index":"index","follow":"follow","max-snippet":"max-snippet:-1","max-image-preview":"max-image-preview:large","max-video-preview":"max-video-preview:-1"},"canonical":"https:\/\/aftadvocacia.adv.br\/wordpressfoto\/entre-notificacoes-e-juizados-uma-jornada-no-mundo-das-cobrancas\/","og_locale":"pt_BR","og_type":"article","og_title":"Entre Notifica\u00e7\u00f5es e Juizados: Jornada nas Cobran\u00e7as no Brasil","og_description":"Descubra estrat\u00e9gias eficazes de cobran\u00e7a de d\u00edvidas com a AFT Advogados. Explore nosso guia completo sobre provas, legisla\u00e7\u00e3o e execu\u00e7\u00e3o de d\u00edvidas para empres\u00e1rios e advogados.","og_url":"https:\/\/aftadvocacia.adv.br\/wordpressfoto\/entre-notificacoes-e-juizados-uma-jornada-no-mundo-das-cobrancas\/","og_site_name":"AFT Advocacia: Excel\u00eancia em Advocacia e Consultoria Jur\u00eddica","article_published_time":"2024-01-11T17:53:37+00:00","article_modified_time":"2024-02-14T14:02:36+00:00","og_image":[{"width":1792,"height":1024,"url":"https:\/\/aftadvocacia.adv.br\/wordpressfoto\/wp-content\/uploads\/2024\/01\/cobranca-de-dividas-aft-advocacia-bento-goncalves4.webp","type":"image\/webp"}],"author":"Vit\u00f3ria Viel Gujel","twitter_card":"summary_large_image","twitter_misc":{"Escrito por":"Vit\u00f3ria Viel Gujel","Est. tempo de leitura":"15 minutos"},"schema":{"@context":"https:\/\/schema.org","@graph":[{"@type":"Article","@id":"https:\/\/aftadvocacia.adv.br\/wordpressfoto\/entre-notificacoes-e-juizados-uma-jornada-no-mundo-das-cobrancas\/#article","isPartOf":{"@id":"https:\/\/aftadvocacia.adv.br\/wordpressfoto\/entre-notificacoes-e-juizados-uma-jornada-no-mundo-das-cobrancas\/"},"author":{"name":"Vit\u00f3ria Viel Gujel","@id":"https:\/\/aftadvocacia.adv.br\/wordpressfoto\/#\/schema\/person\/c342db353141a0ff35e378782f0e7deb"},"headline":"Cobran\u00e7a de D\u00edvidas e o Judici\u00e1rio: o que voc\u00ea precisa saber","datePublished":"2024-01-11T17:53:37+00:00","dateModified":"2024-02-14T14:02:36+00:00","mainEntityOfPage":{"@id":"https:\/\/aftadvocacia.adv.br\/wordpressfoto\/entre-notificacoes-e-juizados-uma-jornada-no-mundo-das-cobrancas\/"},"wordCount":2937,"commentCount":0,"publisher":{"@id":"https:\/\/aftadvocacia.adv.br\/wordpressfoto\/#organization"},"image":{"@id":"https:\/\/aftadvocacia.adv.br\/wordpressfoto\/entre-notificacoes-e-juizados-uma-jornada-no-mundo-das-cobrancas\/#primaryimage"},"thumbnailUrl":"https:\/\/aftadvocacia.adv.br\/wordpressfoto\/wp-content\/uploads\/2024\/01\/cobranca-de-dividas-aft-advocacia-bento-goncalves4.webp","keywords":["advocacia em Bento Gon\u00e7alves","cobran\u00e7a de d\u00edvidas","direito empresarial","estrat\u00e9gias jur\u00eddicas","execu\u00e7\u00e3o de d\u00edvidas","Juizado Especial C\u00edvel","legisla\u00e7\u00e3o de d\u00edvidas","notifica\u00e7\u00e3o extrajudicial","NUGGET 9","pr\u00e1ticas de mercado em cobran\u00e7as","recupera\u00e7\u00e3o de ativos"],"articleSection":["Jur\u00eddico"],"inLanguage":"pt-BR","potentialAction":[{"@type":"CommentAction","name":"Comment","target":["https:\/\/aftadvocacia.adv.br\/wordpressfoto\/entre-notificacoes-e-juizados-uma-jornada-no-mundo-das-cobrancas\/#respond"]}]},{"@type":"WebPage","@id":"https:\/\/aftadvocacia.adv.br\/wordpressfoto\/entre-notificacoes-e-juizados-uma-jornada-no-mundo-das-cobrancas\/","url":"https:\/\/aftadvocacia.adv.br\/wordpressfoto\/entre-notificacoes-e-juizados-uma-jornada-no-mundo-das-cobrancas\/","name":"Entre Notifica\u00e7\u00f5es e Juizados: Jornada nas Cobran\u00e7as no Brasil","isPartOf":{"@id":"https:\/\/aftadvocacia.adv.br\/wordpressfoto\/#website"},"primaryImageOfPage":{"@id":"https:\/\/aftadvocacia.adv.br\/wordpressfoto\/entre-notificacoes-e-juizados-uma-jornada-no-mundo-das-cobrancas\/#primaryimage"},"image":{"@id":"https:\/\/aftadvocacia.adv.br\/wordpressfoto\/entre-notificacoes-e-juizados-uma-jornada-no-mundo-das-cobrancas\/#primaryimage"},"thumbnailUrl":"https:\/\/aftadvocacia.adv.br\/wordpressfoto\/wp-content\/uploads\/2024\/01\/cobranca-de-dividas-aft-advocacia-bento-goncalves4.webp","datePublished":"2024-01-11T17:53:37+00:00","dateModified":"2024-02-14T14:02:36+00:00","description":"Descubra estrat\u00e9gias eficazes de cobran\u00e7a de d\u00edvidas com a AFT Advogados. Explore nosso guia completo sobre provas, legisla\u00e7\u00e3o e execu\u00e7\u00e3o de d\u00edvidas para empres\u00e1rios e advogados.","breadcrumb":{"@id":"https:\/\/aftadvocacia.adv.br\/wordpressfoto\/entre-notificacoes-e-juizados-uma-jornada-no-mundo-das-cobrancas\/#breadcrumb"},"inLanguage":"pt-BR","potentialAction":[{"@type":"ReadAction","target":["https:\/\/aftadvocacia.adv.br\/wordpressfoto\/entre-notificacoes-e-juizados-uma-jornada-no-mundo-das-cobrancas\/"]}]},{"@type":"ImageObject","inLanguage":"pt-BR","@id":"https:\/\/aftadvocacia.adv.br\/wordpressfoto\/entre-notificacoes-e-juizados-uma-jornada-no-mundo-das-cobrancas\/#primaryimage","url":"https:\/\/aftadvocacia.adv.br\/wordpressfoto\/wp-content\/uploads\/2024\/01\/cobranca-de-dividas-aft-advocacia-bento-goncalves4.webp","contentUrl":"https:\/\/aftadvocacia.adv.br\/wordpressfoto\/wp-content\/uploads\/2024\/01\/cobranca-de-dividas-aft-advocacia-bento-goncalves4.webp","width":1792,"height":1024},{"@type":"BreadcrumbList","@id":"https:\/\/aftadvocacia.adv.br\/wordpressfoto\/entre-notificacoes-e-juizados-uma-jornada-no-mundo-das-cobrancas\/#breadcrumb","itemListElement":[{"@type":"ListItem","position":1,"name":"In\u00edcio","item":"https:\/\/aftadvocacia.adv.br\/wordpressfoto\/"},{"@type":"ListItem","position":2,"name":"Cobran\u00e7a de D\u00edvidas e o Judici\u00e1rio: o que voc\u00ea precisa saber"}]},{"@type":"WebSite","@id":"https:\/\/aftadvocacia.adv.br\/wordpressfoto\/#website","url":"https:\/\/aftadvocacia.adv.br\/wordpressfoto\/","name":"AFT Advogados: Excel\u00eancia em Advocacia e Consultoria Jur\u00eddica","description":"Com mais de 20 anos de experi\u00eancia, a AFTA Advocacia se destaca pela dedica\u00e7\u00e3o, responsabilidade e compromisso em oferecer solu\u00e7\u00f5es jur\u00eddicas personalizadas. Especializados em Direito Tribut\u00e1rio, Empresarial e diversas outras \u00e1reas, nossa miss\u00e3o \u00e9 satisfazer e superar as expectativas de nossos clientes, atuando com \u00e9tica e compet\u00eancia t\u00e9cnico-jur\u00eddica.","publisher":{"@id":"https:\/\/aftadvocacia.adv.br\/wordpressfoto\/#organization"},"potentialAction":[{"@type":"SearchAction","target":{"@type":"EntryPoint","urlTemplate":"https:\/\/aftadvocacia.adv.br\/wordpressfoto\/?s={search_term_string}"},"query-input":{"@type":"PropertyValueSpecification","valueRequired":true,"valueName":"search_term_string"}}],"inLanguage":"pt-BR"},{"@type":"Organization","@id":"https:\/\/aftadvocacia.adv.br\/wordpressfoto\/#organization","name":"AFT Advogados: Excel\u00eancia em Advocacia e Consultoria Jur\u00eddica","url":"https:\/\/aftadvocacia.adv.br\/wordpressfoto\/","logo":{"@type":"ImageObject","inLanguage":"pt-BR","@id":"https:\/\/aftadvocacia.adv.br\/wordpressfoto\/#\/schema\/logo\/image\/","url":"https:\/\/aftadvocacia.adv.br\/wordpressfoto\/wp-content\/uploads\/2024\/01\/Logotipo-com-OAB-aft-advogados-bento-direito.png","contentUrl":"https:\/\/aftadvocacia.adv.br\/wordpressfoto\/wp-content\/uploads\/2024\/01\/Logotipo-com-OAB-aft-advogados-bento-direito.png","width":350,"height":184,"caption":"AFT Advogados: Excel\u00eancia em Advocacia e Consultoria Jur\u00eddica"},"image":{"@id":"https:\/\/aftadvocacia.adv.br\/wordpressfoto\/#\/schema\/logo\/image\/"}},{"@type":"Person","@id":"https:\/\/aftadvocacia.adv.br\/wordpressfoto\/#\/schema\/person\/c342db353141a0ff35e378782f0e7deb","name":"Vit\u00f3ria Viel Gujel","image":{"@type":"ImageObject","inLanguage":"pt-BR","@id":"https:\/\/aftadvocacia.adv.br\/wordpressfoto\/#\/schema\/person\/image\/","url":"https:\/\/secure.gravatar.com\/avatar\/5380f3fec3e74216765e509d929070c53b9ba7b2b541fa87b5a42e8ab94ce897?s=96&d=mm&r=g","contentUrl":"https:\/\/secure.gravatar.com\/avatar\/5380f3fec3e74216765e509d929070c53b9ba7b2b541fa87b5a42e8ab94ce897?s=96&d=mm&r=g","caption":"Vit\u00f3ria Viel Gujel"},"url":"https:\/\/aftadvocacia.adv.br\/wordpressfoto\/author\/vitoria\/"}]}},"_links":{"self":[{"href":"https:\/\/aftadvocacia.adv.br\/wordpressfoto\/wp-json\/wp\/v2\/posts\/2437","targetHints":{"allow":["GET"]}}],"collection":[{"href":"https:\/\/aftadvocacia.adv.br\/wordpressfoto\/wp-json\/wp\/v2\/posts"}],"about":[{"href":"https:\/\/aftadvocacia.adv.br\/wordpressfoto\/wp-json\/wp\/v2\/types\/post"}],"author":[{"embeddable":true,"href":"https:\/\/aftadvocacia.adv.br\/wordpressfoto\/wp-json\/wp\/v2\/users\/9"}],"replies":[{"embeddable":true,"href":"https:\/\/aftadvocacia.adv.br\/wordpressfoto\/wp-json\/wp\/v2\/comments?post=2437"}],"version-history":[{"count":0,"href":"https:\/\/aftadvocacia.adv.br\/wordpressfoto\/wp-json\/wp\/v2\/posts\/2437\/revisions"}],"wp:featuredmedia":[{"embeddable":true,"href":"https:\/\/aftadvocacia.adv.br\/wordpressfoto\/wp-json\/wp\/v2\/media\/2871"}],"wp:attachment":[{"href":"https:\/\/aftadvocacia.adv.br\/wordpressfoto\/wp-json\/wp\/v2\/media?parent=2437"}],"wp:term":[{"taxonomy":"category","embeddable":true,"href":"https:\/\/aftadvocacia.adv.br\/wordpressfoto\/wp-json\/wp\/v2\/categories?post=2437"},{"taxonomy":"post_tag","embeddable":true,"href":"https:\/\/aftadvocacia.adv.br\/wordpressfoto\/wp-json\/wp\/v2\/tags?post=2437"}],"curies":[{"name":"wp","href":"https:\/\/api.w.org\/{rel}","templated":true}]}}