{"id":2417,"date":"2024-01-11T14:29:56","date_gmt":"2024-01-11T17:29:56","guid":{"rendered":"https:\/\/aftadvocacia.adv.br\/wordpressfoto\/?p=2417"},"modified":"2024-02-14T11:07:46","modified_gmt":"2024-02-14T14:07:46","slug":"venda-enganosa-de-imoveis-consequencias-e-responsabilidades","status":"publish","type":"post","link":"https:\/\/aftadvocacia.adv.br\/wordpressfoto\/venda-enganosa-de-imoveis-consequencias-e-responsabilidades\/","title":{"rendered":"Venda Enganosa de Im\u00f3veis: Consequ\u00eancias e Responsabilidades"},"content":{"rendered":"\t\t<div data-elementor-type=\"wp-post\" data-elementor-id=\"2417\" class=\"elementor elementor-2417\" data-elementor-post-type=\"post\">\n\t\t\t\t<div class=\"elementor-element elementor-element-4165d3fa e-flex e-con-boxed e-con e-parent\" data-id=\"4165d3fa\" data-element_type=\"container\">\n\t\t\t\t\t<div class=\"e-con-inner\">\n\t\t\t\t<div class=\"elementor-element elementor-element-49c0a35e elementor-widget elementor-widget-video\" data-id=\"49c0a35e\" data-element_type=\"widget\" data-settings=\"{&quot;youtube_url&quot;:&quot;https:\\\/\\\/www.youtube.com\\\/watch?v=tWFngviBswU&amp;list=PLNFjLfN9Xs1xO15E_tW1XbKjvWJhmIrg3&amp;index=12&quot;,&quot;video_type&quot;:&quot;youtube&quot;,&quot;controls&quot;:&quot;yes&quot;}\" data-widget_type=\"video.default\">\n\t\t\t\t<div class=\"elementor-widget-container\">\n\t\t\t\t\t\t\t<div class=\"elementor-wrapper elementor-open-inline\">\n\t\t\t<div class=\"elementor-video\"><\/div>\t\t<\/div>\n\t\t\t\t\t\t<\/div>\n\t\t\t\t<\/div>\n\t\t\t\t\t<\/div>\n\t\t\t\t<\/div>\n\t\t<div class=\"elementor-element elementor-element-7ffb5c55 e-flex e-con-boxed e-con e-parent\" data-id=\"7ffb5c55\" data-element_type=\"container\">\n\t\t\t\t\t<div class=\"e-con-inner\">\n\t\t\t\t<div class=\"elementor-element elementor-element-5eff0058 elementor-widget elementor-widget-html\" data-id=\"5eff0058\" data-element_type=\"widget\" data-widget_type=\"html.default\">\n\t\t\t\t<div class=\"elementor-widget-container\">\n\t\t\t\t\t<h2>Introdu\u00e7\u00e3o<\/h2>\n<p>Ol\u00e1, somos as Dra. Vit\u00f3ria Viel, Dra. Kelli Santin e Dra. Andressa Ferronatto\n  especializada em diferentes areas do direito imobili\u00e1rio,atuam na AFT Advocacia, uma empresa dedicada a oferecer solu\u00e7\u00f5es jur\u00eddicas inovadoras e personalizadas no setor imobili\u00e1rio. Com anos de experi\u00eancia e um profundo conhecimento das leis que regem o mercado de im\u00f3veis no Brasil, estou aqui para compartilhar insights valiosos sobre as complexidades e desafios enfrentados por compradores, vendedores e investidores neste campo. Neste artigo, vamos mergulhar nas nuances da venda enganosa de im\u00f3veis, explorando as consequ\u00eancias legais, responsabilidades e como voc\u00ea pode se proteger contra pr\u00e1ticas fraudulentas. Al\u00e9m disso, analisaremos decis\u00f5es judiciais recentes, problemas comuns no direito imobili\u00e1rio e a import\u00e2ncia da garantia do im\u00f3vel e do direito de arrependimento. Com base em minha experi\u00eancia e em pesquisas complementares, este artigo visa esclarecer d\u00favidas e oferecer orienta\u00e7\u00f5es pr\u00e1ticas para navegar com seguran\u00e7a no mercado imobili\u00e1rio. Prepare-se para uma leitura esclarecedora que lhe fornecer\u00e1 as ferramentas necess\u00e1rias para tomar decis\u00f5es informadas e proteger seus interesses imobili\u00e1rios.<\/p>\n\t\t\t\t<\/div>\n\t\t\t\t<\/div>\n\t\t\t\t\t<\/div>\n\t\t\t\t<\/div>\n\t\t<div class=\"elementor-element elementor-element-5e124dc1 e-flex e-con-boxed e-con e-parent\" data-id=\"5e124dc1\" data-element_type=\"container\">\n\t\t\t\t\t<div class=\"e-con-inner\">\n\t\t\t\t<div class=\"elementor-element elementor-element-75bbe8ae elementor-widget elementor-widget-image\" data-id=\"75bbe8ae\" data-element_type=\"widget\" data-widget_type=\"image.default\">\n\t\t\t\t<div class=\"elementor-widget-container\">\n\t\t\t\t\t\t\t\t\t\t\t\t\t\t\t<img fetchpriority=\"high\" decoding=\"async\" width=\"800\" height=\"457\" src=\"https:\/\/aftadvocacia.adv.br\/wordpressfoto\/wp-content\/uploads\/2024\/01\/DALL\u00b7E-2024-02-09-08.28.27-Visualize-a-scene-that-combines-the-serious-theme-of-misleading-real-estate-sales-with-the-color-red-to-match-the-branding-of-a-company-named-Fotolo-1024x585.webp\" class=\"attachment-large size-large wp-image-3098\" alt=\"\" srcset=\"https:\/\/aftadvocacia.adv.br\/wordpressfoto\/wp-content\/uploads\/2024\/01\/DALL\u00b7E-2024-02-09-08.28.27-Visualize-a-scene-that-combines-the-serious-theme-of-misleading-real-estate-sales-with-the-color-red-to-match-the-branding-of-a-company-named-Fotolo-1024x585.webp 1024w, https:\/\/aftadvocacia.adv.br\/wordpressfoto\/wp-content\/uploads\/2024\/01\/DALL\u00b7E-2024-02-09-08.28.27-Visualize-a-scene-that-combines-the-serious-theme-of-misleading-real-estate-sales-with-the-color-red-to-match-the-branding-of-a-company-named-Fotolo-300x171.webp 300w, https:\/\/aftadvocacia.adv.br\/wordpressfoto\/wp-content\/uploads\/2024\/01\/DALL\u00b7E-2024-02-09-08.28.27-Visualize-a-scene-that-combines-the-serious-theme-of-misleading-real-estate-sales-with-the-color-red-to-match-the-branding-of-a-company-named-Fotolo-768x439.webp 768w, https:\/\/aftadvocacia.adv.br\/wordpressfoto\/wp-content\/uploads\/2024\/01\/DALL\u00b7E-2024-02-09-08.28.27-Visualize-a-scene-that-combines-the-serious-theme-of-misleading-real-estate-sales-with-the-color-red-to-match-the-branding-of-a-company-named-Fotolo-1536x878.webp 1536w, https:\/\/aftadvocacia.adv.br\/wordpressfoto\/wp-content\/uploads\/2024\/01\/DALL\u00b7E-2024-02-09-08.28.27-Visualize-a-scene-that-combines-the-serious-theme-of-misleading-real-estate-sales-with-the-color-red-to-match-the-branding-of-a-company-named-Fotolo.webp 1792w\" sizes=\"(max-width: 800px) 100vw, 800px\" \/>\t\t\t\t\t\t\t\t\t\t\t\t\t\t\t<\/div>\n\t\t\t\t<\/div>\n\t\t\t\t<div class=\"elementor-element elementor-element-6fc0674c elementor-widget elementor-widget-html\" data-id=\"6fc0674c\" data-element_type=\"widget\" data-widget_type=\"html.default\">\n\t\t\t\t<div class=\"elementor-widget-container\">\n\t\t\t\t\t<blockquote style=\"font-size: 20px; border: 1px solid; text-align: center; font-style: italic; line-height: normal; padding: 10px; margin: 20px;\">\n    \n    \n\u00c9 essencial verificar todas as licen\u00e7as e documenta\u00e7\u00f5es antes de realizar uma compra imobili\u00e1ria para evitar cair em fraudes.\"\n\n    \n\n<\/blockquote>\t\t\t\t<\/div>\n\t\t\t\t<\/div>\n\t\t\t\t\t<\/div>\n\t\t\t\t<\/div>\n\t\t<div class=\"elementor-element elementor-element-75303408 e-flex e-con-boxed e-con e-parent\" data-id=\"75303408\" data-element_type=\"container\">\n\t\t\t\t\t<div class=\"e-con-inner\">\n\t\t\t\t<div class=\"elementor-element elementor-element-58cef2fd elementor-widget elementor-widget-html\" data-id=\"58cef2fd\" data-element_type=\"widget\" data-widget_type=\"html.default\">\n\t\t\t\t<div class=\"elementor-widget-container\">\n\t\t\t\t\t<h2>Venda de Im\u00f3veis e Responsabilidade Legal<\/h2>\n<p>Como advogado, vejo muitos casos de venda de im\u00f3veis onde a obra n\u00e3o ser\u00e1 conclu\u00edda. \u00c9 um cen\u00e1rio complicado, pois muitas vezes o vendedor sabe dessa impossibilidade e mesmo assim prossegue com a venda. Isso, meus amigos, \u00e9 mais do que um erro; \u00e9 um crime. A responsabilidade legal aqui \u00e9 enorme, e o vendedor pode responder penalmente por suas a\u00e7\u00f5es.<\/p>\n<p>Agora, \u00e9 importante diferenciar isso de simplesmente ser um devedor. Dever dinheiro n\u00e3o \u00e9 crime; acontece nas melhores fam\u00edlias. Mas enganar algu\u00e9m, prometendo algo que voc\u00ea sabe que n\u00e3o pode entregar, entra em um territ\u00f3rio totalmente diferente. \u00c9 a\u00ed que a linha entre ser inadimplente e ser criminoso se torna clara.<\/p>\n\n<h2>Consequ\u00eancias Legais de Vendas Enganosas<\/h2>\n<p>Falando sobre vender um im\u00f3vel em duplicidade, isso \u00e9 um grande problema. Quando voc\u00ea vende algo que j\u00e1 foi vendido, ou que voc\u00ea sabe que n\u00e3o pode entregar, est\u00e1 cometendo um crime. E n\u00e3o \u00e9 s\u00f3 isso; voc\u00ea tamb\u00e9m pode ser responsabilizado por perdas e danos. Isso significa que al\u00e9m de enfrentar a justi\u00e7a, voc\u00ea pode acabar tendo que compensar financeiramente a outra parte.<\/p>\n<p>Essas situa\u00e7\u00f5es s\u00e3o mais comuns do que voc\u00ea imagina, especialmente em vendas feitas por construtoras. Muitas vezes, os compradores n\u00e3o t\u00eam conhecimento t\u00e9cnico ou jur\u00eddico para entender completamente o que est\u00e3o assinando. Eles confiam na construtora, mas acabam sendo enganados. Isso \u00e9 algo que n\u00f3s, como advogados, lutamos para corrigir.<\/p>\n\n<h2>A Vulnerabilidade dos Compradores<\/h2>\n<p>A vulnerabilidade dos compradores \u00e9 um tema que me toca profundamente. Muitas vezes, essas pessoas s\u00e3o simples, sem grande conhecimento t\u00e9cnico ou jur\u00eddico. Elas confiam na palavra do vendedor e acreditam que est\u00e3o fazendo um bom neg\u00f3cio. Mas, infelizmente, nem sempre \u00e9 o caso. \u00c9 a\u00ed que entra a import\u00e2ncia de um advogado para verificar a situa\u00e7\u00e3o legal do im\u00f3vel.<\/p>\n<p>Muitos compradores n\u00e3o verificam as licen\u00e7as municipais ou a situa\u00e7\u00e3o regulat\u00f3ria do im\u00f3vel. Eles investem todas as suas economias, pagando \u00e0 vista, sem saber que podem estar entrando em uma armadilha. \u00c9 nosso dever informar e proteger esses compradores, garantindo que eles fa\u00e7am um investimento seguro.<\/p>\n\n<h2>Penalidades Contratuais e C\u00f3digo Civil<\/h2>\n<p>Quando falamos de penalidades por descumprimento contratual, o C\u00f3digo Civil tem um papel crucial. Ele estipula que a multa pode chegar a at\u00e9 100% do valor do contrato. Isso \u00e9 algo s\u00e9rio e precisa ser discutido. Muitas vezes, as condi\u00e7\u00f5es podem ser abusivas, e \u00e9 a\u00ed que entramos para discutir e, se necess\u00e1rio, pedir a revis\u00e3o do contrato.<\/p>\n<p>\u00c9 fundamental avaliar a quem a penalidade est\u00e1 sendo imposta. Se apenas uma parte est\u00e1 sendo penalizada pelo descumprimento, isso n\u00e3o \u00e9 justo. Precisamos de bilateralidade nos contratos, garantindo que ambas as partes sejam tratadas de forma equitativa.<\/p>\n\n<h2>Bilateralidade e Justi\u00e7a em Contratos<\/h2>\n<p>A bilateralidade em contratos \u00e9 algo que sempre enfatizo. N\u00e3o \u00e9 justo que apenas uma parte sofra as consequ\u00eancias de um contrato mal elaborado. Quando analisamos um contrato, verificamos se as penalidades s\u00e3o justas e aplic\u00e1veis a ambas as partes. Isso \u00e9 essencial para garantir que os contratos sejam justos e equilibrados.<\/p>\n<p>O C\u00f3digo Civil permite que as partes estabele\u00e7am suas obriga\u00e7\u00f5es e responsabilidades. Mas \u00e9 importante que essas obriga\u00e7\u00f5es sejam justas e n\u00e3o prejudiquem uma das partes. Como advogados, nosso papel \u00e9 garantir que os contratos sejam n\u00e3o apenas legais, mas tamb\u00e9m justos e equitativos.<\/p>\n\n<h2>C\u00f3digo de Defesa do Consumidor vs. C\u00f3digo Civil<\/h2>\n<p>Comparando o C\u00f3digo de Defesa do Consumidor com o C\u00f3digo Civil, vemos diferen\u00e7as significativas. O C\u00f3digo de Defesa do Consumidor \u00e9 mais restritivo, protegendo o consumidor em situa\u00e7\u00f5es onde ele pode ser mais vulner\u00e1vel. Isso \u00e9 crucial em contratos de consumo, onde o consumidor muitas vezes n\u00e3o tem o mesmo conhecimento t\u00e9cnico que o fornecedor.<\/p>\n<p>Por outro lado, o C\u00f3digo Civil \u00e9 mais flex\u00edvel, permitindo que as partes definam suas pr\u00f3prias regras dentro de um certo limite. Precisamos entender essas diferen\u00e7as e aplic\u00e1-las corretamente para proteger nossos clientes, seja em uma situa\u00e7\u00e3o de consumo ou em um contrato mais geral.<\/p>\n\n<h2>Prote\u00e7\u00e3o ao Consumidor e Empresas<\/h2>\n<p>A prote\u00e7\u00e3o ao consumidor \u00e9 um tema que sempre me interessa. Muitas vezes, as pessoas t\u00eam uma vis\u00e3o distorcida do que \u00e9 ser um consumidor. N\u00e3o \u00e9 apenas sobre comprar algo em uma loja; \u00e9 sobre estar em uma posi\u00e7\u00e3o mais fr\u00e1gil em uma negocia\u00e7\u00e3o. Isso pode se aplicar tanto a indiv\u00edduos quanto a empresas.<\/p>\n<p>As empresas, especialmente as menores, tamb\u00e9m podem se beneficiar das prote\u00e7\u00f5es do C\u00f3digo de Defesa do Consumidor. Elas podem estar em uma posi\u00e7\u00e3o de vulnerabilidade em rela\u00e7\u00e3o a fornecedores maiores ou mais experientes. \u00c9 nosso papel garantir que todos os consumidores, sejam eles indiv\u00edduos ou empresas, estejam protegidos.<\/p>\n\t\t\t\t<\/div>\n\t\t\t\t<\/div>\n\t\t\t\t\t<\/div>\n\t\t\t\t<\/div>\n\t\t<div class=\"elementor-element elementor-element-a282226 e-flex e-con-boxed e-con e-parent\" data-id=\"a282226\" data-element_type=\"container\">\n\t\t\t\t\t<div class=\"e-con-inner\">\n\t\t\t\t<div class=\"elementor-element elementor-element-c1dcbc1 elementor-widget elementor-widget-image\" data-id=\"c1dcbc1\" data-element_type=\"widget\" data-widget_type=\"image.default\">\n\t\t\t\t<div class=\"elementor-widget-container\">\n\t\t\t\t\t\t\t\t\t\t\t\t\t\t\t<img decoding=\"async\" width=\"800\" height=\"457\" src=\"https:\/\/aftadvocacia.adv.br\/wordpressfoto\/wp-content\/uploads\/2024\/01\/DALL\u00b7E-2024-01-11-14.38.11-A-compelling-cover-image-for-a-blog-post-about-Misleading-Property-Sales_-Consequences-and-Responsibilities-for-a-law-firm-in-Bento-Gonc\u0327alves.-The-i-1024x585.png\" class=\"attachment-large size-large wp-image-2424\" alt=\"\" srcset=\"https:\/\/aftadvocacia.adv.br\/wordpressfoto\/wp-content\/uploads\/2024\/01\/DALL\u00b7E-2024-01-11-14.38.11-A-compelling-cover-image-for-a-blog-post-about-Misleading-Property-Sales_-Consequences-and-Responsibilities-for-a-law-firm-in-Bento-Gonc\u0327alves.-The-i-1024x585.png 1024w, https:\/\/aftadvocacia.adv.br\/wordpressfoto\/wp-content\/uploads\/2024\/01\/DALL\u00b7E-2024-01-11-14.38.11-A-compelling-cover-image-for-a-blog-post-about-Misleading-Property-Sales_-Consequences-and-Responsibilities-for-a-law-firm-in-Bento-Gonc\u0327alves.-The-i-300x171.png 300w, https:\/\/aftadvocacia.adv.br\/wordpressfoto\/wp-content\/uploads\/2024\/01\/DALL\u00b7E-2024-01-11-14.38.11-A-compelling-cover-image-for-a-blog-post-about-Misleading-Property-Sales_-Consequences-and-Responsibilities-for-a-law-firm-in-Bento-Gonc\u0327alves.-The-i-768x439.png 768w, https:\/\/aftadvocacia.adv.br\/wordpressfoto\/wp-content\/uploads\/2024\/01\/DALL\u00b7E-2024-01-11-14.38.11-A-compelling-cover-image-for-a-blog-post-about-Misleading-Property-Sales_-Consequences-and-Responsibilities-for-a-law-firm-in-Bento-Gonc\u0327alves.-The-i-1536x878.png 1536w, https:\/\/aftadvocacia.adv.br\/wordpressfoto\/wp-content\/uploads\/2024\/01\/DALL\u00b7E-2024-01-11-14.38.11-A-compelling-cover-image-for-a-blog-post-about-Misleading-Property-Sales_-Consequences-and-Responsibilities-for-a-law-firm-in-Bento-Gonc\u0327alves.-The-i.png 1792w\" sizes=\"(max-width: 800px) 100vw, 800px\" \/>\t\t\t\t\t\t\t\t\t\t\t\t\t\t\t<\/div>\n\t\t\t\t<\/div>\n\t\t\t\t<div class=\"elementor-element elementor-element-18ba36d8 elementor-widget elementor-widget-html\" data-id=\"18ba36d8\" data-element_type=\"widget\" data-widget_type=\"html.default\">\n\t\t\t\t<div class=\"elementor-widget-container\">\n\t\t\t\t\t<blockquote style=\"font-size: 20px; border: 1px solid; text-align: center; font-style: italic; line-height: normal; padding: 10px; margin: 20px;\">\n    \n    \n  \n  \"Dever n\u00e3o \u00e9 crime, mas prometer retornos financeiros irreais \u00e9 considerado fraude.\"\n\n\n    \n\n<\/blockquote>\t\t\t\t<\/div>\n\t\t\t\t<\/div>\n\t\t\t\t\t<\/div>\n\t\t\t\t<\/div>\n\t\t<div class=\"elementor-element elementor-element-3584a9fd e-flex e-con-boxed e-con e-parent\" data-id=\"3584a9fd\" data-element_type=\"container\">\n\t\t\t\t\t<div class=\"e-con-inner\">\n\t\t\t\t<div class=\"elementor-element elementor-element-4bec3b9d elementor-widget elementor-widget-html\" data-id=\"4bec3b9d\" data-element_type=\"widget\" data-widget_type=\"html.default\">\n\t\t\t\t<div class=\"elementor-widget-container\">\n\t\t\t\t\t<h2>An\u00e1lise complementar, com base na internet:<\/h2>\n\n<h3>An\u00e1lise da Decis\u00e3o do STJ e suas Implica\u00e7\u00f5es no Mercado Imobili\u00e1rio<\/h3>\n<p>A decis\u00e3o do Superior Tribunal de Justi\u00e7a (STJ) que gerou preocupa\u00e7\u00f5es no mercado imobili\u00e1rio, conforme discutido por Amadeu Mendon\u00e7a em \"Mendon\u00e7a: Decis\u00e3o do STJ que preocupou mercado imobili\u00e1rio\", destaca a complexidade e as nuances legais envolvidas na venda de im\u00f3veis no Brasil. Este caso espec\u00edfico ilustra como decis\u00f5es judiciais podem ter um impacto profundo n\u00e3o apenas nos aspectos legais, mas tamb\u00e9m nas expectativas financeiras dos envolvidos. A anula\u00e7\u00e3o de um registro na cadeia registral, por exemplo, pode desencadear uma s\u00e9rie de consequ\u00eancias financeiras devastadoras para o atual propriet\u00e1rio, que pode perder a propriedade do im\u00f3vel. Isso refor\u00e7a a import\u00e2ncia de uma compreens\u00e3o aprofundada e cautelosa das leis e regulamenta\u00e7\u00f5es imobili\u00e1rias, algo que enfatizei ao longo do artigo original sobre as responsabilidades na venda de im\u00f3veis.<\/p>\n<p>Al\u00e9m disso, este caso serve como um lembrete cr\u00edtico para os profissionais do direito e para os consumidores sobre a import\u00e2ncia de dilig\u00eancias legais e verifica\u00e7\u00f5es documentais antes de realizar transa\u00e7\u00f5es imobili\u00e1rias. A perda de propriedade devido a complica\u00e7\u00f5es legais n\u00e3o apenas afeta financeiramente o propriet\u00e1rio, mas tamb\u00e9m pode ter implica\u00e7\u00f5es mais amplas no mercado imobili\u00e1rio, afetando a confian\u00e7a dos investidores e a estabilidade do setor. Portanto, a an\u00e1lise de Mendon\u00e7a n\u00e3o apenas valida os pontos discutidos no artigo original, mas tamb\u00e9m destaca a necessidade cr\u00edtica de transpar\u00eancia, dilig\u00eancia e conhecimento legal no mercado imobili\u00e1rio.<\/p>\n\n<h3>Problemas Comuns no Direito Imobili\u00e1rio e a Prote\u00e7\u00e3o ao Consumidor<\/h3>\n<p>O artigo \"Os problemas mais comuns do direito imobili\u00e1rio\" do MundoAdvogados aborda os desafios enfrentados pelos consumidores no mercado imobili\u00e1rio, especialmente a falta de conhecimento sobre seus direitos e detalhes contratuais. Esta discuss\u00e3o complementa perfeitamente o ponto abordado no artigo original sobre a import\u00e2ncia da verifica\u00e7\u00e3o legal e documental na compra de im\u00f3veis. Muitos consumidores, desfavorecidos por sua falta de conhecimento t\u00e9cnico, acabam em situa\u00e7\u00f5es desvantajosas que poderiam ser evitadas com uma compreens\u00e3o adequada dos seus direitos e das obriga\u00e7\u00f5es contratuais. Este cen\u00e1rio refor\u00e7a a necessidade de educa\u00e7\u00e3o e orienta\u00e7\u00e3o legal para os consumidores, assegurando que eles estejam bem informados e protegidos contra pr\u00e1ticas desonestas no mercado imobili\u00e1rio.<\/p>\n<p>Al\u00e9m disso, o artigo destaca a import\u00e2ncia de compreender os riscos e os procedimentos imobili\u00e1rios antes de fechar um contrato. Isso ressalta a necessidade de uma abordagem proativa na educa\u00e7\u00e3o dos consumidores e na promo\u00e7\u00e3o de pr\u00e1ticas justas e transparentes no mercado imobili\u00e1rio. A prote\u00e7\u00e3o ao consumidor, portanto, n\u00e3o se limita apenas \u00e0 interven\u00e7\u00e3o legal ap\u00f3s a ocorr\u00eancia de fraudes ou pr\u00e1ticas desonestas, mas tamb\u00e9m envolve a preven\u00e7\u00e3o dessas situa\u00e7\u00f5es atrav\u00e9s da educa\u00e7\u00e3o e da conscientiza\u00e7\u00e3o. Assim, a an\u00e1lise dos problemas comuns no direito imobili\u00e1rio serve como um complemento valioso ao artigo original, refor\u00e7ando a mensagem sobre a import\u00e2ncia da prote\u00e7\u00e3o ao consumidor no mercado imobili\u00e1rio.<\/p>\n\n<h3>Garantia do Im\u00f3vel e Direitos do Consumidor<\/h3>\n<p>O v\u00eddeo \"TUDO SOBRE GARANTIA DO IM\u00d3VEL\" de eng.brunomartins oferece uma explora\u00e7\u00e3o detalhada das garantias imobili\u00e1rias e como os consumidores podem recorrer a elas em caso de problemas. Esta discuss\u00e3o \u00e9 crucial para entender a prote\u00e7\u00e3o ao consumidor no contexto imobili\u00e1rio, refor\u00e7ando o argumento do artigo original sobre a import\u00e2ncia da verifica\u00e7\u00e3o legal e documental. Ao compreender as garantias dispon\u00edveis e como acion\u00e1-las, os consumidores est\u00e3o melhor equipados para proteger seus investimentos e buscar repara\u00e7\u00e3o em caso de defeitos ou problemas com o im\u00f3vel. Este v\u00eddeo n\u00e3o apenas valida a necessidade de dilig\u00eancia na compra de im\u00f3veis, mas tamb\u00e9m amplia a discuss\u00e3o ao fornecer orienta\u00e7\u00f5es pr\u00e1ticas sobre como os consumidores podem efetivamente utilizar as garantias imobili\u00e1rias a seu favor.<\/p>\n\n<h3>Direito de Arrependimento na Compra de Im\u00f3veis<\/h3>\n<p>O v\u00eddeo \"Direito de arrependimento com a devolu\u00e7\u00e3o do valor pago\" por Pr\u00f3-J\u00fadice & GGR Advogados aborda um aspecto crucial da prote\u00e7\u00e3o ao consumidor: o direito de arrependimento. Esta an\u00e1lise complementa o artigo original ao destacar a import\u00e2ncia de mecanismos legais que permitem aos consumidores desistir de compras imobili\u00e1rias sob certas condi\u00e7\u00f5es, refor\u00e7ando a seguran\u00e7a e a confian\u00e7a no mercado imobili\u00e1rio. O direito de arrependimento \u00e9 um exemplo concreto de como a legisla\u00e7\u00e3o brasileira busca equilibrar os interesses dos consumidores e dos vendedores, garantindo que as transa\u00e7\u00f5es imobili\u00e1rias sejam justas e transparentes. Este v\u00eddeo n\u00e3o apenas reitera a import\u00e2ncia da prote\u00e7\u00e3o ao consumidor discutida no artigo original, mas tamb\u00e9m fornece uma vis\u00e3o pr\u00e1tica sobre como os consumidores podem exercer seus direitos de forma eficaz.<\/p>\n\n<h4>Refer\u00eancias<\/h4>\n<ul>\n<li><a href=\"https:\/\/www.conjur.com.br\/2023-ago-10\/amadeu-mendonca-decisao-stj-preocupou-mercado-imobiliario\" target=\"_blank\">Mendon\u00e7a: Decis\u00e3o do STJ que preocupou mercado imobili\u00e1rio<\/a><\/li>\n<li><a href=\"https:\/\/www.mundoadvogados.com.br\/artigos\/os-problemas-mais-comuns-do-direito-imobiliario\" target=\"_blank\">Os problemas mais comuns do direito imobili\u00e1rio<\/a><\/li>\n<li><a href=\"https:\/\/www.youtube.com\/watch?v=nnVyxebISVQ\" target=\"_blank\">TUDO SOBRE GARANTIA DO IM\u00d3VEL por eng.brunomartins<\/a><\/li>\n<li><a href=\"https:\/\/www.youtube.com\/watch?v=n2nNUFSinpE\" target=\"_blank\">Direito de arrependimento com a devolu\u00e7\u00e3o do valor pago por Pr\u00f3-J\u00fadice & GGR Advogados<\/a><\/li>\n<\/ul>\n\t\t\t\t<\/div>\n\t\t\t\t<\/div>\n\t\t\t\t\t<\/div>\n\t\t\t\t<\/div>\n\t\t<div class=\"elementor-element elementor-element-6af021f0 e-flex e-con-boxed e-con e-parent\" data-id=\"6af021f0\" data-element_type=\"container\">\n\t\t\t\t\t<div class=\"e-con-inner\">\n\t\t\t\t<div class=\"elementor-element elementor-element-50572ec6 elementor-widget elementor-widget-image\" data-id=\"50572ec6\" data-element_type=\"widget\" data-widget_type=\"image.default\">\n\t\t\t\t<div class=\"elementor-widget-container\">\n\t\t\t\t\t\t\t\t\t\t\t\t\t\t\t<img decoding=\"async\" width=\"800\" height=\"457\" src=\"https:\/\/aftadvocacia.adv.br\/wordpressfoto\/wp-content\/uploads\/2024\/01\/DALL\u00b7E-2024-01-11-14.38.06-An-illustrative-and-informative-image-for-a-blog-post-titled-Misleading-Property-Sales_-Consequences-and-Responsibilities-for-a-law-firm-in-Bento-Go-1024x585.png\" class=\"attachment-large size-large wp-image-2423\" alt=\"\" srcset=\"https:\/\/aftadvocacia.adv.br\/wordpressfoto\/wp-content\/uploads\/2024\/01\/DALL\u00b7E-2024-01-11-14.38.06-An-illustrative-and-informative-image-for-a-blog-post-titled-Misleading-Property-Sales_-Consequences-and-Responsibilities-for-a-law-firm-in-Bento-Go-1024x585.png 1024w, https:\/\/aftadvocacia.adv.br\/wordpressfoto\/wp-content\/uploads\/2024\/01\/DALL\u00b7E-2024-01-11-14.38.06-An-illustrative-and-informative-image-for-a-blog-post-titled-Misleading-Property-Sales_-Consequences-and-Responsibilities-for-a-law-firm-in-Bento-Go-300x171.png 300w, https:\/\/aftadvocacia.adv.br\/wordpressfoto\/wp-content\/uploads\/2024\/01\/DALL\u00b7E-2024-01-11-14.38.06-An-illustrative-and-informative-image-for-a-blog-post-titled-Misleading-Property-Sales_-Consequences-and-Responsibilities-for-a-law-firm-in-Bento-Go-768x439.png 768w, https:\/\/aftadvocacia.adv.br\/wordpressfoto\/wp-content\/uploads\/2024\/01\/DALL\u00b7E-2024-01-11-14.38.06-An-illustrative-and-informative-image-for-a-blog-post-titled-Misleading-Property-Sales_-Consequences-and-Responsibilities-for-a-law-firm-in-Bento-Go-1536x878.png 1536w, https:\/\/aftadvocacia.adv.br\/wordpressfoto\/wp-content\/uploads\/2024\/01\/DALL\u00b7E-2024-01-11-14.38.06-An-illustrative-and-informative-image-for-a-blog-post-titled-Misleading-Property-Sales_-Consequences-and-Responsibilities-for-a-law-firm-in-Bento-Go.png 1792w\" sizes=\"(max-width: 800px) 100vw, 800px\" \/>\t\t\t\t\t\t\t\t\t\t\t\t\t\t\t<\/div>\n\t\t\t\t<\/div>\n\t\t\t\t<div class=\"elementor-element elementor-element-420d3962 elementor-widget elementor-widget-html\" data-id=\"420d3962\" data-element_type=\"widget\" data-widget_type=\"html.default\">\n\t\t\t\t<div class=\"elementor-widget-container\">\n\t\t\t\t\t<blockquote style=\"font-size: 20px; border: 1px solid; text-align: center; font-style: italic; line-height: normal; padding: 10px; margin: 20px;\">\n    \n    \n  \"A venda de um im\u00f3vel sabendo que a obra n\u00e3o ser\u00e1 conclu\u00edda configura um crime, com responsabilidades civis e criminais.\"\n\n\n\n    \n\n<\/blockquote>\t\t\t\t<\/div>\n\t\t\t\t<\/div>\n\t\t\t\t\t<\/div>\n\t\t\t\t<\/div>\n\t\t<div class=\"elementor-element elementor-element-7a3710a6 e-flex e-con-boxed e-con e-parent\" data-id=\"7a3710a6\" data-element_type=\"container\">\n\t\t\t\t\t<div class=\"e-con-inner\">\n\t\t\t\t<div class=\"elementor-element elementor-element-4bdbc8f2 elementor-widget elementor-widget-html\" data-id=\"4bdbc8f2\" data-element_type=\"widget\" data-widget_type=\"html.default\">\n\t\t\t\t<div class=\"elementor-widget-container\">\n\t\t\t\t\t<h2>Conclus\u00e3o<\/h2>\n<p>Ao longo deste artigo, exploramos as diversas facetas da venda enganosa de im\u00f3veis e as implica\u00e7\u00f5es legais que acompanham tais pr\u00e1ticas no Brasil. Como advogado especializado em direito imobili\u00e1rio, enfatizei a import\u00e2ncia de estar bem informado e preparado para enfrentar os desafios que podem surgir ao comprar ou vender propriedades. A an\u00e1lise de decis\u00f5es judiciais e problemas comuns no setor imobili\u00e1rio refor\u00e7ou a necessidade de dilig\u00eancia, transpar\u00eancia e conhecimento legal para proteger seus direitos e investimentos.<\/p>\n<p>Refletindo sobre o conte\u00fado apresentado, fica claro que a educa\u00e7\u00e3o e a orienta\u00e7\u00e3o legal s\u00e3o fundamentais para qualquer parte envolvida em transa\u00e7\u00f5es imobili\u00e1rias. A compreens\u00e3o dos seus direitos, das garantias do im\u00f3vel e do direito de arrependimento s\u00e3o aspectos cruciais que podem determinar o sucesso e a seguran\u00e7a de suas opera\u00e7\u00f5es imobili\u00e1rias. Al\u00e9m disso, as discuss\u00f5es sobre as consequ\u00eancias legais da venda enganosa de im\u00f3veis destacam a seriedade com que o sistema jur\u00eddico brasileiro trata tais quest\u00f5es, visando proteger os consumidores e manter a integridade do mercado.<\/p>\n<p>Em conclus\u00e3o, este artigo n\u00e3o apenas serve como um guia para navegar pelas complexidades do direito imobili\u00e1rio, mas tamb\u00e9m como um lembrete da import\u00e2ncia de buscar orienta\u00e7\u00e3o profissional qualificada. Como seu advogado de confian\u00e7a, estou aqui para ajud\u00e1-lo a entender melhor o cen\u00e1rio legal e garantir que suas transa\u00e7\u00f5es imobili\u00e1rias sejam realizadas de forma justa e segura. Lembre-se, estar bem informado e contar com o suporte de um especialista pode fazer toda a diferen\u00e7a em proteger seus interesses e alcan\u00e7ar seus objetivos no mercado imobili\u00e1rio.<\/p>\n<p><strong style=\"font-size: smaller;\">Esta postagem \u00e9 completamente original, criada a partir do nosso pr\u00f3prio v\u00eddeo, referenciada em informa\u00e7\u00f5es da internet e aprimorada com tecnologia de intelig\u00eancia artificial.<\/strong><\/p>\n\t\t\t\t<\/div>\n\t\t\t\t<\/div>\n\t\t\t\t\t<\/div>\n\t\t\t\t<\/div>\n\t\t<div class=\"elementor-element elementor-element-7c785c1d e-flex e-con-boxed e-con e-parent\" data-id=\"7c785c1d\" data-element_type=\"container\">\n\t\t\t\t\t<div class=\"e-con-inner\">\n\t\t\t\t<div class=\"elementor-element elementor-element-4495b539 elementor-widget elementor-widget-html\" data-id=\"4495b539\" data-element_type=\"widget\" data-widget_type=\"html.default\">\n\t\t\t\t<div class=\"elementor-widget-container\">\n\t\t\t\t\t<h3>Perguntas frequentes<\/h3>\n<h4>O que constitui uma venda enganosa de im\u00f3veis?<\/h4>\n<p>Uma venda enganosa de im\u00f3veis ocorre quando o vendedor fornece informa\u00e7\u00f5es falsas ou omite detalhes importantes sobre a propriedade, levando o comprador a tomar uma decis\u00e3o de compra baseada em premissas incorretas. Isso inclui prometer caracter\u00edsticas ou benef\u00edcios do im\u00f3vel que n\u00e3o existem ou est\u00e3o incorretos.<\/p>\n\n<h4>Quais s\u00e3o as consequ\u00eancias legais para quem pratica a venda enganosa de im\u00f3veis?<\/h4>\n<p>As consequ\u00eancias legais podem variar desde a obriga\u00e7\u00e3o de indenizar o comprador por perdas e danos at\u00e9 responsabilidades criminais, dependendo da gravidade da fraude. Isso pode incluir multas, ressarcimento e, em casos mais s\u00e9rios, at\u00e9 mesmo tempo de pris\u00e3o para o vendedor fraudulento.<\/p>\n\n<h4>Como posso me proteger contra pr\u00e1ticas fraudulentas na compra de im\u00f3veis?<\/h4>\n<p>A melhor forma de se proteger \u00e9 atrav\u00e9s da dilig\u00eancia e verifica\u00e7\u00e3o legal e documental do im\u00f3vel. Isso inclui verificar a exist\u00eancia de licen\u00e7as, aprova\u00e7\u00f5es, e consultar um advogado especializado em direito imobili\u00e1rio para revisar todos os documentos e contratos antes de finalizar a compra.<\/p>\n\n<h4>O que \u00e9 o direito de arrependimento na compra de im\u00f3veis?<\/h4>\n<p>O direito de arrependimento permite que o comprador desista da compra do im\u00f3vel dentro de um prazo espec\u00edfico, geralmente estabelecido no contrato, sem enfrentar penalidades. Esse direito \u00e9 particularmente relevante em vendas realizadas fora do estabelecimento comercial, como vendas online ou por telefone.<\/p>\n\t\t\t\t<\/div>\n\t\t\t\t<\/div>\n\t\t\t\t\t<\/div>\n\t\t\t\t<\/div>\n\t\t\t\t<\/div>\n\t\t","protected":false},"excerpt":{"rendered":"<p>Este artigo aborda as responsabilidades legais e as consequ\u00eancias na venda enganosa de im\u00f3veis. Discute o papel dos corretores e agentes imobili\u00e1rios, a import\u00e2ncia da orienta\u00e7\u00e3o legal e as nuances do direito imobili\u00e1rio. Oferece insights valiosos para profissionais do setor e indiv\u00edduos envolvidos em transa\u00e7\u00f5es imobili\u00e1rias.<\/p>\n","protected":false},"author":7,"featured_media":2425,"comment_status":"open","ping_status":"open","sticky":false,"template":"elementor_theme","format":"standard","meta":{"footnotes":""},"categories":[2],"tags":[110,111,109,80,108,112,113,30,107,91,99],"class_list":["post-2417","post","type-post","status-publish","format-standard","has-post-thumbnail","hentry","category-juridico","tag-assessoria-juridica","tag-codigo-civil","tag-corretores-de-imoveis","tag-direito-imobiliario","tag-fraude-imobiliaria","tag-mercado-imobiliario","tag-nugget-8","tag-protecao-ao-consumidor","tag-responsabilidade-legal","tag-transacoes-imobiliarias","tag-venda-de-imoveis"],"yoast_head":"<!-- This site is optimized with the Yoast SEO plugin v25.6 - https:\/\/yoast.com\/wordpress\/plugins\/seo\/ -->\n<title>Venda de Im\u00f3veis: Consequ\u00eancias e Responsabilidades Legais<\/title>\n<meta name=\"description\" content=\"Explore as complexidades e responsabilidades legais na venda enganosa de im\u00f3veis. Entenda o papel dos intermedi\u00e1rios e a import\u00e2ncia da assessoria jur\u00eddica especializada em direito imobili\u00e1rio.\" \/>\n<meta name=\"robots\" content=\"index, follow, max-snippet:-1, max-image-preview:large, max-video-preview:-1\" \/>\n<link rel=\"canonical\" href=\"https:\/\/aftadvocacia.adv.br\/wordpressfoto\/venda-enganosa-de-imoveis-consequencias-e-responsabilidades\/\" \/>\n<meta property=\"og:locale\" content=\"pt_BR\" \/>\n<meta property=\"og:type\" content=\"article\" \/>\n<meta property=\"og:title\" content=\"Venda de Im\u00f3veis: Consequ\u00eancias e Responsabilidades Legais\" \/>\n<meta property=\"og:description\" content=\"Explore as complexidades e responsabilidades legais na venda enganosa de im\u00f3veis. Entenda o papel dos intermedi\u00e1rios e a import\u00e2ncia da assessoria jur\u00eddica especializada em direito imobili\u00e1rio.\" \/>\n<meta property=\"og:url\" content=\"https:\/\/aftadvocacia.adv.br\/wordpressfoto\/venda-enganosa-de-imoveis-consequencias-e-responsabilidades\/\" \/>\n<meta property=\"og:site_name\" content=\"AFT Advocacia: Excel\u00eancia em Advocacia e Consultoria Jur\u00eddica\" \/>\n<meta property=\"article:published_time\" content=\"2024-01-11T17:29:56+00:00\" \/>\n<meta property=\"article:modified_time\" content=\"2024-02-14T14:07:46+00:00\" \/>\n<meta property=\"og:image\" content=\"https:\/\/aftadvocacia.adv.br\/wordpressfoto\/wp-content\/uploads\/2024\/01\/DALL\u00b7E-2024-01-11-14.39.48-A-thought-provoking-and-detailed-image-for-a-blog-post-titled-Misleading-Property-Sales_-Consequences-and-Responsibilities-for-a-law-firm-in-Bento-G-1024x585.png\" \/>\n\t<meta property=\"og:image:width\" content=\"1024\" \/>\n\t<meta property=\"og:image:height\" content=\"585\" \/>\n\t<meta property=\"og:image:type\" content=\"image\/png\" \/>\n<meta name=\"author\" content=\"Kelli Santin Ramos\" \/>\n<meta name=\"twitter:card\" content=\"summary_large_image\" \/>\n<meta name=\"twitter:label1\" content=\"Escrito por\" \/>\n\t<meta name=\"twitter:data1\" content=\"Kelli Santin Ramos\" \/>\n\t<meta name=\"twitter:label2\" content=\"Est. tempo de leitura\" \/>\n\t<meta name=\"twitter:data2\" content=\"13 minutos\" \/>\n<script type=\"application\/ld+json\" class=\"yoast-schema-graph\">{\"@context\":\"https:\/\/schema.org\",\"@graph\":[{\"@type\":\"Article\",\"@id\":\"https:\/\/aftadvocacia.adv.br\/wordpressfoto\/venda-enganosa-de-imoveis-consequencias-e-responsabilidades\/#article\",\"isPartOf\":{\"@id\":\"https:\/\/aftadvocacia.adv.br\/wordpressfoto\/venda-enganosa-de-imoveis-consequencias-e-responsabilidades\/\"},\"author\":{\"name\":\"Kelli Santin Ramos\",\"@id\":\"https:\/\/aftadvocacia.adv.br\/wordpressfoto\/#\/schema\/person\/53c63c92b6190acb85cfa97cdf337511\"},\"headline\":\"Venda Enganosa de Im\u00f3veis: Consequ\u00eancias e Responsabilidades\",\"datePublished\":\"2024-01-11T17:29:56+00:00\",\"dateModified\":\"2024-02-14T14:07:46+00:00\",\"mainEntityOfPage\":{\"@id\":\"https:\/\/aftadvocacia.adv.br\/wordpressfoto\/venda-enganosa-de-imoveis-consequencias-e-responsabilidades\/\"},\"wordCount\":2566,\"commentCount\":0,\"publisher\":{\"@id\":\"https:\/\/aftadvocacia.adv.br\/wordpressfoto\/#organization\"},\"image\":{\"@id\":\"https:\/\/aftadvocacia.adv.br\/wordpressfoto\/venda-enganosa-de-imoveis-consequencias-e-responsabilidades\/#primaryimage\"},\"thumbnailUrl\":\"https:\/\/aftadvocacia.adv.br\/wordpressfoto\/wp-content\/uploads\/2024\/01\/DALL\u00b7E-2024-01-11-14.39.48-A-thought-provoking-and-detailed-image-for-a-blog-post-titled-Misleading-Property-Sales_-Consequences-and-Responsibilities-for-a-law-firm-in-Bento-G.png\",\"keywords\":[\"assessoria jur\u00eddica\",\"c\u00f3digo civil\",\"corretores de im\u00f3veis\",\"direito imobili\u00e1rio\",\"fraude imobili\u00e1ria\",\"mercado imobili\u00e1rio\",\"NUGGET 8\",\"prote\u00e7\u00e3o ao consumidor\",\"responsabilidade legal\",\"transa\u00e7\u00f5es imobili\u00e1rias\",\"venda de im\u00f3veis\"],\"articleSection\":[\"Jur\u00eddico\"],\"inLanguage\":\"pt-BR\",\"potentialAction\":[{\"@type\":\"CommentAction\",\"name\":\"Comment\",\"target\":[\"https:\/\/aftadvocacia.adv.br\/wordpressfoto\/venda-enganosa-de-imoveis-consequencias-e-responsabilidades\/#respond\"]}]},{\"@type\":\"WebPage\",\"@id\":\"https:\/\/aftadvocacia.adv.br\/wordpressfoto\/venda-enganosa-de-imoveis-consequencias-e-responsabilidades\/\",\"url\":\"https:\/\/aftadvocacia.adv.br\/wordpressfoto\/venda-enganosa-de-imoveis-consequencias-e-responsabilidades\/\",\"name\":\"Venda de Im\u00f3veis: Consequ\u00eancias e Responsabilidades Legais\",\"isPartOf\":{\"@id\":\"https:\/\/aftadvocacia.adv.br\/wordpressfoto\/#website\"},\"primaryImageOfPage\":{\"@id\":\"https:\/\/aftadvocacia.adv.br\/wordpressfoto\/venda-enganosa-de-imoveis-consequencias-e-responsabilidades\/#primaryimage\"},\"image\":{\"@id\":\"https:\/\/aftadvocacia.adv.br\/wordpressfoto\/venda-enganosa-de-imoveis-consequencias-e-responsabilidades\/#primaryimage\"},\"thumbnailUrl\":\"https:\/\/aftadvocacia.adv.br\/wordpressfoto\/wp-content\/uploads\/2024\/01\/DALL\u00b7E-2024-01-11-14.39.48-A-thought-provoking-and-detailed-image-for-a-blog-post-titled-Misleading-Property-Sales_-Consequences-and-Responsibilities-for-a-law-firm-in-Bento-G.png\",\"datePublished\":\"2024-01-11T17:29:56+00:00\",\"dateModified\":\"2024-02-14T14:07:46+00:00\",\"description\":\"Explore as complexidades e responsabilidades legais na venda enganosa de im\u00f3veis. Entenda o papel dos intermedi\u00e1rios e a import\u00e2ncia da assessoria jur\u00eddica especializada em direito imobili\u00e1rio.\",\"breadcrumb\":{\"@id\":\"https:\/\/aftadvocacia.adv.br\/wordpressfoto\/venda-enganosa-de-imoveis-consequencias-e-responsabilidades\/#breadcrumb\"},\"inLanguage\":\"pt-BR\",\"potentialAction\":[{\"@type\":\"ReadAction\",\"target\":[\"https:\/\/aftadvocacia.adv.br\/wordpressfoto\/venda-enganosa-de-imoveis-consequencias-e-responsabilidades\/\"]}]},{\"@type\":\"ImageObject\",\"inLanguage\":\"pt-BR\",\"@id\":\"https:\/\/aftadvocacia.adv.br\/wordpressfoto\/venda-enganosa-de-imoveis-consequencias-e-responsabilidades\/#primaryimage\",\"url\":\"https:\/\/aftadvocacia.adv.br\/wordpressfoto\/wp-content\/uploads\/2024\/01\/DALL\u00b7E-2024-01-11-14.39.48-A-thought-provoking-and-detailed-image-for-a-blog-post-titled-Misleading-Property-Sales_-Consequences-and-Responsibilities-for-a-law-firm-in-Bento-G.png\",\"contentUrl\":\"https:\/\/aftadvocacia.adv.br\/wordpressfoto\/wp-content\/uploads\/2024\/01\/DALL\u00b7E-2024-01-11-14.39.48-A-thought-provoking-and-detailed-image-for-a-blog-post-titled-Misleading-Property-Sales_-Consequences-and-Responsibilities-for-a-law-firm-in-Bento-G.png\",\"width\":1792,\"height\":1024},{\"@type\":\"BreadcrumbList\",\"@id\":\"https:\/\/aftadvocacia.adv.br\/wordpressfoto\/venda-enganosa-de-imoveis-consequencias-e-responsabilidades\/#breadcrumb\",\"itemListElement\":[{\"@type\":\"ListItem\",\"position\":1,\"name\":\"In\u00edcio\",\"item\":\"https:\/\/aftadvocacia.adv.br\/wordpressfoto\/\"},{\"@type\":\"ListItem\",\"position\":2,\"name\":\"Venda Enganosa de Im\u00f3veis: Consequ\u00eancias e Responsabilidades\"}]},{\"@type\":\"WebSite\",\"@id\":\"https:\/\/aftadvocacia.adv.br\/wordpressfoto\/#website\",\"url\":\"https:\/\/aftadvocacia.adv.br\/wordpressfoto\/\",\"name\":\"AFT Advogados: Excel\u00eancia em Advocacia e Consultoria Jur\u00eddica\",\"description\":\"Com mais de 20 anos de experi\u00eancia, a AFTA Advocacia se destaca pela dedica\u00e7\u00e3o, responsabilidade e compromisso em oferecer solu\u00e7\u00f5es jur\u00eddicas personalizadas. Especializados em Direito Tribut\u00e1rio, Empresarial e diversas outras \u00e1reas, nossa miss\u00e3o \u00e9 satisfazer e superar as expectativas de nossos clientes, atuando com \u00e9tica e compet\u00eancia t\u00e9cnico-jur\u00eddica.\",\"publisher\":{\"@id\":\"https:\/\/aftadvocacia.adv.br\/wordpressfoto\/#organization\"},\"potentialAction\":[{\"@type\":\"SearchAction\",\"target\":{\"@type\":\"EntryPoint\",\"urlTemplate\":\"https:\/\/aftadvocacia.adv.br\/wordpressfoto\/?s={search_term_string}\"},\"query-input\":{\"@type\":\"PropertyValueSpecification\",\"valueRequired\":true,\"valueName\":\"search_term_string\"}}],\"inLanguage\":\"pt-BR\"},{\"@type\":\"Organization\",\"@id\":\"https:\/\/aftadvocacia.adv.br\/wordpressfoto\/#organization\",\"name\":\"AFT Advogados: Excel\u00eancia em Advocacia e Consultoria Jur\u00eddica\",\"url\":\"https:\/\/aftadvocacia.adv.br\/wordpressfoto\/\",\"logo\":{\"@type\":\"ImageObject\",\"inLanguage\":\"pt-BR\",\"@id\":\"https:\/\/aftadvocacia.adv.br\/wordpressfoto\/#\/schema\/logo\/image\/\",\"url\":\"https:\/\/aftadvocacia.adv.br\/wordpressfoto\/wp-content\/uploads\/2024\/01\/Logotipo-com-OAB-aft-advogados-bento-direito.png\",\"contentUrl\":\"https:\/\/aftadvocacia.adv.br\/wordpressfoto\/wp-content\/uploads\/2024\/01\/Logotipo-com-OAB-aft-advogados-bento-direito.png\",\"width\":350,\"height\":184,\"caption\":\"AFT Advogados: Excel\u00eancia em Advocacia e Consultoria Jur\u00eddica\"},\"image\":{\"@id\":\"https:\/\/aftadvocacia.adv.br\/wordpressfoto\/#\/schema\/logo\/image\/\"}},{\"@type\":\"Person\",\"@id\":\"https:\/\/aftadvocacia.adv.br\/wordpressfoto\/#\/schema\/person\/53c63c92b6190acb85cfa97cdf337511\",\"name\":\"Kelli Santin Ramos\",\"image\":{\"@type\":\"ImageObject\",\"inLanguage\":\"pt-BR\",\"@id\":\"https:\/\/aftadvocacia.adv.br\/wordpressfoto\/#\/schema\/person\/image\/\",\"url\":\"https:\/\/secure.gravatar.com\/avatar\/288d6aed193130ff5145528f2326b3678185e8664b3bd89c212e726528a43ad1?s=96&d=mm&r=g\",\"contentUrl\":\"https:\/\/secure.gravatar.com\/avatar\/288d6aed193130ff5145528f2326b3678185e8664b3bd89c212e726528a43ad1?s=96&d=mm&r=g\",\"caption\":\"Kelli Santin Ramos\"},\"url\":\"https:\/\/aftadvocacia.adv.br\/wordpressfoto\/author\/kelli\/\"}]}<\/script>\n<!-- \/ Yoast SEO plugin. -->","yoast_head_json":{"title":"Venda de Im\u00f3veis: Consequ\u00eancias e Responsabilidades Legais","description":"Explore as complexidades e responsabilidades legais na venda enganosa de im\u00f3veis. Entenda o papel dos intermedi\u00e1rios e a import\u00e2ncia da assessoria jur\u00eddica especializada em direito imobili\u00e1rio.","robots":{"index":"index","follow":"follow","max-snippet":"max-snippet:-1","max-image-preview":"max-image-preview:large","max-video-preview":"max-video-preview:-1"},"canonical":"https:\/\/aftadvocacia.adv.br\/wordpressfoto\/venda-enganosa-de-imoveis-consequencias-e-responsabilidades\/","og_locale":"pt_BR","og_type":"article","og_title":"Venda de Im\u00f3veis: Consequ\u00eancias e Responsabilidades Legais","og_description":"Explore as complexidades e responsabilidades legais na venda enganosa de im\u00f3veis. Entenda o papel dos intermedi\u00e1rios e a import\u00e2ncia da assessoria jur\u00eddica especializada em direito imobili\u00e1rio.","og_url":"https:\/\/aftadvocacia.adv.br\/wordpressfoto\/venda-enganosa-de-imoveis-consequencias-e-responsabilidades\/","og_site_name":"AFT Advocacia: Excel\u00eancia em Advocacia e Consultoria Jur\u00eddica","article_published_time":"2024-01-11T17:29:56+00:00","article_modified_time":"2024-02-14T14:07:46+00:00","og_image":[{"width":1024,"height":585,"url":"https:\/\/aftadvocacia.adv.br\/wordpressfoto\/wp-content\/uploads\/2024\/01\/DALL\u00b7E-2024-01-11-14.39.48-A-thought-provoking-and-detailed-image-for-a-blog-post-titled-Misleading-Property-Sales_-Consequences-and-Responsibilities-for-a-law-firm-in-Bento-G-1024x585.png","type":"image\/png"}],"author":"Kelli Santin Ramos","twitter_card":"summary_large_image","twitter_misc":{"Escrito por":"Kelli Santin Ramos","Est. tempo de leitura":"13 minutos"},"schema":{"@context":"https:\/\/schema.org","@graph":[{"@type":"Article","@id":"https:\/\/aftadvocacia.adv.br\/wordpressfoto\/venda-enganosa-de-imoveis-consequencias-e-responsabilidades\/#article","isPartOf":{"@id":"https:\/\/aftadvocacia.adv.br\/wordpressfoto\/venda-enganosa-de-imoveis-consequencias-e-responsabilidades\/"},"author":{"name":"Kelli Santin Ramos","@id":"https:\/\/aftadvocacia.adv.br\/wordpressfoto\/#\/schema\/person\/53c63c92b6190acb85cfa97cdf337511"},"headline":"Venda Enganosa de Im\u00f3veis: Consequ\u00eancias e Responsabilidades","datePublished":"2024-01-11T17:29:56+00:00","dateModified":"2024-02-14T14:07:46+00:00","mainEntityOfPage":{"@id":"https:\/\/aftadvocacia.adv.br\/wordpressfoto\/venda-enganosa-de-imoveis-consequencias-e-responsabilidades\/"},"wordCount":2566,"commentCount":0,"publisher":{"@id":"https:\/\/aftadvocacia.adv.br\/wordpressfoto\/#organization"},"image":{"@id":"https:\/\/aftadvocacia.adv.br\/wordpressfoto\/venda-enganosa-de-imoveis-consequencias-e-responsabilidades\/#primaryimage"},"thumbnailUrl":"https:\/\/aftadvocacia.adv.br\/wordpressfoto\/wp-content\/uploads\/2024\/01\/DALL\u00b7E-2024-01-11-14.39.48-A-thought-provoking-and-detailed-image-for-a-blog-post-titled-Misleading-Property-Sales_-Consequences-and-Responsibilities-for-a-law-firm-in-Bento-G.png","keywords":["assessoria jur\u00eddica","c\u00f3digo civil","corretores de im\u00f3veis","direito imobili\u00e1rio","fraude imobili\u00e1ria","mercado imobili\u00e1rio","NUGGET 8","prote\u00e7\u00e3o ao consumidor","responsabilidade legal","transa\u00e7\u00f5es imobili\u00e1rias","venda de im\u00f3veis"],"articleSection":["Jur\u00eddico"],"inLanguage":"pt-BR","potentialAction":[{"@type":"CommentAction","name":"Comment","target":["https:\/\/aftadvocacia.adv.br\/wordpressfoto\/venda-enganosa-de-imoveis-consequencias-e-responsabilidades\/#respond"]}]},{"@type":"WebPage","@id":"https:\/\/aftadvocacia.adv.br\/wordpressfoto\/venda-enganosa-de-imoveis-consequencias-e-responsabilidades\/","url":"https:\/\/aftadvocacia.adv.br\/wordpressfoto\/venda-enganosa-de-imoveis-consequencias-e-responsabilidades\/","name":"Venda de Im\u00f3veis: Consequ\u00eancias e Responsabilidades Legais","isPartOf":{"@id":"https:\/\/aftadvocacia.adv.br\/wordpressfoto\/#website"},"primaryImageOfPage":{"@id":"https:\/\/aftadvocacia.adv.br\/wordpressfoto\/venda-enganosa-de-imoveis-consequencias-e-responsabilidades\/#primaryimage"},"image":{"@id":"https:\/\/aftadvocacia.adv.br\/wordpressfoto\/venda-enganosa-de-imoveis-consequencias-e-responsabilidades\/#primaryimage"},"thumbnailUrl":"https:\/\/aftadvocacia.adv.br\/wordpressfoto\/wp-content\/uploads\/2024\/01\/DALL\u00b7E-2024-01-11-14.39.48-A-thought-provoking-and-detailed-image-for-a-blog-post-titled-Misleading-Property-Sales_-Consequences-and-Responsibilities-for-a-law-firm-in-Bento-G.png","datePublished":"2024-01-11T17:29:56+00:00","dateModified":"2024-02-14T14:07:46+00:00","description":"Explore as complexidades e responsabilidades legais na venda enganosa de im\u00f3veis. Entenda o papel dos intermedi\u00e1rios e a import\u00e2ncia da assessoria jur\u00eddica especializada em direito imobili\u00e1rio.","breadcrumb":{"@id":"https:\/\/aftadvocacia.adv.br\/wordpressfoto\/venda-enganosa-de-imoveis-consequencias-e-responsabilidades\/#breadcrumb"},"inLanguage":"pt-BR","potentialAction":[{"@type":"ReadAction","target":["https:\/\/aftadvocacia.adv.br\/wordpressfoto\/venda-enganosa-de-imoveis-consequencias-e-responsabilidades\/"]}]},{"@type":"ImageObject","inLanguage":"pt-BR","@id":"https:\/\/aftadvocacia.adv.br\/wordpressfoto\/venda-enganosa-de-imoveis-consequencias-e-responsabilidades\/#primaryimage","url":"https:\/\/aftadvocacia.adv.br\/wordpressfoto\/wp-content\/uploads\/2024\/01\/DALL\u00b7E-2024-01-11-14.39.48-A-thought-provoking-and-detailed-image-for-a-blog-post-titled-Misleading-Property-Sales_-Consequences-and-Responsibilities-for-a-law-firm-in-Bento-G.png","contentUrl":"https:\/\/aftadvocacia.adv.br\/wordpressfoto\/wp-content\/uploads\/2024\/01\/DALL\u00b7E-2024-01-11-14.39.48-A-thought-provoking-and-detailed-image-for-a-blog-post-titled-Misleading-Property-Sales_-Consequences-and-Responsibilities-for-a-law-firm-in-Bento-G.png","width":1792,"height":1024},{"@type":"BreadcrumbList","@id":"https:\/\/aftadvocacia.adv.br\/wordpressfoto\/venda-enganosa-de-imoveis-consequencias-e-responsabilidades\/#breadcrumb","itemListElement":[{"@type":"ListItem","position":1,"name":"In\u00edcio","item":"https:\/\/aftadvocacia.adv.br\/wordpressfoto\/"},{"@type":"ListItem","position":2,"name":"Venda Enganosa de Im\u00f3veis: Consequ\u00eancias e Responsabilidades"}]},{"@type":"WebSite","@id":"https:\/\/aftadvocacia.adv.br\/wordpressfoto\/#website","url":"https:\/\/aftadvocacia.adv.br\/wordpressfoto\/","name":"AFT Advogados: Excel\u00eancia em Advocacia e Consultoria Jur\u00eddica","description":"Com mais de 20 anos de experi\u00eancia, a AFTA Advocacia se destaca pela dedica\u00e7\u00e3o, responsabilidade e compromisso em oferecer solu\u00e7\u00f5es jur\u00eddicas personalizadas. Especializados em Direito Tribut\u00e1rio, Empresarial e diversas outras \u00e1reas, nossa miss\u00e3o \u00e9 satisfazer e superar as expectativas de nossos clientes, atuando com \u00e9tica e compet\u00eancia t\u00e9cnico-jur\u00eddica.","publisher":{"@id":"https:\/\/aftadvocacia.adv.br\/wordpressfoto\/#organization"},"potentialAction":[{"@type":"SearchAction","target":{"@type":"EntryPoint","urlTemplate":"https:\/\/aftadvocacia.adv.br\/wordpressfoto\/?s={search_term_string}"},"query-input":{"@type":"PropertyValueSpecification","valueRequired":true,"valueName":"search_term_string"}}],"inLanguage":"pt-BR"},{"@type":"Organization","@id":"https:\/\/aftadvocacia.adv.br\/wordpressfoto\/#organization","name":"AFT Advogados: Excel\u00eancia em Advocacia e Consultoria Jur\u00eddica","url":"https:\/\/aftadvocacia.adv.br\/wordpressfoto\/","logo":{"@type":"ImageObject","inLanguage":"pt-BR","@id":"https:\/\/aftadvocacia.adv.br\/wordpressfoto\/#\/schema\/logo\/image\/","url":"https:\/\/aftadvocacia.adv.br\/wordpressfoto\/wp-content\/uploads\/2024\/01\/Logotipo-com-OAB-aft-advogados-bento-direito.png","contentUrl":"https:\/\/aftadvocacia.adv.br\/wordpressfoto\/wp-content\/uploads\/2024\/01\/Logotipo-com-OAB-aft-advogados-bento-direito.png","width":350,"height":184,"caption":"AFT Advogados: Excel\u00eancia em Advocacia e Consultoria Jur\u00eddica"},"image":{"@id":"https:\/\/aftadvocacia.adv.br\/wordpressfoto\/#\/schema\/logo\/image\/"}},{"@type":"Person","@id":"https:\/\/aftadvocacia.adv.br\/wordpressfoto\/#\/schema\/person\/53c63c92b6190acb85cfa97cdf337511","name":"Kelli Santin Ramos","image":{"@type":"ImageObject","inLanguage":"pt-BR","@id":"https:\/\/aftadvocacia.adv.br\/wordpressfoto\/#\/schema\/person\/image\/","url":"https:\/\/secure.gravatar.com\/avatar\/288d6aed193130ff5145528f2326b3678185e8664b3bd89c212e726528a43ad1?s=96&d=mm&r=g","contentUrl":"https:\/\/secure.gravatar.com\/avatar\/288d6aed193130ff5145528f2326b3678185e8664b3bd89c212e726528a43ad1?s=96&d=mm&r=g","caption":"Kelli Santin Ramos"},"url":"https:\/\/aftadvocacia.adv.br\/wordpressfoto\/author\/kelli\/"}]}},"_links":{"self":[{"href":"https:\/\/aftadvocacia.adv.br\/wordpressfoto\/wp-json\/wp\/v2\/posts\/2417","targetHints":{"allow":["GET"]}}],"collection":[{"href":"https:\/\/aftadvocacia.adv.br\/wordpressfoto\/wp-json\/wp\/v2\/posts"}],"about":[{"href":"https:\/\/aftadvocacia.adv.br\/wordpressfoto\/wp-json\/wp\/v2\/types\/post"}],"author":[{"embeddable":true,"href":"https:\/\/aftadvocacia.adv.br\/wordpressfoto\/wp-json\/wp\/v2\/users\/7"}],"replies":[{"embeddable":true,"href":"https:\/\/aftadvocacia.adv.br\/wordpressfoto\/wp-json\/wp\/v2\/comments?post=2417"}],"version-history":[{"count":0,"href":"https:\/\/aftadvocacia.adv.br\/wordpressfoto\/wp-json\/wp\/v2\/posts\/2417\/revisions"}],"wp:featuredmedia":[{"embeddable":true,"href":"https:\/\/aftadvocacia.adv.br\/wordpressfoto\/wp-json\/wp\/v2\/media\/2425"}],"wp:attachment":[{"href":"https:\/\/aftadvocacia.adv.br\/wordpressfoto\/wp-json\/wp\/v2\/media?parent=2417"}],"wp:term":[{"taxonomy":"category","embeddable":true,"href":"https:\/\/aftadvocacia.adv.br\/wordpressfoto\/wp-json\/wp\/v2\/categories?post=2417"},{"taxonomy":"post_tag","embeddable":true,"href":"https:\/\/aftadvocacia.adv.br\/wordpressfoto\/wp-json\/wp\/v2\/tags?post=2417"}],"curies":[{"name":"wp","href":"https:\/\/api.w.org\/{rel}","templated":true}]}}