{"id":1903,"date":"2024-01-08T18:35:19","date_gmt":"2024-01-08T21:35:19","guid":{"rendered":"https:\/\/aftadvocacia.adv.br\/wordpressfoto\/?p=1903"},"modified":"2024-02-14T11:37:44","modified_gmt":"2024-02-14T14:37:44","slug":"entendendo-nova-reforma-tributaria-impactos-mudancas","status":"publish","type":"post","link":"https:\/\/aftadvocacia.adv.br\/wordpressfoto\/entendendo-nova-reforma-tributaria-impactos-mudancas\/","title":{"rendered":"Entendendo a Nova Reforma Tribut\u00e1ria: Impactos e Mudan\u00e7as"},"content":{"rendered":"\t\t<div data-elementor-type=\"wp-post\" data-elementor-id=\"1903\" class=\"elementor elementor-1903\" data-elementor-post-type=\"post\">\n\t\t\t\t<div class=\"elementor-element elementor-element-1162057d e-flex e-con-boxed e-con e-parent\" data-id=\"1162057d\" data-element_type=\"container\">\n\t\t\t\t\t<div class=\"e-con-inner\">\n\t\t\t\t<div class=\"elementor-element elementor-element-2eb2405c elementor-widget elementor-widget-video\" data-id=\"2eb2405c\" data-element_type=\"widget\" data-settings=\"{&quot;youtube_url&quot;:&quot;https:\\\/\\\/www.youtube.com\\\/watch?v=jr2oLvSIfhk&amp;list=PLNFjLfN9Xs1xO15E_tW1XbKjvWJhmIrg3&amp;index=13&quot;,&quot;video_type&quot;:&quot;youtube&quot;,&quot;controls&quot;:&quot;yes&quot;}\" data-widget_type=\"video.default\">\n\t\t\t\t<div class=\"elementor-widget-container\">\n\t\t\t\t\t\t\t<div class=\"elementor-wrapper elementor-open-inline\">\n\t\t\t<div class=\"elementor-video\"><\/div>\t\t<\/div>\n\t\t\t\t\t\t<\/div>\n\t\t\t\t<\/div>\n\t\t\t\t\t<\/div>\n\t\t\t\t<\/div>\n\t\t<div class=\"elementor-element elementor-element-7a5f6257 e-flex e-con-boxed e-con e-parent\" data-id=\"7a5f6257\" data-element_type=\"container\">\n\t\t\t\t\t<div class=\"e-con-inner\">\n\t\t\t\t<div class=\"elementor-element elementor-element-747049a5 elementor-widget elementor-widget-html\" data-id=\"747049a5\" data-element_type=\"widget\" data-widget_type=\"html.default\">\n\t\t\t\t<div class=\"elementor-widget-container\">\n\t\t\t\t\t<p>Ol\u00e1, sou Dr. R\u00f4mulo de Jesus\nDieguez de Freitas, sou um advogado na AFT Advocacia, especializado em direito tribut\u00e1rio. Ao longo dos anos, tenho acompanhado de perto as transforma\u00e7\u00f5es e os desafios do sistema tribut\u00e1rio brasileiro, buscando sempre oferecer as melhores solu\u00e7\u00f5es jur\u00eddicas para meus clientes. Neste artigo, mergulharemos profundamente na recente reforma tribut\u00e1ria do Brasil, uma mudan\u00e7a significativa que promete simplificar o complexo sistema de impostos do pa\u00eds, impactando tanto empresas quanto consumidores. Vamos explorar os principais objetivos da reforma, como a busca por um sistema mais justo e eficiente, a redu\u00e7\u00e3o da burocracia, e o est\u00edmulo ao crescimento econ\u00f4mico. Al\u00e9m disso, analisaremos as implica\u00e7\u00f5es dessa reforma para o ambiente de neg\u00f3cios no Brasil, destacando como ela pode afetar a competitividade das empresas e a carga tribut\u00e1ria dos consumidores. Com base em uma an\u00e1lise detalhada de fontes confi\u00e1veis e complementada por uma discuss\u00e3o sobre materiais dispon\u00edveis na web, este artigo visa esclarecer as nuances da reforma tribut\u00e1ria e o que ela representa para o futuro do Brasil. Prepare-se para uma leitura esclarecedora que lhe proporcionar\u00e1 uma compreens\u00e3o abrangente sobre um dos temas mais relevantes da atualidade no cen\u00e1rio econ\u00f4mico e jur\u00eddico do pa\u00eds.<\/p>\n\t\t\t\t<\/div>\n\t\t\t\t<\/div>\n\t\t\t\t\t<\/div>\n\t\t\t\t<\/div>\n\t\t<div class=\"elementor-element elementor-element-195ebbaf e-flex e-con-boxed e-con e-parent\" data-id=\"195ebbaf\" data-element_type=\"container\">\n\t\t\t\t\t<div class=\"e-con-inner\">\n\t\t\t\t<div class=\"elementor-element elementor-element-435d99bb elementor-widget elementor-widget-image\" data-id=\"435d99bb\" data-element_type=\"widget\" data-widget_type=\"image.default\">\n\t\t\t\t<div class=\"elementor-widget-container\">\n\t\t\t\t\t\t\t\t\t\t\t\t\t\t\t<img fetchpriority=\"high\" decoding=\"async\" width=\"800\" height=\"457\" src=\"https:\/\/aftadvocacia.adv.br\/wordpressfoto\/wp-content\/uploads\/2023\/11\/advocacia-escritorio-sustentabilidade-juridico-afta-empresas-bento-gonc\u0327alves-1-1024x585.webp\" class=\"attachment-large size-large wp-image-751\" alt=\"\" srcset=\"https:\/\/aftadvocacia.adv.br\/wordpressfoto\/wp-content\/uploads\/2023\/11\/advocacia-escritorio-sustentabilidade-juridico-afta-empresas-bento-gonc\u0327alves-1-1024x585.webp 1024w, https:\/\/aftadvocacia.adv.br\/wordpressfoto\/wp-content\/uploads\/2023\/11\/advocacia-escritorio-sustentabilidade-juridico-afta-empresas-bento-gonc\u0327alves-1-300x171.webp 300w, https:\/\/aftadvocacia.adv.br\/wordpressfoto\/wp-content\/uploads\/2023\/11\/advocacia-escritorio-sustentabilidade-juridico-afta-empresas-bento-gonc\u0327alves-1-768x439.webp 768w, https:\/\/aftadvocacia.adv.br\/wordpressfoto\/wp-content\/uploads\/2023\/11\/advocacia-escritorio-sustentabilidade-juridico-afta-empresas-bento-gonc\u0327alves-1-1536x878.webp 1536w, https:\/\/aftadvocacia.adv.br\/wordpressfoto\/wp-content\/uploads\/2023\/11\/advocacia-escritorio-sustentabilidade-juridico-afta-empresas-bento-gonc\u0327alves-1.webp 1792w\" sizes=\"(max-width: 800px) 100vw, 800px\" \/>\t\t\t\t\t\t\t\t\t\t\t\t\t\t\t<\/div>\n\t\t\t\t<\/div>\n\t\t\t\t<div class=\"elementor-element elementor-element-2501fb60 elementor-widget elementor-widget-html\" data-id=\"2501fb60\" data-element_type=\"widget\" data-widget_type=\"html.default\">\n\t\t\t\t<div class=\"elementor-widget-container\">\n\t\t\t\t\t<blockquote style=\"font-size: 20px; border: 1px solid; text-align: center; font-style: italic; line-height: normal; padding: 10px; margin: 20px;\">\n    \n    \n\n\"O sistema hoje \u00e9 muito burocratizado, e maior transpar\u00eancia pro consumidor final saber quanto ele paga de imposto numa compra ou numa presta\u00e7\u00e3o de servi\u00e7o.\"\n\n\n    \n\n<\/blockquote>\t\t\t\t<\/div>\n\t\t\t\t<\/div>\n\t\t\t\t\t<\/div>\n\t\t\t\t<\/div>\n\t\t<div class=\"elementor-element elementor-element-753716e1 e-flex e-con-boxed e-con e-parent\" data-id=\"753716e1\" data-element_type=\"container\">\n\t\t\t\t\t<div class=\"e-con-inner\">\n\t\t\t\t<div class=\"elementor-element elementor-element-f47e7d7 elementor-widget elementor-widget-html\" data-id=\"f47e7d7\" data-element_type=\"widget\" data-widget_type=\"html.default\">\n\t\t\t\t<div class=\"elementor-widget-container\">\n\t\t\t\t\t<h2>Objetivos da Reforma Tribut\u00e1ria<\/h2>\n<p>Como advogado especializado em direito tribut\u00e1rio, tenho acompanhado de perto as discuss\u00f5es sobre a reforma tribut\u00e1ria, especificamente a PEC 45, e quero compartilhar com voc\u00eas o que isso realmente significa. A reforma busca, acima de tudo, racionalizar nosso complexo sistema tribut\u00e1rio. O objetivo \u00e9 claro: promover o crescimento econ\u00f4mico do Brasil, aumentar a seguran\u00e7a jur\u00eddica para os empres\u00e1rios, reduzir os custos operacionais das empresas e, por fim, tornar nossas empresas mais competitivas tanto no mercado interno quanto no externo. Al\u00e9m disso, a reforma visa diminuir a burocracia, um dos maiores entraves para o desenvolvimento empresarial no pa\u00eds, e aumentar a transpar\u00eancia para o consumidor, que muitas vezes se v\u00ea perdido no emaranhado de impostos sobre produtos e servi\u00e7os.<\/p>\n<p>A reforma tribut\u00e1ria n\u00e3o \u00e9 apenas uma necessidade; \u00e9 uma urg\u00eancia. O sistema atual \u00e9 extremamente burocratizado, dificultando n\u00e3o apenas a gest\u00e3o empresarial mas tamb\u00e9m a compreens\u00e3o do consumidor sobre quanto realmente paga de imposto em suas compras. A busca por um sistema mais simples e transparente \u00e9 um clamor de todos os setores da sociedade. Com a reforma, espera-se que o Brasil possa finalmente oferecer um ambiente de neg\u00f3cios mais atrativo, com seguran\u00e7a jur\u00eddica e custos previs\u00edveis, elementos fundamentais para atrair investimentos e promover o desenvolvimento econ\u00f4mico sustent\u00e1vel.<\/p>\n\n<h2>Fim da Guerra Fiscal entre os Estados<\/h2>\n<p>A guerra fiscal entre os estados, especialmente em rela\u00e7\u00e3o ao ICMS, \u00e9 um dos problemas mais cr\u00edticos do nosso sistema tribut\u00e1rio atual. Estados competem entre si de maneira predat\u00f3ria, oferecendo benef\u00edcios fiscais muitas vezes insustent\u00e1veis a longo prazo, apenas para atrair empresas. Essa pr\u00e1tica n\u00e3o apenas desestabiliza a arrecada\u00e7\u00e3o como tamb\u00e9m cria um ambiente de incerteza para os neg\u00f3cios. A reforma tribut\u00e1ria prop\u00f5e um fim para essa guerra fiscal, buscando uma distribui\u00e7\u00e3o mais equitativa e justa da carga tribut\u00e1ria entre os estados, o que, sem d\u00favida, contribuir\u00e1 para um ambiente de neg\u00f3cios mais est\u00e1vel e previs\u00edvel no Brasil.<\/p>\n<p>O fim da guerra fiscal \u00e9 essencial para que possamos avan\u00e7ar enquanto na\u00e7\u00e3o. Atualmente, essa disputa entre os estados por arrecada\u00e7\u00e3o mais alta acaba prejudicando n\u00e3o apenas a equidade tribut\u00e1ria mas tamb\u00e9m a efici\u00eancia econ\u00f4mica do pa\u00eds. Com a reforma, espera-se que os estados possam cooperar mais entre si, focando no desenvolvimento econ\u00f4mico conjunto, em vez de se engajarem em disputas contraproducentes. Isso \u00e9 fundamental para que o Brasil possa se posicionar de maneira mais competitiva no cen\u00e1rio internacional.<\/p>\n\n<h2>Novos Tributos Propostos<\/h2>\n<p>A proposta de substituir cinco tributos - PIS, COFINS, IPI, ICMS e ISS - por apenas dois, o Imposto sobre Bens e Servi\u00e7os (IBS) e a Contribui\u00e7\u00e3o sobre Bens e Servi\u00e7os (CBS), \u00e9 talvez uma das mudan\u00e7as mais significativas da reforma tribut\u00e1ria. Essa simplifica\u00e7\u00e3o tem o potencial de revolucionar a forma como as empresas e os consumidores lidam com a tributa\u00e7\u00e3o no Brasil. Ao reduzir o n\u00famero de tributos, a reforma busca n\u00e3o apenas simplificar o sistema mas tamb\u00e9m torn\u00e1-lo mais justo e eficiente, eliminando uma s\u00e9rie de obriga\u00e7\u00f5es acess\u00f3rias e reduzindo o custo de conformidade para as empresas.<\/p>\n<p>A cria\u00e7\u00e3o do IBS e do CBS representa um passo importante na dire\u00e7\u00e3o certa. Ao concentrar a tributa\u00e7\u00e3o em apenas dois tributos, com regras claras e uniformes, o Brasil pode finalmente ter um sistema tribut\u00e1rio \u00e0 altura de sua economia. Isso n\u00e3o apenas facilitar\u00e1 a vida das empresas, que ter\u00e3o menos burocracia para lidar, mas tamb\u00e9m aumentar\u00e1 a transpar\u00eancia para o consumidor, que poder\u00e1 entender melhor quanto est\u00e1 pagando de imposto. Al\u00e9m disso, essa mudan\u00e7a promove uma distribui\u00e7\u00e3o mais equitativa da carga tribut\u00e1ria, contribuindo para um ambiente de neg\u00f3cios mais justo e competitivo.<\/p>\n\n<h2>Imposto Seletivo<\/h2>\n<p>O imposto seletivo, focado em produtos prejudiciais \u00e0 sa\u00fade e ao meio ambiente, \u00e9 uma inova\u00e7\u00e3o da reforma tribut\u00e1ria que merece destaque. Essa medida busca n\u00e3o apenas arrecadar mais, mas tamb\u00e9m incentivar pr\u00e1ticas de consumo mais respons\u00e1veis. Ao sobretaxar produtos que afetam negativamente a sa\u00fade p\u00fablica ou o meio ambiente, o governo sinaliza sua preocupa\u00e7\u00e3o com o bem-estar da popula\u00e7\u00e3o e a sustentabilidade do pa\u00eds. Isso representa um avan\u00e7o significativo na forma como o Brasil lida com quest\u00f5es de sa\u00fade p\u00fablica e ambiental atrav\u00e9s da pol\u00edtica tribut\u00e1ria.<\/p>\n<p>A implementa\u00e7\u00e3o do imposto seletivo \u00e9 um exemplo claro de como a reforma tribut\u00e1ria pode ser utilizada como ferramenta para promover mudan\u00e7as positivas na sociedade. Ao desencorajar o consumo de produtos nocivos e incentivar pr\u00e1ticas mais sustent\u00e1veis, o Brasil pode avan\u00e7ar em dire\u00e7\u00e3o a um futuro mais saud\u00e1vel e sustent\u00e1vel. Essa \u00e9 uma medida que, al\u00e9m de contribuir para a arrecada\u00e7\u00e3o, tem o potencial de gerar impactos positivos de longo prazo na sa\u00fade p\u00fablica e na preserva\u00e7\u00e3o do meio ambiente.<\/p>\n\n<h2>Simplifica\u00e7\u00e3o e Transpar\u00eancia Tribut\u00e1ria<\/h2>\n<p>A simplifica\u00e7\u00e3o do sistema tribut\u00e1rio, com a proposta de torn\u00e1-lo mais transparente, \u00e9 um dos pilares da reforma tribut\u00e1ria. A complexidade do sistema atual n\u00e3o apenas dificulta a gest\u00e3o empresarial mas tamb\u00e9m impede que o consumidor compreenda quanto de imposto est\u00e1 pagando. A reforma busca mudar essa realidade, criando um sistema mais simples, onde os tributos s\u00e3o facilmente compreendidos e justos. Isso \u00e9 essencial para que possamos ter um ambiente de neg\u00f3cios mais saud\u00e1vel e uma sociedade mais justa, onde todos compreendem e participam do sistema tribut\u00e1rio de maneira equitativa.<\/p>\n<p>A transpar\u00eancia na cobran\u00e7a de impostos \u00e9 fundamental para construir uma rela\u00e7\u00e3o de confian\u00e7a entre o governo, as empresas e os cidad\u00e3os. Com a reforma, o Brasil tem a oportunidade de adotar pr\u00e1ticas j\u00e1 bem-sucedidas em outros pa\u00edses, onde a tributa\u00e7\u00e3o \u00e9 clara e as regras s\u00e3o aplicadas de forma uniforme. Isso n\u00e3o apenas facilitar\u00e1 a vida das empresas, reduzindo o custo de conformidade, mas tamb\u00e9m permitir\u00e1 que o consumidor saiba exatamente quanto est\u00e1 contribuindo com impostos, promovendo uma maior consci\u00eancia fiscal e c\u00edvica.<\/p>\n\n<h2>Desafios do Sistema Tribut\u00e1rio Atual<\/h2>\n<p>O sistema tribut\u00e1rio brasileiro atual \u00e9 marcado por sua complexidade e volume de normas e regulamenta\u00e7\u00f5es, o que representa um desafio significativo tanto para empresas quanto para o governo. A quantidade de obriga\u00e7\u00f5es acess\u00f3rias e a constante mudan\u00e7a nas regras tribut\u00e1rias criam um ambiente de incerteza e alto custo de conformidade. Isso n\u00e3o apenas desestimula o investimento e o desenvolvimento empresarial mas tamb\u00e9m dificulta a arrecada\u00e7\u00e3o eficiente por parte do governo. A reforma tribut\u00e1ria busca enfrentar esses desafios, propondo um sistema mais simples e est\u00e1vel.<\/p>\n<p>A complexidade do sistema atual exige um alto grau de especializa\u00e7\u00e3o por parte dos profissionais da \u00e1rea tribut\u00e1ria, al\u00e9m de um investimento significativo em tempo e recursos para manter as empresas em conformidade. Isso \u00e9 particularmente desafiador para pequenas e m\u00e9dias empresas, que muitas vezes n\u00e3o t\u00eam os mesmos recursos que as grandes corpora\u00e7\u00f5es para lidar com essas quest\u00f5es. Simplificar o sistema tribut\u00e1rio \u00e9, portanto, uma quest\u00e3o de justi\u00e7a e efici\u00eancia, permitindo que todas as empresas, independentemente do tamanho, possam competir em igualdade de condi\u00e7\u00f5es.<\/p>\n\n<h2>Incentivos Fiscais e Benef\u00edcios<\/h2>\n<p>A manuten\u00e7\u00e3o de benef\u00edcios para a Zona Franca de Manaus e a introdu\u00e7\u00e3o de um sistema de \"cashback\" para fam\u00edlias de baixa renda s\u00e3o exemplos de como a reforma tribut\u00e1ria pode ser utilizada para promover o desenvolvimento regional e a justi\u00e7a social. Essas medidas demonstram uma preocupa\u00e7\u00e3o em n\u00e3o apenas simplificar o sistema tribut\u00e1rio, mas tamb\u00e9m em utiliz\u00e1-lo como ferramenta para alcan\u00e7ar objetivos sociais e econ\u00f4micos mais amplos. Isso \u00e9 fundamental para garantir que a reforma beneficie todos os brasileiros, n\u00e3o apenas simplificando o sistema, mas tamb\u00e9m promovendo o desenvolvimento sustent\u00e1vel e a inclus\u00e3o social.<\/p>\n<p>Os incentivos fiscais e benef\u00edcios propostos pela reforma tribut\u00e1ria s\u00e3o essenciais para garantir que a transi\u00e7\u00e3o para o novo sistema seja justa e equitativa. Ao oferecer condi\u00e7\u00f5es favor\u00e1veis para determinadas regi\u00f5es e setores, o governo demonstra sua inten\u00e7\u00e3o de promover um desenvolvimento econ\u00f4mico balanceado, reconhecendo as diferentes realidades e necessidades dentro do pa\u00eds. Isso \u00e9 particularmente importante em um pa\u00eds t\u00e3o diverso quanto o Brasil, onde pol\u00edticas tribut\u00e1rias adequadas podem fazer uma grande diferen\u00e7a no est\u00edmulo ao desenvolvimento regional e na redu\u00e7\u00e3o das desigualdades sociais e econ\u00f4micas.<\/p>\n\t\t\t\t<\/div>\n\t\t\t\t<\/div>\n\t\t\t\t\t<\/div>\n\t\t\t\t<\/div>\n\t\t<div class=\"elementor-element elementor-element-3f751611 e-flex e-con-boxed e-con e-parent\" data-id=\"3f751611\" data-element_type=\"container\">\n\t\t\t\t\t<div class=\"e-con-inner\">\n\t\t\t\t<div class=\"elementor-element elementor-element-22e9f308 elementor-widget elementor-widget-image\" data-id=\"22e9f308\" data-element_type=\"widget\" data-widget_type=\"image.default\">\n\t\t\t\t<div class=\"elementor-widget-container\">\n\t\t\t\t\t\t\t\t\t\t\t\t\t\t\t<img decoding=\"async\" width=\"800\" height=\"457\" src=\"https:\/\/aftadvocacia.adv.br\/wordpressfoto\/wp-content\/uploads\/2023\/10\/direito-consumidor-justic\u0327a-advogado-juridico-3-1024x585.webp\" class=\"attachment-large size-large wp-image-583\" alt=\"\" srcset=\"https:\/\/aftadvocacia.adv.br\/wordpressfoto\/wp-content\/uploads\/2023\/10\/direito-consumidor-justic\u0327a-advogado-juridico-3-1024x585.webp 1024w, https:\/\/aftadvocacia.adv.br\/wordpressfoto\/wp-content\/uploads\/2023\/10\/direito-consumidor-justic\u0327a-advogado-juridico-3-300x171.webp 300w, https:\/\/aftadvocacia.adv.br\/wordpressfoto\/wp-content\/uploads\/2023\/10\/direito-consumidor-justic\u0327a-advogado-juridico-3-768x439.webp 768w, https:\/\/aftadvocacia.adv.br\/wordpressfoto\/wp-content\/uploads\/2023\/10\/direito-consumidor-justic\u0327a-advogado-juridico-3-1536x878.webp 1536w, https:\/\/aftadvocacia.adv.br\/wordpressfoto\/wp-content\/uploads\/2023\/10\/direito-consumidor-justic\u0327a-advogado-juridico-3.webp 1792w\" sizes=\"(max-width: 800px) 100vw, 800px\" \/>\t\t\t\t\t\t\t\t\t\t\t\t\t\t\t<\/div>\n\t\t\t\t<\/div>\n\t\t\t\t<div class=\"elementor-element elementor-element-a5562e1 elementor-widget elementor-widget-html\" data-id=\"a5562e1\" data-element_type=\"widget\" data-widget_type=\"html.default\">\n\t\t\t\t<div class=\"elementor-widget-container\">\n\t\t\t\t\t<blockquote style=\"font-size: 20px; border: 1px solid; text-align: center; font-style: italic; line-height: normal; padding: 10px; margin: 20px;\">\n    \n\n\"Vamos ter tr\u00eas tipos de tributos: o imposto sobre bem e servi\u00e7o, contribui\u00e7\u00e3o sobre bem e servi\u00e7o e imposto seletivo.\"\n\n\n\n    \n\n<\/blockquote>\t\t\t\t<\/div>\n\t\t\t\t<\/div>\n\t\t\t\t\t<\/div>\n\t\t\t\t<\/div>\n\t\t<div class=\"elementor-element elementor-element-1dcc3040 e-flex e-con-boxed e-con e-parent\" data-id=\"1dcc3040\" data-element_type=\"container\">\n\t\t\t\t\t<div class=\"e-con-inner\">\n\t\t\t\t<div class=\"elementor-element elementor-element-3be6501f elementor-widget elementor-widget-html\" data-id=\"3be6501f\" data-element_type=\"widget\" data-widget_type=\"html.default\">\n\t\t\t\t<div class=\"elementor-widget-container\">\n\t\t\t\t\t<h2>An\u00e1lise complementar, com base na internet:<\/h2>\n\n<h3>Entenda em 7 pontos a reforma tribut\u00e1ria | Pol\u00edtica | G1<\/h3>\n<p>A mat\u00e9ria do G1, \"Entenda em 7 pontos a reforma tribut\u00e1ria\", oferece uma vis\u00e3o clara e objetiva sobre os principais aspectos da reforma tribut\u00e1ria promulgada recentemente no Brasil. Este artigo refor\u00e7a a necessidade de simplifica\u00e7\u00e3o do sistema tribut\u00e1rio brasileiro, um ponto que tamb\u00e9m destacamos em nosso artigo. A reforma, como descrita, visa a descomplicar o pagamento e a cobran\u00e7a de impostos, taxas e contribui\u00e7\u00f5es, o que est\u00e1 em perfeita sintonia com a nossa an\u00e1lise sobre os objetivos da reforma. A simplifica\u00e7\u00e3o do sistema n\u00e3o apenas facilita a vida das empresas e dos contribuintes mas tamb\u00e9m promove um ambiente de neg\u00f3cios mais atrativo e competitivo. Este artigo do G1 valida a urg\u00eancia e a import\u00e2ncia da reforma tribut\u00e1ria para o desenvolvimento econ\u00f4mico do pa\u00eds, refor\u00e7ando a ideia de que a reforma \u00e9 um passo significativo para a moderniza\u00e7\u00e3o da estrutura tribut\u00e1ria nacional.<\/p>\n<p>Al\u00e9m disso, o artigo destaca a promulga\u00e7\u00e3o da reforma ap\u00f3s 30 anos de discuss\u00f5es, o que evidencia a complexidade e a controv\u00e9rsia que cercam o tema. Essa longa trajet\u00f3ria at\u00e9 a aprova\u00e7\u00e3o da reforma sublinha a import\u00e2ncia de um sistema tribut\u00e1rio mais justo e eficiente, que possa atender \u00e0s necessidades da economia brasileira sem sobrecarregar os contribuintes. A men\u00e7\u00e3o \u00e0 busca por maior seguran\u00e7a jur\u00eddica e redu\u00e7\u00e3o dos custos empresariais \u00e9 particularmente relevante, pois alinha-se ao nosso argumento de que a reforma tribut\u00e1ria pode ser um catalisador para o crescimento econ\u00f4mico. Portanto, o artigo do G1 n\u00e3o apenas complementa nossa discuss\u00e3o mas tamb\u00e9m oferece uma perspectiva otimista sobre os impactos positivos da reforma tribut\u00e1ria.<\/p>\n\n<h3>Minist\u00e9rio da Fazenda lan\u00e7a p\u00e1gina exclusiva sobre a Reforma Tribut\u00e1ria<\/h3>\n<p>O lan\u00e7amento de uma p\u00e1gina exclusiva pelo Minist\u00e9rio da Fazenda sobre a reforma tribut\u00e1ria \u00e9 um indicativo da transpar\u00eancia e do compromisso do governo em informar e educar a popula\u00e7\u00e3o sobre as mudan\u00e7as e os benef\u00edcios esperados. Este recurso online \u00e9 uma ferramenta valiosa para todos os interessados em compreender os detalhes e os objetivos da reforma, refor\u00e7ando os pontos que abordamos sobre a necessidade de simplifica\u00e7\u00e3o e moderniza\u00e7\u00e3o do sistema tribut\u00e1rio brasileiro. A iniciativa do Minist\u00e9rio da Fazenda em criar um canal direto de comunica\u00e7\u00e3o sobre a reforma tribut\u00e1ria demonstra a import\u00e2ncia de manter a sociedade informada e engajada no processo de mudan\u00e7a, um aspecto que ressaltamos ao discutir a import\u00e2ncia da transpar\u00eancia para o sucesso da reforma.<\/p>\n<p>A p\u00e1gina exclusiva tamb\u00e9m destaca a expectativa de que a reforma tribut\u00e1ria impulsione o crescimento econ\u00f4mico do Brasil, reduzindo desigualdades sociais e regionais. Isso ecoa nosso argumento de que a reforma tem o potencial de criar um ambiente mais equitativo e prop\u00edcio ao desenvolvimento econ\u00f4mico, ao simplificar o sistema tribut\u00e1rio e torn\u00e1-lo mais justo. A \u00eanfase na redu\u00e7\u00e3o das desigualdades sociais e regionais \u00e9 particularmente relevante, pois destaca o papel da reforma tribut\u00e1ria como um instrumento de pol\u00edtica econ\u00f4mica capaz de promover n\u00e3o apenas o crescimento econ\u00f4mico mas tamb\u00e9m a justi\u00e7a social. Assim, a iniciativa do Minist\u00e9rio da Fazenda refor\u00e7a a vis\u00e3o de que a reforma tribut\u00e1ria \u00e9 um passo crucial para o futuro do Brasil, alinhando-se perfeitamente com a an\u00e1lise apresentada em nosso artigo.<\/p>\n\n<h3>Reforma tribut\u00e1ria: entenda em 5 pontos a proposta de mudar impostos no Brasil - BBC News Brasil<\/h3>\n<p>O v\u00eddeo da BBC News Brasil, \"Reforma tribut\u00e1ria: entenda em 5 pontos a proposta de mudar impostos no Brasil\", oferece uma explica\u00e7\u00e3o concisa e acess\u00edvel sobre as principais mudan\u00e7as propostas pela reforma tribut\u00e1ria. A abordagem did\u00e1tica do v\u00eddeo complementa nossa discuss\u00e3o ao destacar a import\u00e2ncia de tornar o sistema tribut\u00e1rio mais simples e menos burocr\u00e1tico. A an\u00e1lise visual e os exemplos pr\u00e1ticos apresentados no v\u00eddeo ajudam a ilustrar os impactos potenciais da reforma na vida dos contribuintes e das empresas, refor\u00e7ando o argumento de que a simplifica\u00e7\u00e3o tribut\u00e1ria \u00e9 essencial para o desenvolvimento econ\u00f4mico do pa\u00eds. Este recurso visual \u00e9 particularmente \u00fatil para aqueles que buscam uma compreens\u00e3o mais profunda dos aspectos t\u00e9cnicos da reforma, validando os pontos que destacamos sobre a necessidade de moderniza\u00e7\u00e3o do sistema tribut\u00e1rio brasileiro.<\/p>\n<p>Al\u00e9m disso, o v\u00eddeo aborda o longo per\u00edodo de discuss\u00f5es que antecedeu a aprova\u00e7\u00e3o da reforma, ressaltando a complexidade do processo legislativo e a diversidade de interesses envolvidos. Isso reitera nosso ponto sobre os desafios enfrentados na implementa\u00e7\u00e3o de mudan\u00e7as significativas no sistema tribut\u00e1rio e a import\u00e2ncia de um debate amplo e inclusivo. Ao fornecer uma vis\u00e3o geral clara e objetiva da reforma tribut\u00e1ria, o v\u00eddeo da BBC News Brasil n\u00e3o apenas enriquece nossa discuss\u00e3o mas tamb\u00e9m destaca a relev\u00e2ncia de informar e engajar a popula\u00e7\u00e3o no processo de reforma, um aspecto crucial para garantir o sucesso e a aceita\u00e7\u00e3o das mudan\u00e7as propostas.<\/p>\n\n<h3>Reforma tribut\u00e1ria: o que significaria para o Brasil ter maior IVA do mundo - BBC News Brasil<\/h3>\n<p>O segundo v\u00eddeo da BBC News Brasil, \"Reforma tribut\u00e1ria: o que significaria para o Brasil ter maior IVA do mundo\", mergulha na discuss\u00e3o sobre o Imposto sobre Valor Agregado (IVA) e sua implementa\u00e7\u00e3o no contexto brasileiro. Este v\u00eddeo complementa nossa an\u00e1lise ao examinar as implica\u00e7\u00f5es de adotar um dos maiores IVAs do mundo, uma quest\u00e3o central na proposta de reforma tribut\u00e1ria. A an\u00e1lise cr\u00edtica apresentada no v\u00eddeo sobre os benef\u00edcios e os desafios associados ao IVA ajuda a contextualizar a reforma dentro de um quadro mais amplo de pol\u00edtica fiscal e econ\u00f4mica, refor\u00e7ando a ideia de que a reforma tribut\u00e1ria \u00e9 uma medida complexa com impactos significativos na economia do pa\u00eds.<\/p>\n<p>O v\u00eddeo tamb\u00e9m discute como a ado\u00e7\u00e3o do IVA pode afetar a competitividade das empresas brasileiras e a carga tribut\u00e1ria dos consumidores, pontos que abordamos ao falar sobre os objetivos da reforma tribut\u00e1ria. Ao explorar os pr\u00f3s e contras da implementa\u00e7\u00e3o do IVA, o v\u00eddeo da BBC News Brasil oferece uma perspectiva equilibrada sobre as mudan\u00e7as propostas, destacando a import\u00e2ncia de uma reforma bem planejada e executada. Essa an\u00e1lise aprofundada contribui para o nosso entendimento sobre como a reforma tribut\u00e1ria pode transformar o ambiente de neg\u00f3cios no Brasil, validando a necessidade de uma abordagem cuidadosa e considerada para garantir que os objetivos da reforma sejam alcan\u00e7ados.<\/p>\n\n<h4>Refer\u00eancias<\/h4>\n<ul>\n  <li><a href=\"https:\/\/g1.globo.com\/politica\/noticia\/2023\/12\/15\/entenda-em-7-pontos-a-reforma-tributaria.ghtml\" target=\"_blank\">Entenda em 7 pontos a reforma tribut\u00e1ria | Pol\u00edtica | G1<\/a><\/li>\n  <li><a href=\"https:\/\/www.gov.br\/fazenda\/pt-br\/assuntos\/noticias\/2023\/abril\/ministerio-da-fazenda-lanca-pagina-exclusiva-sobre-a-reforma-tributaria\" target=\"_blank\">Minist\u00e9rio da Fazenda lan\u00e7a p\u00e1gina exclusiva sobre a Reforma Tribut\u00e1ria<\/a><\/li>\n  <li><a href=\"https:\/\/www.youtube.com\/watch?v=3eGsFNEmXD0\" target=\"_blank\">Reforma tribut\u00e1ria: entenda em 5 pontos a proposta de mudar impostos no Brasil - BBC News Brasil<\/a><\/li>\n  <li><a href=\"https:\/\/www.youtube.com\/watch?v=nYgTduU5ncU\" target=\"_blank\">Reforma tribut\u00e1ria: o que significaria para o Brasil ter maior IVA do mundo - BBC News Brasil<\/a><\/li>\n<\/ul>\n\t\t\t\t<\/div>\n\t\t\t\t<\/div>\n\t\t\t\t\t<\/div>\n\t\t\t\t<\/div>\n\t\t<div class=\"elementor-element elementor-element-5d49e59 e-flex e-con-boxed e-con e-parent\" data-id=\"5d49e59\" data-element_type=\"container\">\n\t\t\t\t\t<div class=\"e-con-inner\">\n\t\t\t\t<div class=\"elementor-element elementor-element-682d5c1f elementor-widget elementor-widget-image\" data-id=\"682d5c1f\" data-element_type=\"widget\" data-widget_type=\"image.default\">\n\t\t\t\t<div class=\"elementor-widget-container\">\n\t\t\t\t\t\t\t\t\t\t\t\t\t\t\t<img decoding=\"async\" width=\"800\" height=\"457\" src=\"https:\/\/aftadvocacia.adv.br\/wordpressfoto\/wp-content\/uploads\/2023\/11\/advocacia-escritorio-sustentabilidade-juridico-afta-empresas-bento-gonc\u0327alves-2-1024x585.webp\" class=\"attachment-large size-large wp-image-752\" alt=\"\" srcset=\"https:\/\/aftadvocacia.adv.br\/wordpressfoto\/wp-content\/uploads\/2023\/11\/advocacia-escritorio-sustentabilidade-juridico-afta-empresas-bento-gonc\u0327alves-2-1024x585.webp 1024w, https:\/\/aftadvocacia.adv.br\/wordpressfoto\/wp-content\/uploads\/2023\/11\/advocacia-escritorio-sustentabilidade-juridico-afta-empresas-bento-gonc\u0327alves-2-300x171.webp 300w, https:\/\/aftadvocacia.adv.br\/wordpressfoto\/wp-content\/uploads\/2023\/11\/advocacia-escritorio-sustentabilidade-juridico-afta-empresas-bento-gonc\u0327alves-2-768x439.webp 768w, https:\/\/aftadvocacia.adv.br\/wordpressfoto\/wp-content\/uploads\/2023\/11\/advocacia-escritorio-sustentabilidade-juridico-afta-empresas-bento-gonc\u0327alves-2-1536x878.webp 1536w, https:\/\/aftadvocacia.adv.br\/wordpressfoto\/wp-content\/uploads\/2023\/11\/advocacia-escritorio-sustentabilidade-juridico-afta-empresas-bento-gonc\u0327alves-2.webp 1792w\" sizes=\"(max-width: 800px) 100vw, 800px\" \/>\t\t\t\t\t\t\t\t\t\t\t\t\t\t\t<\/div>\n\t\t\t\t<\/div>\n\t\t\t\t<div class=\"elementor-element elementor-element-1456aafb elementor-widget elementor-widget-html\" data-id=\"1456aafb\" data-element_type=\"widget\" data-widget_type=\"html.default\">\n\t\t\t\t<div class=\"elementor-widget-container\">\n\t\t\t\t\t<blockquote style=\"font-size: 20px; border: 1px solid; text-align: center; font-style: italic; line-height: normal; padding: 10px; margin: 20px;\">\n    \n    \n  \n\"\u00c9 uma mudan\u00e7a de conceito, hoje no sistema tribut\u00e1rio brasileiro o consumidor ou quem produz dificilmente sabe quanto est\u00e1 pagando de imposto.\"\n\n\n\n\n    \n\n<\/blockquote>\t\t\t\t<\/div>\n\t\t\t\t<\/div>\n\t\t\t\t\t<\/div>\n\t\t\t\t<\/div>\n\t\t<div class=\"elementor-element elementor-element-5f1a1aa2 e-flex e-con-boxed e-con e-parent\" data-id=\"5f1a1aa2\" data-element_type=\"container\">\n\t\t\t\t\t<div class=\"e-con-inner\">\n\t\t\t\t<div class=\"elementor-element elementor-element-66f37f7a elementor-widget elementor-widget-html\" data-id=\"66f37f7a\" data-element_type=\"widget\" data-widget_type=\"html.default\">\n\t\t\t\t<div class=\"elementor-widget-container\">\n\t\t\t\t\t<p>Ao longo deste artigo, exploramos os diversos aspectos e implica\u00e7\u00f5es da reforma tribut\u00e1ria no Brasil, destacando seu potencial para simplificar o sistema tribut\u00e1rio, reduzir a burocracia e promover o crescimento econ\u00f4mico. A reforma representa um marco significativo na hist\u00f3ria tribut\u00e1ria do pa\u00eds, marcando o fim de d\u00e9cadas de discuss\u00f5es e o in\u00edcio de uma nova era de moderniza\u00e7\u00e3o e efici\u00eancia fiscal. Como advogado especializado, vejo essa mudan\u00e7a como uma oportunidade para as empresas se adaptarem a um sistema mais justo e transparente, que n\u00e3o apenas facilita a gest\u00e3o tribut\u00e1ria mas tamb\u00e9m contribui para um ambiente de neg\u00f3cios mais competitivo e inovador.<\/p>\n<p>No entanto, \u00e9 importante reconhecer que a implementa\u00e7\u00e3o da reforma tribut\u00e1ria traz consigo desafios e requer um acompanhamento cuidadoso para garantir que seus benef\u00edcios sejam plenamente realizados. A transi\u00e7\u00e3o para o novo sistema demandar\u00e1 adapta\u00e7\u00e3o por parte das empresas, profissionais da \u00e1rea jur\u00eddica e cont\u00e1bil, e do pr\u00f3prio governo, que deve assegurar a aplica\u00e7\u00e3o efetiva das novas regras. Al\u00e9m disso, a reforma deve ser vista como um processo cont\u00ednuo, sujeito a ajustes e melhorias, para responder \u00e0s din\u00e2micas econ\u00f4micas e sociais do pa\u00eds.<\/p>\n<p>Em suma, a reforma tribut\u00e1ria \u00e9 um passo fundamental para o desenvolvimento econ\u00f4mico e social do Brasil. Ela oferece a promessa de um sistema tribut\u00e1rio mais simples, justo e eficiente, capaz de impulsionar o crescimento econ\u00f4mico e reduzir desigualdades. Como sociedade, devemos nos engajar no debate e na implementa\u00e7\u00e3o dessa reforma, garantindo que ela cumpra seu potencial de transformar positivamente o cen\u00e1rio tribut\u00e1rio brasileiro. A jornada \u00e9 longa, mas o caminho est\u00e1 tra\u00e7ado para um futuro mais promissor para o Brasil no cen\u00e1rio global.<\/p>\n<p><strong style=\"font-size: smaller;\">Esta postagem \u00e9 completamente original, criada a partir do nosso pr\u00f3prio v\u00eddeo, referenciada em informa\u00e7\u00f5es da internet e aprimorada com tecnologia de intelig\u00eancia artificial.<\/strong><\/p>\n\t\t\t\t<\/div>\n\t\t\t\t<\/div>\n\t\t\t\t\t<\/div>\n\t\t\t\t<\/div>\n\t\t<div class=\"elementor-element elementor-element-579ce107 e-flex e-con-boxed e-con e-parent\" data-id=\"579ce107\" data-element_type=\"container\">\n\t\t\t\t\t<div class=\"e-con-inner\">\n\t\t\t\t<div class=\"elementor-element elementor-element-23f207a6 elementor-widget elementor-widget-html\" data-id=\"23f207a6\" data-element_type=\"widget\" data-widget_type=\"html.default\">\n\t\t\t\t<div class=\"elementor-widget-container\">\n\t\t\t\t\t<h3>Perguntas frequentes<\/h3>\n<h4>O que \u00e9 a reforma tribut\u00e1ria no Brasil?<\/h4>\n<p>A reforma tribut\u00e1ria no Brasil \u00e9 uma mudan\u00e7a legislativa destinada a simplificar o sistema tribut\u00e1rio do pa\u00eds, substituindo diversos impostos por um sistema mais unificado e menos complexo, visando promover o crescimento econ\u00f4mico, reduzir a burocracia e tornar a tributa\u00e7\u00e3o mais justa para empresas e consumidores.<\/p>\n\n<h4>Quais s\u00e3o os principais objetivos da reforma tribut\u00e1ria?<\/h4>\n<p>Os principais objetivos da reforma tribut\u00e1ria incluem a simplifica\u00e7\u00e3o do sistema tribut\u00e1rio, a redu\u00e7\u00e3o da carga burocr\u00e1tica para as empresas, o est\u00edmulo ao crescimento econ\u00f4mico, a promo\u00e7\u00e3o de um ambiente de neg\u00f3cios mais competitivo e a busca por maior justi\u00e7a e transpar\u00eancia na tributa\u00e7\u00e3o.<\/p>\n\n<h4>Como a reforma tribut\u00e1ria afeta as empresas?<\/h4>\n<p>A reforma tribut\u00e1ria afeta as empresas ao simplificar o processo de pagamento e cobran\u00e7a de impostos, potencialmente reduzindo custos operacionais e aumentando a competitividade no mercado. Al\u00e9m disso, espera-se que a reforma traga maior seguran\u00e7a jur\u00eddica e um ambiente de neg\u00f3cios mais est\u00e1vel e previs\u00edvel.<\/p>\n\n<h4>Quais s\u00e3o os desafios para a implementa\u00e7\u00e3o da reforma tribut\u00e1ria?<\/h4>\n<p>Os desafios para a implementa\u00e7\u00e3o da reforma tribut\u00e1ria incluem a necessidade de adapta\u00e7\u00e3o por parte das empresas ao novo sistema, a garantia de que o governo aplique efetivamente as novas regras, e a realiza\u00e7\u00e3o de ajustes cont\u00ednuos na legisla\u00e7\u00e3o para responder \u00e0s necessidades econ\u00f4micas e sociais do pa\u00eds, garantindo que os benef\u00edcios da reforma sejam plenamente realizados.<\/p>\n\t\t\t\t<\/div>\n\t\t\t\t<\/div>\n\t\t\t\t\t<\/div>\n\t\t\t\t<\/div>\n\t\t\t\t<\/div>\n\t\t","protected":false},"excerpt":{"rendered":"<p> Explore a reforma tribut\u00e1ria de 2024 no Brasil com uma an\u00e1lise detalhada de suas mudan\u00e7as e impactos. Entenda como a racionaliza\u00e7\u00e3o dos impostos, a redu\u00e7\u00e3o da burocracia e o fim da guerra fiscal entre os estados afetar\u00e3o as empresas. Obtenha insights valiosos de fontes confi\u00e1veis e prepare-se para as transforma\u00e7\u00f5es no cen\u00e1rio fiscal brasileiro.<\/p>\n","protected":false},"author":4,"featured_media":965,"comment_status":"open","ping_status":"open","sticky":false,"template":"elementor_theme","format":"standard","meta":{"footnotes":""},"categories":[2],"tags":[53,50,56,55,49,52,51,58,57,48,54],"class_list":["post-1903","post","type-post","status-publish","format-standard","has-post-thumbnail","hentry","category-juridico","tag-eficiencia-operacional-tributaria","tag-guerra-fiscal-estados","tag-ibs-cbs-impostos","tag-impacto-tributario-empresas","tag-impostos-brasil","tag-legislacao-fiscal-brasileira","tag-mudancas-fiscais-2024","tag-nugget-1","tag-planejamento-tributario","tag-reforma-tributaria","tag-simplificacao-tributaria"],"yoast_head":"<!-- This site is optimized with the Yoast SEO plugin v25.6 - https:\/\/yoast.com\/wordpress\/plugins\/seo\/ -->\n<title>AFT Advocacia: Excel\u00eancia em Advocacia e Consultoria Jur\u00eddica<\/title>\n<meta name=\"description\" content=\"Descubra como a reforma tribut\u00e1ria de 2024 transformar\u00e1 o cen\u00e1rio fiscal no Brasil. An\u00e1lise detalhada dos impactos, mudan\u00e7as nos impostos e dicas para empresas se adaptarem. Leia agora para se preparar!\" \/>\n<meta name=\"robots\" content=\"index, follow, max-snippet:-1, max-image-preview:large, max-video-preview:-1\" \/>\n<link rel=\"canonical\" href=\"https:\/\/aftadvocacia.adv.br\/wordpressfoto\/entendendo-nova-reforma-tributaria-impactos-mudancas\/\" \/>\n<meta property=\"og:locale\" content=\"pt_BR\" \/>\n<meta property=\"og:type\" content=\"article\" \/>\n<meta property=\"og:title\" content=\"AFT Advocacia: Excel\u00eancia em Advocacia e Consultoria Jur\u00eddica\" \/>\n<meta property=\"og:description\" content=\"Descubra como a reforma tribut\u00e1ria de 2024 transformar\u00e1 o cen\u00e1rio fiscal no Brasil. An\u00e1lise detalhada dos impactos, mudan\u00e7as nos impostos e dicas para empresas se adaptarem. Leia agora para se preparar!\" \/>\n<meta property=\"og:url\" content=\"https:\/\/aftadvocacia.adv.br\/wordpressfoto\/entendendo-nova-reforma-tributaria-impactos-mudancas\/\" \/>\n<meta property=\"og:site_name\" content=\"AFT Advocacia: Excel\u00eancia em Advocacia e Consultoria Jur\u00eddica\" \/>\n<meta property=\"article:published_time\" content=\"2024-01-08T21:35:19+00:00\" \/>\n<meta property=\"article:modified_time\" content=\"2024-02-14T14:37:44+00:00\" \/>\n<meta property=\"og:image\" content=\"https:\/\/aftadvocacia.adv.br\/wordpressfoto\/wp-content\/uploads\/2023\/11\/advogados-juridico-escritorio-aft-bento-gonc\u0327alves-9.webp\" \/>\n\t<meta property=\"og:image:width\" content=\"1792\" \/>\n\t<meta property=\"og:image:height\" content=\"1024\" \/>\n\t<meta property=\"og:image:type\" content=\"image\/webp\" \/>\n<meta name=\"author\" content=\"R\u00f4mulo de Jesus Dieguez de Freitas\" \/>\n<meta name=\"twitter:card\" content=\"summary_large_image\" \/>\n<meta name=\"twitter:label1\" content=\"Escrito por\" \/>\n\t<meta name=\"twitter:data1\" content=\"R\u00f4mulo de Jesus Dieguez de Freitas\" \/>\n\t<meta name=\"twitter:label2\" content=\"Est. tempo de leitura\" \/>\n\t<meta name=\"twitter:data2\" content=\"18 minutos\" \/>\n<script type=\"application\/ld+json\" class=\"yoast-schema-graph\">{\"@context\":\"https:\/\/schema.org\",\"@graph\":[{\"@type\":\"Article\",\"@id\":\"https:\/\/aftadvocacia.adv.br\/wordpressfoto\/entendendo-nova-reforma-tributaria-impactos-mudancas\/#article\",\"isPartOf\":{\"@id\":\"https:\/\/aftadvocacia.adv.br\/wordpressfoto\/entendendo-nova-reforma-tributaria-impactos-mudancas\/\"},\"author\":{\"name\":\"R\u00f4mulo de Jesus Dieguez de Freitas\",\"@id\":\"https:\/\/aftadvocacia.adv.br\/wordpressfoto\/#\/schema\/person\/d24772c5305e4c3cf27f1c18b175ea5a\"},\"headline\":\"Entendendo a Nova Reforma Tribut\u00e1ria: Impactos e Mudan\u00e7as\",\"datePublished\":\"2024-01-08T21:35:19+00:00\",\"dateModified\":\"2024-02-14T14:37:44+00:00\",\"mainEntityOfPage\":{\"@id\":\"https:\/\/aftadvocacia.adv.br\/wordpressfoto\/entendendo-nova-reforma-tributaria-impactos-mudancas\/\"},\"wordCount\":3619,\"commentCount\":0,\"publisher\":{\"@id\":\"https:\/\/aftadvocacia.adv.br\/wordpressfoto\/#organization\"},\"image\":{\"@id\":\"https:\/\/aftadvocacia.adv.br\/wordpressfoto\/entendendo-nova-reforma-tributaria-impactos-mudancas\/#primaryimage\"},\"thumbnailUrl\":\"https:\/\/aftadvocacia.adv.br\/wordpressfoto\/wp-content\/uploads\/2023\/11\/advogados-juridico-escritorio-aft-bento-gonc\u0327alves-9.webp\",\"keywords\":[\"efici\u00eancia operacional tribut\u00e1ria\",\"guerra fiscal estados\",\"IBS CBS impostos\",\"impacto tribut\u00e1rio empresas\",\"impostos Brasil\",\"legisla\u00e7\u00e3o fiscal brasileira\",\"mudan\u00e7as fiscais 2024\",\"NUGGET 1\",\"planejamento tribut\u00e1rio\",\"reforma tribut\u00e1ria\",\"simplifica\u00e7\u00e3o tribut\u00e1ria\"],\"articleSection\":[\"Jur\u00eddico\"],\"inLanguage\":\"pt-BR\",\"potentialAction\":[{\"@type\":\"CommentAction\",\"name\":\"Comment\",\"target\":[\"https:\/\/aftadvocacia.adv.br\/wordpressfoto\/entendendo-nova-reforma-tributaria-impactos-mudancas\/#respond\"]}]},{\"@type\":\"WebPage\",\"@id\":\"https:\/\/aftadvocacia.adv.br\/wordpressfoto\/entendendo-nova-reforma-tributaria-impactos-mudancas\/\",\"url\":\"https:\/\/aftadvocacia.adv.br\/wordpressfoto\/entendendo-nova-reforma-tributaria-impactos-mudancas\/\",\"name\":\"AFT Advocacia: Excel\u00eancia em Advocacia e Consultoria Jur\u00eddica\",\"isPartOf\":{\"@id\":\"https:\/\/aftadvocacia.adv.br\/wordpressfoto\/#website\"},\"primaryImageOfPage\":{\"@id\":\"https:\/\/aftadvocacia.adv.br\/wordpressfoto\/entendendo-nova-reforma-tributaria-impactos-mudancas\/#primaryimage\"},\"image\":{\"@id\":\"https:\/\/aftadvocacia.adv.br\/wordpressfoto\/entendendo-nova-reforma-tributaria-impactos-mudancas\/#primaryimage\"},\"thumbnailUrl\":\"https:\/\/aftadvocacia.adv.br\/wordpressfoto\/wp-content\/uploads\/2023\/11\/advogados-juridico-escritorio-aft-bento-gonc\u0327alves-9.webp\",\"datePublished\":\"2024-01-08T21:35:19+00:00\",\"dateModified\":\"2024-02-14T14:37:44+00:00\",\"description\":\"Descubra como a reforma tribut\u00e1ria de 2024 transformar\u00e1 o cen\u00e1rio fiscal no Brasil. An\u00e1lise detalhada dos impactos, mudan\u00e7as nos impostos e dicas para empresas se adaptarem. Leia agora para se preparar!\",\"breadcrumb\":{\"@id\":\"https:\/\/aftadvocacia.adv.br\/wordpressfoto\/entendendo-nova-reforma-tributaria-impactos-mudancas\/#breadcrumb\"},\"inLanguage\":\"pt-BR\",\"potentialAction\":[{\"@type\":\"ReadAction\",\"target\":[\"https:\/\/aftadvocacia.adv.br\/wordpressfoto\/entendendo-nova-reforma-tributaria-impactos-mudancas\/\"]}]},{\"@type\":\"ImageObject\",\"inLanguage\":\"pt-BR\",\"@id\":\"https:\/\/aftadvocacia.adv.br\/wordpressfoto\/entendendo-nova-reforma-tributaria-impactos-mudancas\/#primaryimage\",\"url\":\"https:\/\/aftadvocacia.adv.br\/wordpressfoto\/wp-content\/uploads\/2023\/11\/advogados-juridico-escritorio-aft-bento-gonc\u0327alves-9.webp\",\"contentUrl\":\"https:\/\/aftadvocacia.adv.br\/wordpressfoto\/wp-content\/uploads\/2023\/11\/advogados-juridico-escritorio-aft-bento-gonc\u0327alves-9.webp\",\"width\":1792,\"height\":1024},{\"@type\":\"BreadcrumbList\",\"@id\":\"https:\/\/aftadvocacia.adv.br\/wordpressfoto\/entendendo-nova-reforma-tributaria-impactos-mudancas\/#breadcrumb\",\"itemListElement\":[{\"@type\":\"ListItem\",\"position\":1,\"name\":\"In\u00edcio\",\"item\":\"https:\/\/aftadvocacia.adv.br\/wordpressfoto\/\"},{\"@type\":\"ListItem\",\"position\":2,\"name\":\"Entendendo a Nova Reforma Tribut\u00e1ria: Impactos e Mudan\u00e7as\"}]},{\"@type\":\"WebSite\",\"@id\":\"https:\/\/aftadvocacia.adv.br\/wordpressfoto\/#website\",\"url\":\"https:\/\/aftadvocacia.adv.br\/wordpressfoto\/\",\"name\":\"AFT Advogados: Excel\u00eancia em Advocacia e Consultoria Jur\u00eddica\",\"description\":\"Com mais de 20 anos de experi\u00eancia, a AFTA Advocacia se destaca pela dedica\u00e7\u00e3o, responsabilidade e compromisso em oferecer solu\u00e7\u00f5es jur\u00eddicas personalizadas. Especializados em Direito Tribut\u00e1rio, Empresarial e diversas outras \u00e1reas, nossa miss\u00e3o \u00e9 satisfazer e superar as expectativas de nossos clientes, atuando com \u00e9tica e compet\u00eancia t\u00e9cnico-jur\u00eddica.\",\"publisher\":{\"@id\":\"https:\/\/aftadvocacia.adv.br\/wordpressfoto\/#organization\"},\"potentialAction\":[{\"@type\":\"SearchAction\",\"target\":{\"@type\":\"EntryPoint\",\"urlTemplate\":\"https:\/\/aftadvocacia.adv.br\/wordpressfoto\/?s={search_term_string}\"},\"query-input\":{\"@type\":\"PropertyValueSpecification\",\"valueRequired\":true,\"valueName\":\"search_term_string\"}}],\"inLanguage\":\"pt-BR\"},{\"@type\":\"Organization\",\"@id\":\"https:\/\/aftadvocacia.adv.br\/wordpressfoto\/#organization\",\"name\":\"AFT Advogados: Excel\u00eancia em Advocacia e Consultoria Jur\u00eddica\",\"url\":\"https:\/\/aftadvocacia.adv.br\/wordpressfoto\/\",\"logo\":{\"@type\":\"ImageObject\",\"inLanguage\":\"pt-BR\",\"@id\":\"https:\/\/aftadvocacia.adv.br\/wordpressfoto\/#\/schema\/logo\/image\/\",\"url\":\"https:\/\/aftadvocacia.adv.br\/wordpressfoto\/wp-content\/uploads\/2024\/01\/Logotipo-com-OAB-aft-advogados-bento-direito.png\",\"contentUrl\":\"https:\/\/aftadvocacia.adv.br\/wordpressfoto\/wp-content\/uploads\/2024\/01\/Logotipo-com-OAB-aft-advogados-bento-direito.png\",\"width\":350,\"height\":184,\"caption\":\"AFT Advogados: Excel\u00eancia em Advocacia e Consultoria Jur\u00eddica\"},\"image\":{\"@id\":\"https:\/\/aftadvocacia.adv.br\/wordpressfoto\/#\/schema\/logo\/image\/\"}},{\"@type\":\"Person\",\"@id\":\"https:\/\/aftadvocacia.adv.br\/wordpressfoto\/#\/schema\/person\/d24772c5305e4c3cf27f1c18b175ea5a\",\"name\":\"R\u00f4mulo de Jesus Dieguez de Freitas\",\"image\":{\"@type\":\"ImageObject\",\"inLanguage\":\"pt-BR\",\"@id\":\"https:\/\/aftadvocacia.adv.br\/wordpressfoto\/#\/schema\/person\/image\/\",\"url\":\"https:\/\/secure.gravatar.com\/avatar\/98f7b3fbcedccb9cdf3f92c19876818183b0b398b3196918600fa1cc64ce0b01?s=96&d=mm&r=g\",\"contentUrl\":\"https:\/\/secure.gravatar.com\/avatar\/98f7b3fbcedccb9cdf3f92c19876818183b0b398b3196918600fa1cc64ce0b01?s=96&d=mm&r=g\",\"caption\":\"R\u00f4mulo de Jesus Dieguez de Freitas\"},\"description\":\"Graduado em Ci\u00eancias Jur\u00eddicas e Sociais e Contabilidade, p\u00f3s-graduado em Administra\u00e7\u00e3o. Ex-auditor fiscal, consultor do SEBRAE e especialista em administra\u00e7\u00e3o tribut\u00e1ria\",\"url\":\"https:\/\/aftadvocacia.adv.br\/wordpressfoto\/author\/romulo\/\"}]}<\/script>\n<!-- \/ Yoast SEO plugin. -->","yoast_head_json":{"title":"AFT Advocacia: Excel\u00eancia em Advocacia e Consultoria Jur\u00eddica","description":"Descubra como a reforma tribut\u00e1ria de 2024 transformar\u00e1 o cen\u00e1rio fiscal no Brasil. An\u00e1lise detalhada dos impactos, mudan\u00e7as nos impostos e dicas para empresas se adaptarem. Leia agora para se preparar!","robots":{"index":"index","follow":"follow","max-snippet":"max-snippet:-1","max-image-preview":"max-image-preview:large","max-video-preview":"max-video-preview:-1"},"canonical":"https:\/\/aftadvocacia.adv.br\/wordpressfoto\/entendendo-nova-reforma-tributaria-impactos-mudancas\/","og_locale":"pt_BR","og_type":"article","og_title":"AFT Advocacia: Excel\u00eancia em Advocacia e Consultoria Jur\u00eddica","og_description":"Descubra como a reforma tribut\u00e1ria de 2024 transformar\u00e1 o cen\u00e1rio fiscal no Brasil. An\u00e1lise detalhada dos impactos, mudan\u00e7as nos impostos e dicas para empresas se adaptarem. Leia agora para se preparar!","og_url":"https:\/\/aftadvocacia.adv.br\/wordpressfoto\/entendendo-nova-reforma-tributaria-impactos-mudancas\/","og_site_name":"AFT Advocacia: Excel\u00eancia em Advocacia e Consultoria Jur\u00eddica","article_published_time":"2024-01-08T21:35:19+00:00","article_modified_time":"2024-02-14T14:37:44+00:00","og_image":[{"width":1792,"height":1024,"url":"https:\/\/aftadvocacia.adv.br\/wordpressfoto\/wp-content\/uploads\/2023\/11\/advogados-juridico-escritorio-aft-bento-gonc\u0327alves-9.webp","type":"image\/webp"}],"author":"R\u00f4mulo de Jesus Dieguez de Freitas","twitter_card":"summary_large_image","twitter_misc":{"Escrito por":"R\u00f4mulo de Jesus Dieguez de Freitas","Est. tempo de leitura":"18 minutos"},"schema":{"@context":"https:\/\/schema.org","@graph":[{"@type":"Article","@id":"https:\/\/aftadvocacia.adv.br\/wordpressfoto\/entendendo-nova-reforma-tributaria-impactos-mudancas\/#article","isPartOf":{"@id":"https:\/\/aftadvocacia.adv.br\/wordpressfoto\/entendendo-nova-reforma-tributaria-impactos-mudancas\/"},"author":{"name":"R\u00f4mulo de Jesus Dieguez de Freitas","@id":"https:\/\/aftadvocacia.adv.br\/wordpressfoto\/#\/schema\/person\/d24772c5305e4c3cf27f1c18b175ea5a"},"headline":"Entendendo a Nova Reforma Tribut\u00e1ria: Impactos e Mudan\u00e7as","datePublished":"2024-01-08T21:35:19+00:00","dateModified":"2024-02-14T14:37:44+00:00","mainEntityOfPage":{"@id":"https:\/\/aftadvocacia.adv.br\/wordpressfoto\/entendendo-nova-reforma-tributaria-impactos-mudancas\/"},"wordCount":3619,"commentCount":0,"publisher":{"@id":"https:\/\/aftadvocacia.adv.br\/wordpressfoto\/#organization"},"image":{"@id":"https:\/\/aftadvocacia.adv.br\/wordpressfoto\/entendendo-nova-reforma-tributaria-impactos-mudancas\/#primaryimage"},"thumbnailUrl":"https:\/\/aftadvocacia.adv.br\/wordpressfoto\/wp-content\/uploads\/2023\/11\/advogados-juridico-escritorio-aft-bento-gonc\u0327alves-9.webp","keywords":["efici\u00eancia operacional tribut\u00e1ria","guerra fiscal estados","IBS CBS impostos","impacto tribut\u00e1rio empresas","impostos Brasil","legisla\u00e7\u00e3o fiscal brasileira","mudan\u00e7as fiscais 2024","NUGGET 1","planejamento tribut\u00e1rio","reforma tribut\u00e1ria","simplifica\u00e7\u00e3o tribut\u00e1ria"],"articleSection":["Jur\u00eddico"],"inLanguage":"pt-BR","potentialAction":[{"@type":"CommentAction","name":"Comment","target":["https:\/\/aftadvocacia.adv.br\/wordpressfoto\/entendendo-nova-reforma-tributaria-impactos-mudancas\/#respond"]}]},{"@type":"WebPage","@id":"https:\/\/aftadvocacia.adv.br\/wordpressfoto\/entendendo-nova-reforma-tributaria-impactos-mudancas\/","url":"https:\/\/aftadvocacia.adv.br\/wordpressfoto\/entendendo-nova-reforma-tributaria-impactos-mudancas\/","name":"AFT Advocacia: Excel\u00eancia em Advocacia e Consultoria Jur\u00eddica","isPartOf":{"@id":"https:\/\/aftadvocacia.adv.br\/wordpressfoto\/#website"},"primaryImageOfPage":{"@id":"https:\/\/aftadvocacia.adv.br\/wordpressfoto\/entendendo-nova-reforma-tributaria-impactos-mudancas\/#primaryimage"},"image":{"@id":"https:\/\/aftadvocacia.adv.br\/wordpressfoto\/entendendo-nova-reforma-tributaria-impactos-mudancas\/#primaryimage"},"thumbnailUrl":"https:\/\/aftadvocacia.adv.br\/wordpressfoto\/wp-content\/uploads\/2023\/11\/advogados-juridico-escritorio-aft-bento-gonc\u0327alves-9.webp","datePublished":"2024-01-08T21:35:19+00:00","dateModified":"2024-02-14T14:37:44+00:00","description":"Descubra como a reforma tribut\u00e1ria de 2024 transformar\u00e1 o cen\u00e1rio fiscal no Brasil. An\u00e1lise detalhada dos impactos, mudan\u00e7as nos impostos e dicas para empresas se adaptarem. Leia agora para se preparar!","breadcrumb":{"@id":"https:\/\/aftadvocacia.adv.br\/wordpressfoto\/entendendo-nova-reforma-tributaria-impactos-mudancas\/#breadcrumb"},"inLanguage":"pt-BR","potentialAction":[{"@type":"ReadAction","target":["https:\/\/aftadvocacia.adv.br\/wordpressfoto\/entendendo-nova-reforma-tributaria-impactos-mudancas\/"]}]},{"@type":"ImageObject","inLanguage":"pt-BR","@id":"https:\/\/aftadvocacia.adv.br\/wordpressfoto\/entendendo-nova-reforma-tributaria-impactos-mudancas\/#primaryimage","url":"https:\/\/aftadvocacia.adv.br\/wordpressfoto\/wp-content\/uploads\/2023\/11\/advogados-juridico-escritorio-aft-bento-gonc\u0327alves-9.webp","contentUrl":"https:\/\/aftadvocacia.adv.br\/wordpressfoto\/wp-content\/uploads\/2023\/11\/advogados-juridico-escritorio-aft-bento-gonc\u0327alves-9.webp","width":1792,"height":1024},{"@type":"BreadcrumbList","@id":"https:\/\/aftadvocacia.adv.br\/wordpressfoto\/entendendo-nova-reforma-tributaria-impactos-mudancas\/#breadcrumb","itemListElement":[{"@type":"ListItem","position":1,"name":"In\u00edcio","item":"https:\/\/aftadvocacia.adv.br\/wordpressfoto\/"},{"@type":"ListItem","position":2,"name":"Entendendo a Nova Reforma Tribut\u00e1ria: Impactos e Mudan\u00e7as"}]},{"@type":"WebSite","@id":"https:\/\/aftadvocacia.adv.br\/wordpressfoto\/#website","url":"https:\/\/aftadvocacia.adv.br\/wordpressfoto\/","name":"AFT Advogados: Excel\u00eancia em Advocacia e Consultoria Jur\u00eddica","description":"Com mais de 20 anos de experi\u00eancia, a AFTA Advocacia se destaca pela dedica\u00e7\u00e3o, responsabilidade e compromisso em oferecer solu\u00e7\u00f5es jur\u00eddicas personalizadas. Especializados em Direito Tribut\u00e1rio, Empresarial e diversas outras \u00e1reas, nossa miss\u00e3o \u00e9 satisfazer e superar as expectativas de nossos clientes, atuando com \u00e9tica e compet\u00eancia t\u00e9cnico-jur\u00eddica.","publisher":{"@id":"https:\/\/aftadvocacia.adv.br\/wordpressfoto\/#organization"},"potentialAction":[{"@type":"SearchAction","target":{"@type":"EntryPoint","urlTemplate":"https:\/\/aftadvocacia.adv.br\/wordpressfoto\/?s={search_term_string}"},"query-input":{"@type":"PropertyValueSpecification","valueRequired":true,"valueName":"search_term_string"}}],"inLanguage":"pt-BR"},{"@type":"Organization","@id":"https:\/\/aftadvocacia.adv.br\/wordpressfoto\/#organization","name":"AFT Advogados: Excel\u00eancia em Advocacia e Consultoria Jur\u00eddica","url":"https:\/\/aftadvocacia.adv.br\/wordpressfoto\/","logo":{"@type":"ImageObject","inLanguage":"pt-BR","@id":"https:\/\/aftadvocacia.adv.br\/wordpressfoto\/#\/schema\/logo\/image\/","url":"https:\/\/aftadvocacia.adv.br\/wordpressfoto\/wp-content\/uploads\/2024\/01\/Logotipo-com-OAB-aft-advogados-bento-direito.png","contentUrl":"https:\/\/aftadvocacia.adv.br\/wordpressfoto\/wp-content\/uploads\/2024\/01\/Logotipo-com-OAB-aft-advogados-bento-direito.png","width":350,"height":184,"caption":"AFT Advogados: Excel\u00eancia em Advocacia e Consultoria Jur\u00eddica"},"image":{"@id":"https:\/\/aftadvocacia.adv.br\/wordpressfoto\/#\/schema\/logo\/image\/"}},{"@type":"Person","@id":"https:\/\/aftadvocacia.adv.br\/wordpressfoto\/#\/schema\/person\/d24772c5305e4c3cf27f1c18b175ea5a","name":"R\u00f4mulo de Jesus Dieguez de Freitas","image":{"@type":"ImageObject","inLanguage":"pt-BR","@id":"https:\/\/aftadvocacia.adv.br\/wordpressfoto\/#\/schema\/person\/image\/","url":"https:\/\/secure.gravatar.com\/avatar\/98f7b3fbcedccb9cdf3f92c19876818183b0b398b3196918600fa1cc64ce0b01?s=96&d=mm&r=g","contentUrl":"https:\/\/secure.gravatar.com\/avatar\/98f7b3fbcedccb9cdf3f92c19876818183b0b398b3196918600fa1cc64ce0b01?s=96&d=mm&r=g","caption":"R\u00f4mulo de Jesus Dieguez de Freitas"},"description":"Graduado em Ci\u00eancias Jur\u00eddicas e Sociais e Contabilidade, p\u00f3s-graduado em Administra\u00e7\u00e3o. Ex-auditor fiscal, consultor do SEBRAE e especialista em administra\u00e7\u00e3o tribut\u00e1ria","url":"https:\/\/aftadvocacia.adv.br\/wordpressfoto\/author\/romulo\/"}]}},"_links":{"self":[{"href":"https:\/\/aftadvocacia.adv.br\/wordpressfoto\/wp-json\/wp\/v2\/posts\/1903","targetHints":{"allow":["GET"]}}],"collection":[{"href":"https:\/\/aftadvocacia.adv.br\/wordpressfoto\/wp-json\/wp\/v2\/posts"}],"about":[{"href":"https:\/\/aftadvocacia.adv.br\/wordpressfoto\/wp-json\/wp\/v2\/types\/post"}],"author":[{"embeddable":true,"href":"https:\/\/aftadvocacia.adv.br\/wordpressfoto\/wp-json\/wp\/v2\/users\/4"}],"replies":[{"embeddable":true,"href":"https:\/\/aftadvocacia.adv.br\/wordpressfoto\/wp-json\/wp\/v2\/comments?post=1903"}],"version-history":[{"count":0,"href":"https:\/\/aftadvocacia.adv.br\/wordpressfoto\/wp-json\/wp\/v2\/posts\/1903\/revisions"}],"wp:featuredmedia":[{"embeddable":true,"href":"https:\/\/aftadvocacia.adv.br\/wordpressfoto\/wp-json\/wp\/v2\/media\/965"}],"wp:attachment":[{"href":"https:\/\/aftadvocacia.adv.br\/wordpressfoto\/wp-json\/wp\/v2\/media?parent=1903"}],"wp:term":[{"taxonomy":"category","embeddable":true,"href":"https:\/\/aftadvocacia.adv.br\/wordpressfoto\/wp-json\/wp\/v2\/categories?post=1903"},{"taxonomy":"post_tag","embeddable":true,"href":"https:\/\/aftadvocacia.adv.br\/wordpressfoto\/wp-json\/wp\/v2\/tags?post=1903"}],"curies":[{"name":"wp","href":"https:\/\/api.w.org\/{rel}","templated":true}]}}