{"id":1073,"date":"2023-11-07T19:48:28","date_gmt":"2023-11-07T22:48:28","guid":{"rendered":"https:\/\/aftadvocacia.adv.br\/wordpressfoto\/?p=1073"},"modified":"2024-02-14T11:38:51","modified_gmt":"2024-02-14T14:38:51","slug":"tecnologia-lei-advocacia-digital","status":"publish","type":"post","link":"https:\/\/aftadvocacia.adv.br\/wordpressfoto\/tecnologia-lei-advocacia-digital\/","title":{"rendered":"Tecnologia e Lei: A Vis\u00e3o de Um Advogado na Era Digital"},"content":{"rendered":"\t\t<div data-elementor-type=\"wp-post\" data-elementor-id=\"1073\" class=\"elementor elementor-1073\" data-elementor-post-type=\"post\">\n\t\t\t\t\t\t<section class=\"elementor-section elementor-top-section elementor-element elementor-element-6b31cfb8 elementor-section-full_width elementor-section-content-middle elementor-section-height-default elementor-section-height-default\" data-id=\"6b31cfb8\" data-element_type=\"section\">\n\t\t\t\t\t\t<div class=\"elementor-container elementor-column-gap-no\">\n\t\t\t\t\t<div class=\"elementor-column elementor-col-100 elementor-top-column elementor-element elementor-element-46137b12\" data-id=\"46137b12\" data-element_type=\"column\">\n\t\t\t<div class=\"elementor-widget-wrap elementor-element-populated\">\n\t\t\t\t\t\t<div class=\"elementor-element elementor-element-7331a551 elementor-widget-tablet__width-initial elementor-widget elementor-widget-video\" data-id=\"7331a551\" data-element_type=\"widget\" data-settings=\"{&quot;youtube_url&quot;:&quot;https:\\\/\\\/www.youtube.com\\\/watch?v=qEzUWjpCV4A&amp;t=3603s&quot;,&quot;lazy_load&quot;:&quot;yes&quot;,&quot;video_type&quot;:&quot;youtube&quot;,&quot;controls&quot;:&quot;yes&quot;}\" data-widget_type=\"video.default\">\n\t\t\t\t<div class=\"elementor-widget-container\">\n\t\t\t\t\t\t\t<div class=\"elementor-wrapper elementor-open-inline\">\n\t\t\t<div class=\"elementor-video\"><\/div>\t\t<\/div>\n\t\t\t\t\t\t<\/div>\n\t\t\t\t<\/div>\n\t\t\t\t\t<\/div>\n\t\t<\/div>\n\t\t\t\t\t<\/div>\n\t\t<\/section>\n\t\t\t\t<section class=\"elementor-section elementor-top-section elementor-element elementor-element-60803011 elementor-section-boxed elementor-section-height-default elementor-section-height-default\" data-id=\"60803011\" data-element_type=\"section\">\n\t\t\t\t\t\t<div class=\"elementor-container elementor-column-gap-no\">\n\t\t\t\t\t<div class=\"elementor-column elementor-col-100 elementor-top-column elementor-element elementor-element-47b91fab\" data-id=\"47b91fab\" data-element_type=\"column\">\n\t\t\t<div class=\"elementor-widget-wrap elementor-element-populated\">\n\t\t\t\t\t\t<div class=\"elementor-element elementor-element-5cab8041 elementor-widget-tablet__width-initial elementor-widget elementor-widget-html\" data-id=\"5cab8041\" data-element_type=\"widget\" data-widget_type=\"html.default\">\n\t\t\t\t<div class=\"elementor-widget-container\">\n\t\t\t\t\t<p>Em um mundo cada vez mais conectado, onde a tecnologia avan\u00e7a a passos largos e redefine constantemente o cen\u00e1rio de diversas profiss\u00f5es, a advocacia enfrenta um momento de transforma\u00e7\u00e3o sem precedentes. Eu sou Rodrigo Terra de Souza, s\u00f3cio da AFT Advocacia, e neste artigo, compartilharei com voc\u00eas uma vis\u00e3o contempor\u00e2nea sobre como a tecnologia est\u00e1 remodelando a pr\u00e1tica jur\u00eddica. Navegaremos juntos pelas ondas da inova\u00e7\u00e3o digital e exploraremos como as solu\u00e7\u00f5es jur\u00eddicas para empresas est\u00e3o se adaptando para oferecer servi\u00e7os mais eficientes, seguros e alinhados com as novas demandas do mercado.<\/p>\n<p>Voc\u00ea descobrir\u00e1 como a integra\u00e7\u00e3o de ferramentas tecnol\u00f3gicas est\u00e1 n\u00e3o apenas otimizando processos, mas tamb\u00e9m criando novas formas de intera\u00e7\u00e3o entre advogados e clientes. Abordaremos a import\u00e2ncia da an\u00e1lise de dados, a seguran\u00e7a da informa\u00e7\u00e3o e como a digitaliza\u00e7\u00e3o pode democratizar o acesso \u00e0 justi\u00e7a. Este artigo \u00e9 um convite para entender a relev\u00e2ncia da tecnologia na lei e como, ao abra\u00e7\u00e1-la, podemos transformar desafios em oportunidades. Prepare-se para uma jornada que ir\u00e1 expandir sua vis\u00e3o sobre a advocacia na era digital.<\/p>\n\t\t\t\t<\/div>\n\t\t\t\t<\/div>\n\t\t\t\t\t<\/div>\n\t\t<\/div>\n\t\t\t\t\t<\/div>\n\t\t<\/section>\n\t\t\t\t<section class=\"elementor-section elementor-top-section elementor-element elementor-element-9910eb elementor-section-boxed elementor-section-height-default elementor-section-height-default\" data-id=\"9910eb\" data-element_type=\"section\">\n\t\t\t\t\t\t<div class=\"elementor-container elementor-column-gap-no\">\n\t\t\t\t\t<div class=\"elementor-column elementor-col-100 elementor-top-column elementor-element elementor-element-33739f2d\" data-id=\"33739f2d\" data-element_type=\"column\">\n\t\t\t<div class=\"elementor-widget-wrap elementor-element-populated\">\n\t\t\t\t\t\t<div class=\"elementor-element elementor-element-61787626 elementor-widget-tablet__width-initial elementor-widget elementor-widget-image\" data-id=\"61787626\" data-element_type=\"widget\" data-widget_type=\"image.default\">\n\t\t\t\t<div class=\"elementor-widget-container\">\n\t\t\t\t\t\t\t\t\t\t\t\t\t\t\t<img fetchpriority=\"high\" decoding=\"async\" width=\"800\" height=\"800\" src=\"https:\/\/aftadvocacia.adv.br\/wordpressfoto\/wp-content\/uploads\/2023\/11\/advogado-juridico-tecnologia-bento-goncalves-aft-advocacia-1024x1024.webp\" class=\"attachment-large size-large wp-image-1539\" alt=\"\" srcset=\"https:\/\/aftadvocacia.adv.br\/wordpressfoto\/wp-content\/uploads\/2023\/11\/advogado-juridico-tecnologia-bento-goncalves-aft-advocacia-1024x1024.webp 1024w, https:\/\/aftadvocacia.adv.br\/wordpressfoto\/wp-content\/uploads\/2023\/11\/advogado-juridico-tecnologia-bento-goncalves-aft-advocacia-300x300.webp 300w, https:\/\/aftadvocacia.adv.br\/wordpressfoto\/wp-content\/uploads\/2023\/11\/advogado-juridico-tecnologia-bento-goncalves-aft-advocacia-150x150.webp 150w, https:\/\/aftadvocacia.adv.br\/wordpressfoto\/wp-content\/uploads\/2023\/11\/advogado-juridico-tecnologia-bento-goncalves-aft-advocacia-768x768.webp 768w, https:\/\/aftadvocacia.adv.br\/wordpressfoto\/wp-content\/uploads\/2023\/11\/advogado-juridico-tecnologia-bento-goncalves-aft-advocacia-1536x1536.webp 1536w, https:\/\/aftadvocacia.adv.br\/wordpressfoto\/wp-content\/uploads\/2023\/11\/advogado-juridico-tecnologia-bento-goncalves-aft-advocacia-650x650.webp 650w, https:\/\/aftadvocacia.adv.br\/wordpressfoto\/wp-content\/uploads\/2023\/11\/advogado-juridico-tecnologia-bento-goncalves-aft-advocacia-1300x1300.webp 1300w, https:\/\/aftadvocacia.adv.br\/wordpressfoto\/wp-content\/uploads\/2023\/11\/advogado-juridico-tecnologia-bento-goncalves-aft-advocacia.webp 1920w\" sizes=\"(max-width: 800px) 100vw, 800px\" \/>\t\t\t\t\t\t\t\t\t\t\t\t\t\t\t<\/div>\n\t\t\t\t<\/div>\n\t\t\t\t<div class=\"elementor-element elementor-element-55142b20 elementor-widget elementor-widget-html\" data-id=\"55142b20\" data-element_type=\"widget\" data-widget_type=\"html.default\">\n\t\t\t\t<div class=\"elementor-widget-container\">\n\t\t\t\t\t<blockquote style=\"border: 1px solid; font-size: larger; text-align: center; font-style: italic;\">\n    \"Hoje, 95% das atividades judiciais s\u00e3o realizadas online. A tend\u00eancia \u00e9 que, at\u00e9 2025, todo o processo ser\u00e1 digital.\"\n<\/blockquote>\n\t\t\t\t<\/div>\n\t\t\t\t<\/div>\n\t\t\t\t\t<\/div>\n\t\t<\/div>\n\t\t\t\t\t<\/div>\n\t\t<\/section>\n\t\t\t\t<section class=\"elementor-section elementor-top-section elementor-element elementor-element-63b1c689 elementor-section-boxed elementor-section-height-default elementor-section-height-default\" data-id=\"63b1c689\" data-element_type=\"section\">\n\t\t\t\t\t\t<div class=\"elementor-container elementor-column-gap-no\">\n\t\t\t\t\t<div class=\"elementor-column elementor-col-100 elementor-top-column elementor-element elementor-element-1acb7e28\" data-id=\"1acb7e28\" data-element_type=\"column\">\n\t\t\t<div class=\"elementor-widget-wrap elementor-element-populated\">\n\t\t\t\t\t\t<div class=\"elementor-element elementor-element-6ff752bf elementor-widget-tablet__width-initial elementor-widget elementor-widget-html\" data-id=\"6ff752bf\" data-element_type=\"widget\" data-widget_type=\"html.default\">\n\t\t\t\t<div class=\"elementor-widget-container\">\n\t\t\t\t\t<h2>A Era Digital e o Direito<\/h2>\n<p>N\u00e3o \u00e9 novidade que o mundo est\u00e1 se digitalizando, e o direito segue essa tend\u00eancia. No Rio Grande do Sul, por exemplo, estamos caminhando para a digitaliza\u00e7\u00e3o total dos processos judiciais. Embora o caminho seja desafiador e o cronograma apertado, a meta \u00e9 clara: at\u00e9 2025, todos os processos ser\u00e3o digitais. Isso significa que 95% das atividades que antes exigiam nossa presen\u00e7a f\u00edsica nos f\u00f3runs agora s\u00e3o realizadas online. \u00c9 uma mudan\u00e7a monumental que traz efici\u00eancia e agilidade para o nosso trabalho di\u00e1rio.<\/p>\n\n<h2>A Intersec\u00e7\u00e3o entre Direito e Tecnologia<\/h2>\n<p>Minha jornada no mundo da tecnologia come\u00e7ou bem antes de eu me tornar advogado. A inform\u00e1tica sempre foi uma paix\u00e3o, e essa base t\u00e9cnica se mostrou extremamente valiosa na minha carreira jur\u00eddica. As ferramentas digitais, que evolu\u00edram exponencialmente desde os tempos do Windows 95, hoje s\u00e3o indispens\u00e1veis no direito. Elas nos permitem acessar e gerenciar processos com uma rapidez que antes era inimagin\u00e1vel. E eu posso dizer, com convic\u00e7\u00e3o, que a tecnologia n\u00e3o apenas facilita nosso trabalho, mas tamb\u00e9m amplia nosso alcance e efic\u00e1cia como advogados.<\/p>\n\n<h2>Educa\u00e7\u00e3o e Experi\u00eancia Profissional<\/h2>\n<p>A transi\u00e7\u00e3o da inform\u00e1tica para o direito foi um passo natural para mim. A experi\u00eancia como t\u00e9cnico de inform\u00e1tica me deu uma compreens\u00e3o \u00fanica sobre como os sistemas funcionam, e isso se traduz diretamente na maneira como abordo os problemas jur\u00eddicos. A educa\u00e7\u00e3o cont\u00ednua, seja ela formal ou atrav\u00e9s da pr\u00e1tica di\u00e1ria, \u00e9 um pilar para qualquer advogado que deseja se destacar. E eu levo isso a s\u00e9rio, sempre buscando aprimorar meus conhecimentos e habilidades.<\/p>\n\n<h2>A Import\u00e2ncia do Conhecimento Jur\u00eddico<\/h2>\n<p>N\u00e3o \u00e9 apenas para n\u00f3s, advogados, que o direito \u00e9 essencial. Em um mundo cada vez mais regulado, um entendimento b\u00e1sico das leis \u00e9 crucial para todos. Assim como gerenciamos nossas finan\u00e7as e tomamos decis\u00f5es di\u00e1rias, o conhecimento jur\u00eddico nos permite navegar pela vida com mais seguran\u00e7a e confian\u00e7a. \u00c9 uma ferramenta de empoderamento, e eu acredito que todos deveriam ter acesso a ela.<\/p>\n\n<h2>L\u00f3gica e Direito<\/h2>\n<p>A l\u00f3gica sempre foi o fio condutor do meu pensamento, tanto na inform\u00e1tica quanto no direito. Muitos podem ver a lei como um emaranhado de subjetividades, mas h\u00e1 uma estrutura l\u00f3gica subjacente que guia a interpreta\u00e7\u00e3o e aplica\u00e7\u00e3o das normas. Essa perspectiva me ajuda a descomplicar o que parece complexo e a encontrar solu\u00e7\u00f5es claras e objetivas para os casos que manejo.<\/p>\n\n<h2>Especializa\u00e7\u00e3o e Conhecimento Geral<\/h2>\n<p>Embora a especializa\u00e7\u00e3o seja importante, um advogado n\u00e3o pode se dar ao luxo de ser unidimensional. O conhecimento geral \u00e9 uma ferramenta poderosa, e eu me esfor\u00e7o para manter uma base s\u00f3lida em v\u00e1rias \u00e1reas. Isso n\u00e3o apenas enriquece minha pr\u00e1tica jur\u00eddica, mas tamb\u00e9m me permite conectar com clientes de diversos setores e entender melhor suas necessidades.<\/p>\n\n<h2>Governan\u00e7a e Gest\u00e3o de Riscos<\/h2>\n<p>Especializar-me em governan\u00e7a e gest\u00e3o de riscos foi uma decis\u00e3o estrat\u00e9gica. Essas \u00e1reas s\u00e3o vitais no contexto empresarial e jur\u00eddico, e elas se entrela\u00e7am com a pr\u00e1tica do direito de maneiras que muitos n\u00e3o percebem. Ajudar as empresas a navegar por esses mares turbulentos \u00e9 uma das minhas paix\u00f5es e um dos pilares da AFT Advocacia.<\/p>\n\t\t\t\t<\/div>\n\t\t\t\t<\/div>\n\t\t\t\t\t<\/div>\n\t\t<\/div>\n\t\t\t\t\t<\/div>\n\t\t<\/section>\n\t\t\t\t<section class=\"elementor-section elementor-top-section elementor-element elementor-element-2d4d3bf7 elementor-section-boxed elementor-section-height-default elementor-section-height-default\" data-id=\"2d4d3bf7\" data-element_type=\"section\">\n\t\t\t\t\t\t<div class=\"elementor-container elementor-column-gap-no\">\n\t\t\t\t\t<div class=\"elementor-column elementor-col-100 elementor-top-column elementor-element elementor-element-46d03fac\" data-id=\"46d03fac\" data-element_type=\"column\">\n\t\t\t<div class=\"elementor-widget-wrap elementor-element-populated\">\n\t\t\t\t\t\t<div class=\"elementor-element elementor-element-26a93ea4 elementor-widget-tablet__width-initial elementor-widget elementor-widget-image\" data-id=\"26a93ea4\" data-element_type=\"widget\" data-widget_type=\"image.default\">\n\t\t\t\t<div class=\"elementor-widget-container\">\n\t\t\t\t\t\t\t\t\t\t\t\t\t\t\t<img decoding=\"async\" width=\"800\" height=\"800\" src=\"https:\/\/aftadvocacia.adv.br\/wordpressfoto\/wp-content\/uploads\/2023\/11\/advogado-juridico-tecnologia-bento-goncalves-aft-advocacia-1-1024x1024.webp\" class=\"attachment-large size-large wp-image-1537\" alt=\"\" srcset=\"https:\/\/aftadvocacia.adv.br\/wordpressfoto\/wp-content\/uploads\/2023\/11\/advogado-juridico-tecnologia-bento-goncalves-aft-advocacia-1-1024x1024.webp 1024w, https:\/\/aftadvocacia.adv.br\/wordpressfoto\/wp-content\/uploads\/2023\/11\/advogado-juridico-tecnologia-bento-goncalves-aft-advocacia-1-300x300.webp 300w, https:\/\/aftadvocacia.adv.br\/wordpressfoto\/wp-content\/uploads\/2023\/11\/advogado-juridico-tecnologia-bento-goncalves-aft-advocacia-1-150x150.webp 150w, https:\/\/aftadvocacia.adv.br\/wordpressfoto\/wp-content\/uploads\/2023\/11\/advogado-juridico-tecnologia-bento-goncalves-aft-advocacia-1-768x768.webp 768w, https:\/\/aftadvocacia.adv.br\/wordpressfoto\/wp-content\/uploads\/2023\/11\/advogado-juridico-tecnologia-bento-goncalves-aft-advocacia-1-1536x1536.webp 1536w, https:\/\/aftadvocacia.adv.br\/wordpressfoto\/wp-content\/uploads\/2023\/11\/advogado-juridico-tecnologia-bento-goncalves-aft-advocacia-1-650x650.webp 650w, https:\/\/aftadvocacia.adv.br\/wordpressfoto\/wp-content\/uploads\/2023\/11\/advogado-juridico-tecnologia-bento-goncalves-aft-advocacia-1-1300x1300.webp 1300w, https:\/\/aftadvocacia.adv.br\/wordpressfoto\/wp-content\/uploads\/2023\/11\/advogado-juridico-tecnologia-bento-goncalves-aft-advocacia-1.webp 1920w\" sizes=\"(max-width: 800px) 100vw, 800px\" \/>\t\t\t\t\t\t\t\t\t\t\t\t\t\t\t<\/div>\n\t\t\t\t<\/div>\n\t\t\t\t<div class=\"elementor-element elementor-element-71cc27b5 elementor-widget elementor-widget-html\" data-id=\"71cc27b5\" data-element_type=\"widget\" data-widget_type=\"html.default\">\n\t\t\t\t<div class=\"elementor-widget-container\">\n\t\t\t\t\t<blockquote style=\"border: 1px solid; font-size: larger; text-align: center; font-style: italic;\">\n    \"O direito serve para conhecer as normas, definindo at\u00e9 onde podemos ir, o que podemos fazer ou deixar de fazer.\"\n<\/blockquote>\t\t\t\t<\/div>\n\t\t\t\t<\/div>\n\t\t\t\t\t<\/div>\n\t\t<\/div>\n\t\t\t\t\t<\/div>\n\t\t<\/section>\n\t\t\t\t<section class=\"elementor-section elementor-top-section elementor-element elementor-element-fde7927 elementor-section-boxed elementor-section-height-default elementor-section-height-default\" data-id=\"fde7927\" data-element_type=\"section\">\n\t\t\t\t\t\t<div class=\"elementor-container elementor-column-gap-no\">\n\t\t\t\t\t<div class=\"elementor-column elementor-col-100 elementor-top-column elementor-element elementor-element-588bd49\" data-id=\"588bd49\" data-element_type=\"column\">\n\t\t\t<div class=\"elementor-widget-wrap elementor-element-populated\">\n\t\t\t\t\t\t<div class=\"elementor-element elementor-element-22614d3a elementor-widget-tablet__width-initial elementor-widget elementor-widget-html\" data-id=\"22614d3a\" data-element_type=\"widget\" data-widget_type=\"html.default\">\n\t\t\t\t<div class=\"elementor-widget-container\">\n\t\t\t\t\t<h2>An\u00e1lise complementar, com base na internet:<\/h2>\n\n<h3>An\u00e1lise do Artigo da Forbes<\/h3>\n<p>A transforma\u00e7\u00e3o digital no setor jur\u00eddico, como discutido no artigo da Forbes, \u00e9 uma necessidade ineg\u00e1vel. A tecnologia n\u00e3o \u00e9 mais um luxo, mas uma ferramenta essencial para a sobreviv\u00eancia e o crescimento das firmas de advocacia. A capacidade de adaptar-se e incorporar novas tecnologias reflete diretamente na efici\u00eancia e na qualidade dos servi\u00e7os prestados aos clientes. O artigo refor\u00e7a a ideia de que a inova\u00e7\u00e3o tecnol\u00f3gica permite uma gest\u00e3o mais estrat\u00e9gica e dados mais precisos, o que est\u00e1 em perfeita sintonia com o que defendemos sobre a import\u00e2ncia da tecnologia na pr\u00e1tica jur\u00eddica moderna.<\/p>\n<p>Al\u00e9m disso, a Forbes destaca que a transforma\u00e7\u00e3o digital no direito n\u00e3o \u00e9 apenas sobre a ado\u00e7\u00e3o de novas ferramentas, mas tamb\u00e9m sobre a mudan\u00e7a de mentalidade. Isso ressoa com a nossa vis\u00e3o de que a tecnologia deve ser vista como uma aliada, capaz de ampliar as capacidades humanas e n\u00e3o apenas como uma substitui\u00e7\u00e3o da m\u00e3o de obra. A tecnologia, quando utilizada corretamente, pode liberar os advogados de tarefas repetitivas e permitir que se concentrem em trabalho mais estrat\u00e9gico e criativo, o que \u00e9 um ponto que sempre enfatizamos em nossa pr\u00e1tica.<\/p>\n\n<h3>An\u00e1lise do Artigo da Harvard Business Review<\/h3>\n<p>O artigo da Harvard Business Review aborda um ponto cr\u00edtico que \u00e9 a cultura de horas exaustivas nas firmas de advocacia e como isso est\u00e1 impulsionando a busca por alternativas mais equilibradas, muitas vezes atrav\u00e9s da tecnologia. Este cen\u00e1rio \u00e9 um reflexo do que discutimos sobre a necessidade de uma abordagem mais humana e sustent\u00e1vel na advocacia. A tecnologia surge como uma solu\u00e7\u00e3o para melhorar a qualidade de vida dos profissionais, permitindo uma maior flexibilidade e efici\u00eancia.<\/p>\n<p>A reflex\u00e3o trazida pelo artigo \u00e9 que a tecnologia n\u00e3o \u00e9 apenas uma ferramenta para melhorar a pr\u00e1tica jur\u00eddica em termos de resultados para os clientes, mas tamb\u00e9m para melhorar a vida dos pr\u00f3prios advogados. Isso est\u00e1 em harmonia com nossa vis\u00e3o de que a advocacia deve evoluir para acompanhar as mudan\u00e7as na sociedade e nas expectativas dos profissionais. A tecnologia, portanto, \u00e9 uma pe\u00e7a chave para alcan\u00e7ar esse equil\u00edbrio e garantir que a profiss\u00e3o continue a atrair e reter talentos.<\/p>\n\n<h3>An\u00e1lise do V\u00eddeo \"Webinar | Data-driven Digital Transformation in the Legal Sector\"<\/h3>\n<p>O webinar sobre transforma\u00e7\u00e3o digital orientada por dados no setor jur\u00eddico complementa nossa discuss\u00e3o sobre a import\u00e2ncia de uma base de dados s\u00f3lida e acess\u00edvel. A capacidade de analisar grandes volumes de dados e extrair insights valiosos \u00e9 uma vantagem competitiva que n\u00e3o pode ser ignorada. O v\u00eddeo refor\u00e7a o argumento de que a an\u00e1lise de dados n\u00e3o \u00e9 apenas uma tend\u00eancia, mas uma realidade que est\u00e1 remodelando a forma como as firmas de advocacia operam e tomam decis\u00f5es.<\/p>\n<p>A discuss\u00e3o no webinar tamb\u00e9m toca em um ponto crucial que \u00e9 a seguran\u00e7a dos dados. A prote\u00e7\u00e3o das informa\u00e7\u00f5es dos clientes \u00e9 uma preocupa\u00e7\u00e3o primordial e a tecnologia oferece solu\u00e7\u00f5es robustas para garantir essa seguran\u00e7a. Isso valida nossa abordagem de que a ado\u00e7\u00e3o de tecnologia no direito deve ser feita com uma considera\u00e7\u00e3o cuidadosa das implica\u00e7\u00f5es \u00e9ticas e de privacidade, algo que sempre priorizamos em nossa pr\u00e1tica.<\/p>\n\n<h3>An\u00e1lise do V\u00eddeo \"Digital Transformation in the Legal Sector\"<\/h3>\n<p>O painel de discuss\u00e3o sobre transforma\u00e7\u00e3o digital no v\u00eddeo da Datasur Suriname apresenta uma vis\u00e3o multifacetada sobre como a tecnologia est\u00e1 influenciando o setor jur\u00eddico. O v\u00eddeo destaca a import\u00e2ncia da inova\u00e7\u00e3o cont\u00ednua e da adapta\u00e7\u00e3o \u00e0s novas ferramentas digitais, o que est\u00e1 em linha com o que defendemos sobre a necessidade de estar sempre \u00e0 frente das tend\u00eancias tecnol\u00f3gicas no direito.<\/p>\n<p>Os especialistas no v\u00eddeo tamb\u00e9m discutem como a tecnologia pode democratizar o acesso \u00e0 justi\u00e7a, tornando os servi\u00e7os jur\u00eddicos mais acess\u00edveis e compreens\u00edveis para o p\u00fablico em geral. Isso refor\u00e7a nossa cren\u00e7a de que a tecnologia tem o potencial de transformar n\u00e3o apenas a pr\u00e1tica jur\u00eddica, mas tamb\u00e9m a experi\u00eancia do cliente, tornando-a mais inclusiva e eficiente.<\/p>\n\n<h3>An\u00e1lise do Artigo da Wikipedia sobre \"Ministry of Digital Transformation\"<\/h3>\n<p>O exemplo do \"Minist\u00e9rio da Transforma\u00e7\u00e3o Digital\" da Ucr\u00e2nia, como descrito no artigo da Wikipedia, ilustra como a digitaliza\u00e7\u00e3o pode ser implementada em uma escala governamental para melhorar a efici\u00eancia e a acessibilidade dos servi\u00e7os p\u00fablicos. Isso \u00e9 paralelo \u00e0 nossa discuss\u00e3o sobre como as firmas de advocacia podem utilizar a tecnologia para melhorar seus pr\u00f3prios servi\u00e7os. A iniciativa \"estado em um smartphone\" \u00e9 um exemplo not\u00e1vel de como a tecnologia pode simplificar e agilizar processos que tradicionalmente s\u00e3o burocr\u00e1ticos e demorados.<\/p>\n<p>A abordagem do governo ucraniano para a transforma\u00e7\u00e3o digital tamb\u00e9m destaca a import\u00e2ncia da inclus\u00e3o digital e da alfabetiza\u00e7\u00e3o tecnol\u00f3gica, temas que s\u00e3o diretamente aplic\u00e1veis ao setor jur\u00eddico. A necessidade de educar tanto os profissionais quanto os clientes sobre as ferramentas digitais \u00e9 algo que sempre enfatizamos, e o artigo da Wikipedia fornece um exemplo concreto de como isso pode ser feito em grande escala.<\/p>\n\n<h3>An\u00e1lise do Artigo da Wikipedia sobre \"Digital Rights Management\"<\/h3>\n<p>O artigo da Wikipedia sobre \"Gerenciamento de Direitos Digitais\" (DRM) aborda uma quest\u00e3o diretamente relacionada \u00e0 nossa pr\u00e1tica jur\u00eddica: a prote\u00e7\u00e3o de conte\u00fado digital. O DRM \u00e9 um exemplo de como a tecnologia pode ser usada para garantir que os direitos autorais e a propriedade intelectual sejam respeitados na era digital. Isso refor\u00e7a nosso ponto sobre a import\u00e2ncia de compreender as implica\u00e7\u00f5es legais das novas tecnologias e como elas afetam os direitos e responsabilidades dos indiv\u00edduos e empresas.<\/p>\n<p>A discuss\u00e3o sobre DRM tamb\u00e9m levanta quest\u00f5es sobre a \u00e9tica e a efic\u00e1cia das medidas de prote\u00e7\u00e3o de conte\u00fado, o que \u00e9 relevante para o nosso debate sobre a necessidade de equilibrar a inova\u00e7\u00e3o tecnol\u00f3gica com considera\u00e7\u00f5es \u00e9ticas. A tecnologia oferece solu\u00e7\u00f5es poderosas, mas tamb\u00e9m apresenta novos desafios legais que devem ser abordados com uma compreens\u00e3o profunda e atualizada da lei.<\/p>\n\n<h4>Refer\u00eancias:<\/h4>\n<ul>\n  <li><a href=\"https:\/\/www.forbes.com\/sites\/forbestechcouncil\/2021\/05\/27\/why-digital-transformation-is-essential-for-the-legal-sector\/?sh=4e7a5a3f1b70\" target=\"_blank\" style=\"color: blue;\">Forbes Tech Council. (2021). Why Digital Transformation Is Essential For The Legal Sector. Forbes.<\/a><\/li>\n  <li><a href=\"https:\/\/hbr.org\/2021\/02\/law-firms-grueling-hours-are-turning-defectors-into-competitors\" target=\"_blank\" style=\"color: blue;\">Gardner, H. K., & Matviak, I. A. (2021). Law Firms' Grueling Hours Are Turning Defectors into Competitors. Harvard Business Review.<\/a><\/li>\n  <li><a href=\"https:\/\/www.youtube.com\/watch?v=nHB__inDbbk\" target=\"_blank\" style=\"color: blue;\">Plain Concepts. (2020). Webinar | Data-driven Digital Transformation in the Legal Sector. YouTube.<\/a><\/li>\n  <li><a href=\"https:\/\/www.youtube.com\/watch?v=LyNgGzeHc8k\" target=\"_blank\" style=\"color: blue;\">Datasur Suriname. (2021). Digital Transformation in the Legal Sector. YouTube.<\/a><\/li>\n  <li><a href=\"https:\/\/en.wikipedia.org\/wiki\/Ministry_of_Digital_Transformation\" target=\"_blank\" style=\"color: blue;\">Wikipedia contributors. (2023). Ministry of Digital Transformation. Wikipedia, The Free Encyclopedia.<\/a><\/li>\n  <li><a href=\"https:\/\/en.wikipedia.org\/wiki\/Digital_rights_management\" target=\"_blank\" style=\"color: blue;\">Wikipedia contributors. (2023). Digital Rights Management. Wikipedia, The Free Encyclopedia.<\/a><\/li>\n<\/ul>\n\t\t\t\t<\/div>\n\t\t\t\t<\/div>\n\t\t\t\t\t<\/div>\n\t\t<\/div>\n\t\t\t\t\t<\/div>\n\t\t<\/section>\n\t\t\t\t<section class=\"elementor-section elementor-top-section elementor-element elementor-element-7352149 elementor-section-boxed elementor-section-height-default elementor-section-height-default\" data-id=\"7352149\" data-element_type=\"section\">\n\t\t\t\t\t\t<div class=\"elementor-container elementor-column-gap-no\">\n\t\t\t\t\t<div class=\"elementor-column elementor-col-100 elementor-top-column elementor-element elementor-element-16126227\" data-id=\"16126227\" data-element_type=\"column\">\n\t\t\t<div class=\"elementor-widget-wrap elementor-element-populated\">\n\t\t\t\t\t\t<div class=\"elementor-element elementor-element-7978af3e elementor-widget-tablet__width-initial elementor-widget elementor-widget-image\" data-id=\"7978af3e\" data-element_type=\"widget\" data-widget_type=\"image.default\">\n\t\t\t\t<div class=\"elementor-widget-container\">\n\t\t\t\t\t\t\t\t\t\t\t\t\t\t\t<img decoding=\"async\" width=\"800\" height=\"800\" src=\"https:\/\/aftadvocacia.adv.br\/wordpressfoto\/wp-content\/uploads\/2023\/11\/advogado-juridico-direito-bento-gonc\u0327alves-aft-advocacia-1024x1024.webp\" class=\"attachment-large size-large wp-image-1541\" alt=\"\" srcset=\"https:\/\/aftadvocacia.adv.br\/wordpressfoto\/wp-content\/uploads\/2023\/11\/advogado-juridico-direito-bento-gonc\u0327alves-aft-advocacia-1024x1024.webp 1024w, https:\/\/aftadvocacia.adv.br\/wordpressfoto\/wp-content\/uploads\/2023\/11\/advogado-juridico-direito-bento-gonc\u0327alves-aft-advocacia-300x300.webp 300w, https:\/\/aftadvocacia.adv.br\/wordpressfoto\/wp-content\/uploads\/2023\/11\/advogado-juridico-direito-bento-gonc\u0327alves-aft-advocacia-150x150.webp 150w, https:\/\/aftadvocacia.adv.br\/wordpressfoto\/wp-content\/uploads\/2023\/11\/advogado-juridico-direito-bento-gonc\u0327alves-aft-advocacia-768x768.webp 768w, https:\/\/aftadvocacia.adv.br\/wordpressfoto\/wp-content\/uploads\/2023\/11\/advogado-juridico-direito-bento-gonc\u0327alves-aft-advocacia-1536x1536.webp 1536w, https:\/\/aftadvocacia.adv.br\/wordpressfoto\/wp-content\/uploads\/2023\/11\/advogado-juridico-direito-bento-gonc\u0327alves-aft-advocacia-650x650.webp 650w, https:\/\/aftadvocacia.adv.br\/wordpressfoto\/wp-content\/uploads\/2023\/11\/advogado-juridico-direito-bento-gonc\u0327alves-aft-advocacia-1300x1300.webp 1300w, https:\/\/aftadvocacia.adv.br\/wordpressfoto\/wp-content\/uploads\/2023\/11\/advogado-juridico-direito-bento-gonc\u0327alves-aft-advocacia.webp 1920w\" sizes=\"(max-width: 800px) 100vw, 800px\" \/>\t\t\t\t\t\t\t\t\t\t\t\t\t\t\t<\/div>\n\t\t\t\t<\/div>\n\t\t\t\t<div class=\"elementor-element elementor-element-1d2d55ae elementor-widget elementor-widget-html\" data-id=\"1d2d55ae\" data-element_type=\"widget\" data-widget_type=\"html.default\">\n\t\t\t\t<div class=\"elementor-widget-container\">\n\t\t\t\t\t<blockquote style=\"border: 1px solid; font-size: larger; text-align: center; font-style: italic;\">\n    \"Saber um pouco de tudo \u00e9 muito importante para que voc\u00ea consiga se organizar melhor na sua vida.\"\n<\/blockquote>\n\t\t\t\t<\/div>\n\t\t\t\t<\/div>\n\t\t\t\t\t<\/div>\n\t\t<\/div>\n\t\t\t\t\t<\/div>\n\t\t<\/section>\n\t\t\t\t<section class=\"elementor-section elementor-top-section elementor-element elementor-element-37ccc7cb elementor-section-boxed elementor-section-height-default elementor-section-height-default\" data-id=\"37ccc7cb\" data-element_type=\"section\">\n\t\t\t\t\t\t<div class=\"elementor-container elementor-column-gap-no\">\n\t\t\t\t\t<div class=\"elementor-column elementor-col-100 elementor-top-column elementor-element elementor-element-456e6e45\" data-id=\"456e6e45\" data-element_type=\"column\">\n\t\t\t<div class=\"elementor-widget-wrap elementor-element-populated\">\n\t\t\t\t\t\t<div class=\"elementor-element elementor-element-67d5b632 elementor-widget-tablet__width-initial elementor-widget elementor-widget-html\" data-id=\"67d5b632\" data-element_type=\"widget\" data-widget_type=\"html.default\">\n\t\t\t\t<div class=\"elementor-widget-container\">\n\t\t\t\t\t<p>Ao refletirmos sobre a intersec\u00e7\u00e3o entre tecnologia e direito, fica evidente que estamos diante de uma nova era para a advocacia. A transforma\u00e7\u00e3o digital n\u00e3o \u00e9 uma mera tend\u00eancia, mas uma realidade que est\u00e1 redefinindo a maneira como os servi\u00e7os jur\u00eddicos s\u00e3o prestados e consumidos. Ao longo deste artigo, exploramos como a ado\u00e7\u00e3o de novas tecnologias est\u00e1 permitindo que advogados como eu, Rodrigo Terra de Souza, e minha equipe na AFT Advocacia, ofere\u00e7am solu\u00e7\u00f5es jur\u00eddicas mais \u00e1geis, precisas e alinhadas com as expectativas de nossos clientes empresariais.<\/p>\n<p>A an\u00e1lise de dados, a seguran\u00e7a da informa\u00e7\u00e3o e a efici\u00eancia operacional s\u00e3o apenas alguns dos aspectos que destacamos, mostrando que a tecnologia \u00e9 uma aliada poderosa na busca por excel\u00eancia no atendimento e na entrega de resultados. No entanto, \u00e9 crucial entender que a tecnologia por si s\u00f3 n\u00e3o \u00e9 a solu\u00e7\u00e3o completa. Ela deve ser acompanhada de uma mudan\u00e7a de mentalidade, onde a inova\u00e7\u00e3o cont\u00ednua e a adapta\u00e7\u00e3o \u00e0s novas ferramentas digitais andam de m\u00e3os dadas com uma pr\u00e1tica jur\u00eddica \u00e9tica e respons\u00e1vel.<\/p>\n<p>Por fim, acredito que a tecnologia tem o potencial de democratizar o acesso \u00e0 justi\u00e7a, tornando os servi\u00e7os jur\u00eddicos mais acess\u00edveis e compreens\u00edveis. Como s\u00f3cio da AFT Advocacia, vejo isso n\u00e3o apenas como uma oportunidade, mas como um compromisso com o futuro da nossa profiss\u00e3o. A tecnologia est\u00e1 aqui para nos desafiar, para nos impulsionar a sermos melhores e para nos ajudar a construir uma advocacia que seja verdadeiramente inclusiva, eficiente e adaptada \u00e0s necessidades do s\u00e9culo XXI. Que este artigo sirva como um ponto de partida para uma discuss\u00e3o mais ampla e um convite para que juntos possamos moldar o futuro da advocacia na era digital.<\/p>\n<p style=\"font-size: smaller; font-weight: bold;\">Esta postagem \u00e9 completamente original, criada a partir do nosso pr\u00f3prio v\u00eddeo, referenciada em informa\u00e7\u00f5es da internet e aprimorada com tecnologia de intelig\u00eancia artificial.<\/p>\n\t\t\t\t<\/div>\n\t\t\t\t<\/div>\n\t\t\t\t\t<\/div>\n\t\t<\/div>\n\t\t\t\t\t<\/div>\n\t\t<\/section>\n\t\t\t\t<section class=\"elementor-section elementor-top-section elementor-element elementor-element-1788f2c2 elementor-section-boxed elementor-section-height-default elementor-section-height-default\" data-id=\"1788f2c2\" data-element_type=\"section\">\n\t\t\t\t\t\t<div class=\"elementor-container elementor-column-gap-no\">\n\t\t\t\t\t<div class=\"elementor-column elementor-col-100 elementor-top-column elementor-element elementor-element-6a8acd27\" data-id=\"6a8acd27\" data-element_type=\"column\">\n\t\t\t<div class=\"elementor-widget-wrap elementor-element-populated\">\n\t\t\t\t\t\t<div class=\"elementor-element elementor-element-3e35d600 elementor-widget-tablet__width-initial elementor-widget elementor-widget-html\" data-id=\"3e35d600\" data-element_type=\"widget\" data-widget_type=\"html.default\">\n\t\t\t\t<div class=\"elementor-widget-container\">\n\t\t\t\t\t<div>\n  <h3>Perguntas Frequentes<\/h3>\n  <div>\n    <h4>Como a tecnologia est\u00e1 transformando a pr\u00e1tica jur\u00eddica atualmente?<\/h4>\n    <p>A tecnologia est\u00e1 revolucionando a pr\u00e1tica jur\u00eddica de v\u00e1rias maneiras. Est\u00e1 tornando os processos mais eficientes atrav\u00e9s da automa\u00e7\u00e3o, melhorando a comunica\u00e7\u00e3o com clientes por meio de plataformas digitais, e permitindo uma an\u00e1lise de dados mais profunda para uma tomada de decis\u00e3o mais informada. Na AFT Advocacia, por exemplo, integramos ferramentas tecnol\u00f3gicas que nos permitem otimizar nosso trabalho e oferecer solu\u00e7\u00f5es jur\u00eddicas inovadoras para as empresas.<\/p>\n  <\/div>\n  <div>\n    <h4>Qual \u00e9 a import\u00e2ncia da seguran\u00e7a da informa\u00e7\u00e3o no setor jur\u00eddico?<\/h4>\n    <p>A seguran\u00e7a da informa\u00e7\u00e3o \u00e9 fundamental no setor jur\u00eddico devido \u00e0 natureza sens\u00edvel dos dados que manuseamos. Proteger as informa\u00e7\u00f5es dos clientes n\u00e3o \u00e9 apenas uma quest\u00e3o de confian\u00e7a, mas tamb\u00e9m uma obriga\u00e7\u00e3o legal. Na AFT Advocacia, adotamos as melhores pr\u00e1ticas e tecnologias para garantir que os dados dos nossos clientes estejam seguros e protegidos contra qualquer tipo de amea\u00e7a digital.<\/p>\n  <\/div>\n  <div>\n    <h4>De que maneira a digitaliza\u00e7\u00e3o pode democratizar o acesso \u00e0 justi\u00e7a?<\/h4>\n    <p>A digitaliza\u00e7\u00e3o tem o potencial de tornar os servi\u00e7os jur\u00eddicos mais acess\u00edveis a um n\u00famero maior de pessoas. Isso pode ser alcan\u00e7ado por meio de plataformas online que oferecem consultoria jur\u00eddica, a disponibiliza\u00e7\u00e3o de documentos e a possibilidade de realizar procedimentos legais de forma remota. Na nossa pr\u00e1tica, esfor\u00e7amo-nos para utilizar a tecnologia como uma ponte que aproxima os clientes da justi\u00e7a, tornando os servi\u00e7os jur\u00eddicos mais compreens\u00edveis e acess\u00edveis.<\/p>\n  <\/div>\n  <div>\n    <h4>Como a AFT Advocacia se mant\u00e9m atualizada com as mudan\u00e7as tecnol\u00f3gicas no setor jur\u00eddico?<\/h4>\n    <p>Na AFT Advocacia, mantemo-nos atualizados com as mudan\u00e7as tecnol\u00f3gicas atrav\u00e9s de forma\u00e7\u00e3o cont\u00ednua e investimento em novas tecnologias. Estamos sempre em busca de inova\u00e7\u00f5es que possam melhorar a qualidade dos nossos servi\u00e7os e a experi\u00eancia dos nossos clientes. Al\u00e9m disso, participamos de eventos do setor, colaboramos com especialistas em tecnologia jur\u00eddica e mantemos uma atitude aberta \u00e0s novas possibilidades que a tecnologia nos oferece.<\/p>\n  <\/div>\n<\/div>\n\t\t\t\t<\/div>\n\t\t\t\t<\/div>\n\t\t\t\t\t<\/div>\n\t\t<\/div>\n\t\t\t\t\t<\/div>\n\t\t<\/section>\n\t\t\t\t<\/div>\n\t\t","protected":false},"excerpt":{"rendered":"<p>Este post oferece uma vis\u00e3o aprofundada sobre como a tecnologia est\u00e1 influenciando o direito e a advocacia. Rodrigo Terra de Souza, da AFT Advocacia, discute as mudan\u00e7as e desafios que a era digital traz para o campo jur\u00eddico, abordando temas como prote\u00e7\u00e3o de dados, compliance, e a aplica\u00e7\u00e3o de novas tecnologias como blockchain e intelig\u00eancia artificial no direito.<\/p>\n","protected":false},"author":3,"featured_media":1081,"comment_status":"open","ping_status":"open","sticky":false,"template":"elementor_theme","format":"standard","meta":{"footnotes":""},"categories":[2],"tags":[37,41,45,40,36,44,38,42,39,43],"class_list":["post-1073","post","type-post","status-publish","format-standard","has-post-thumbnail","hentry","category-juridico","tag-advocacia-digital","tag-compliance-digital","tag-direito-cibernetico","tag-direito-tecnologico","tag-inovacao-juridica","tag-inteligencia-artificial-no-direito","tag-lei-e-internet","tag-propriedade-intelectual","tag-protecao-de-dados","tag-tecnologia-blockchain"],"yoast_head":"<!-- This site is optimized with the Yoast SEO plugin v25.6 - https:\/\/yoast.com\/wordpress\/plugins\/seo\/ -->\n<title>Tecnologia e Lei: Perspectivas da advocacia na era digital<\/title>\n<meta name=\"description\" content=\"Explore como a tecnologia est\u00e1 remodelando o campo jur\u00eddico com insights de Rodrigo Terra de Souza, s\u00f3cio da AFT Advocacia, e entenda as implica\u00e7\u00f5es legais na era digital.\" \/>\n<meta name=\"robots\" content=\"index, follow, max-snippet:-1, max-image-preview:large, max-video-preview:-1\" \/>\n<link rel=\"canonical\" href=\"https:\/\/aftadvocacia.adv.br\/wordpressfoto\/tecnologia-lei-advocacia-digital\/\" \/>\n<meta property=\"og:locale\" content=\"pt_BR\" \/>\n<meta property=\"og:type\" content=\"article\" \/>\n<meta property=\"og:title\" content=\"Tecnologia e Lei: Perspectivas da advocacia na era digital\" \/>\n<meta property=\"og:description\" content=\"Explore como a tecnologia est\u00e1 remodelando o campo jur\u00eddico com insights de Rodrigo Terra de Souza, s\u00f3cio da AFT Advocacia, e entenda as implica\u00e7\u00f5es legais na era digital.\" \/>\n<meta property=\"og:url\" content=\"https:\/\/aftadvocacia.adv.br\/wordpressfoto\/tecnologia-lei-advocacia-digital\/\" \/>\n<meta property=\"og:site_name\" content=\"AFT Advocacia: Excel\u00eancia em Advocacia e Consultoria Jur\u00eddica\" \/>\n<meta property=\"article:published_time\" content=\"2023-11-07T22:48:28+00:00\" \/>\n<meta property=\"article:modified_time\" content=\"2024-02-14T14:38:51+00:00\" \/>\n<meta property=\"og:image\" content=\"https:\/\/aftadvocacia.adv.br\/wordpressfoto\/wp-content\/uploads\/2023\/11\/advogado-tecnologia-digital.webp\" \/>\n\t<meta property=\"og:image:width\" content=\"1200\" \/>\n\t<meta property=\"og:image:height\" content=\"685\" \/>\n\t<meta property=\"og:image:type\" content=\"image\/webp\" \/>\n<meta name=\"author\" content=\"Rodrigo Terra de Souza\" \/>\n<meta name=\"twitter:card\" content=\"summary_large_image\" \/>\n<meta name=\"twitter:label1\" content=\"Escrito por\" \/>\n\t<meta name=\"twitter:data1\" content=\"Rodrigo Terra de Souza\" \/>\n\t<meta name=\"twitter:label2\" content=\"Est. tempo de leitura\" \/>\n\t<meta name=\"twitter:data2\" content=\"14 minutos\" \/>\n<script type=\"application\/ld+json\" class=\"yoast-schema-graph\">{\"@context\":\"https:\/\/schema.org\",\"@graph\":[{\"@type\":\"Article\",\"@id\":\"https:\/\/aftadvocacia.adv.br\/wordpressfoto\/tecnologia-lei-advocacia-digital\/#article\",\"isPartOf\":{\"@id\":\"https:\/\/aftadvocacia.adv.br\/wordpressfoto\/tecnologia-lei-advocacia-digital\/\"},\"author\":{\"name\":\"Rodrigo Terra de Souza\",\"@id\":\"https:\/\/aftadvocacia.adv.br\/wordpressfoto\/#\/schema\/person\/bd48d9b8e7cc72b9dba0f443a269acf6\"},\"headline\":\"Tecnologia e Lei: A Vis\u00e3o de Um Advogado na Era Digital\",\"datePublished\":\"2023-11-07T22:48:28+00:00\",\"dateModified\":\"2024-02-14T14:38:51+00:00\",\"mainEntityOfPage\":{\"@id\":\"https:\/\/aftadvocacia.adv.br\/wordpressfoto\/tecnologia-lei-advocacia-digital\/\"},\"wordCount\":2715,\"commentCount\":0,\"publisher\":{\"@id\":\"https:\/\/aftadvocacia.adv.br\/wordpressfoto\/#organization\"},\"image\":{\"@id\":\"https:\/\/aftadvocacia.adv.br\/wordpressfoto\/tecnologia-lei-advocacia-digital\/#primaryimage\"},\"thumbnailUrl\":\"https:\/\/aftadvocacia.adv.br\/wordpressfoto\/wp-content\/uploads\/2023\/11\/advogado-tecnologia-digital.webp\",\"keywords\":[\"advocacia digital\",\"compliance digital\",\"direito cibern\u00e9tico\",\"direito tecnol\u00f3gico\",\"inova\u00e7\u00e3o jur\u00eddica\",\"intelig\u00eancia artificial no direito\",\"lei e internet\",\"propriedade intelectual\",\"prote\u00e7\u00e3o de dados\",\"tecnologia blockchain\"],\"articleSection\":[\"Jur\u00eddico\"],\"inLanguage\":\"pt-BR\",\"potentialAction\":[{\"@type\":\"CommentAction\",\"name\":\"Comment\",\"target\":[\"https:\/\/aftadvocacia.adv.br\/wordpressfoto\/tecnologia-lei-advocacia-digital\/#respond\"]}]},{\"@type\":\"WebPage\",\"@id\":\"https:\/\/aftadvocacia.adv.br\/wordpressfoto\/tecnologia-lei-advocacia-digital\/\",\"url\":\"https:\/\/aftadvocacia.adv.br\/wordpressfoto\/tecnologia-lei-advocacia-digital\/\",\"name\":\"Tecnologia e Lei: Perspectivas da advocacia na era digital\",\"isPartOf\":{\"@id\":\"https:\/\/aftadvocacia.adv.br\/wordpressfoto\/#website\"},\"primaryImageOfPage\":{\"@id\":\"https:\/\/aftadvocacia.adv.br\/wordpressfoto\/tecnologia-lei-advocacia-digital\/#primaryimage\"},\"image\":{\"@id\":\"https:\/\/aftadvocacia.adv.br\/wordpressfoto\/tecnologia-lei-advocacia-digital\/#primaryimage\"},\"thumbnailUrl\":\"https:\/\/aftadvocacia.adv.br\/wordpressfoto\/wp-content\/uploads\/2023\/11\/advogado-tecnologia-digital.webp\",\"datePublished\":\"2023-11-07T22:48:28+00:00\",\"dateModified\":\"2024-02-14T14:38:51+00:00\",\"description\":\"Explore como a tecnologia est\u00e1 remodelando o campo jur\u00eddico com insights de Rodrigo Terra de Souza, s\u00f3cio da AFT Advocacia, e entenda as implica\u00e7\u00f5es legais na era digital.\",\"breadcrumb\":{\"@id\":\"https:\/\/aftadvocacia.adv.br\/wordpressfoto\/tecnologia-lei-advocacia-digital\/#breadcrumb\"},\"inLanguage\":\"pt-BR\",\"potentialAction\":[{\"@type\":\"ReadAction\",\"target\":[\"https:\/\/aftadvocacia.adv.br\/wordpressfoto\/tecnologia-lei-advocacia-digital\/\"]}]},{\"@type\":\"ImageObject\",\"inLanguage\":\"pt-BR\",\"@id\":\"https:\/\/aftadvocacia.adv.br\/wordpressfoto\/tecnologia-lei-advocacia-digital\/#primaryimage\",\"url\":\"https:\/\/aftadvocacia.adv.br\/wordpressfoto\/wp-content\/uploads\/2023\/11\/advogado-tecnologia-digital.webp\",\"contentUrl\":\"https:\/\/aftadvocacia.adv.br\/wordpressfoto\/wp-content\/uploads\/2023\/11\/advogado-tecnologia-digital.webp\",\"width\":1200,\"height\":685},{\"@type\":\"BreadcrumbList\",\"@id\":\"https:\/\/aftadvocacia.adv.br\/wordpressfoto\/tecnologia-lei-advocacia-digital\/#breadcrumb\",\"itemListElement\":[{\"@type\":\"ListItem\",\"position\":1,\"name\":\"In\u00edcio\",\"item\":\"https:\/\/aftadvocacia.adv.br\/wordpressfoto\/\"},{\"@type\":\"ListItem\",\"position\":2,\"name\":\"Tecnologia e Lei: A Vis\u00e3o de Um Advogado na Era Digital\"}]},{\"@type\":\"WebSite\",\"@id\":\"https:\/\/aftadvocacia.adv.br\/wordpressfoto\/#website\",\"url\":\"https:\/\/aftadvocacia.adv.br\/wordpressfoto\/\",\"name\":\"AFT Advogados: Excel\u00eancia em Advocacia e Consultoria Jur\u00eddica\",\"description\":\"Com mais de 20 anos de experi\u00eancia, a AFTA Advocacia se destaca pela dedica\u00e7\u00e3o, responsabilidade e compromisso em oferecer solu\u00e7\u00f5es jur\u00eddicas personalizadas. Especializados em Direito Tribut\u00e1rio, Empresarial e diversas outras \u00e1reas, nossa miss\u00e3o \u00e9 satisfazer e superar as expectativas de nossos clientes, atuando com \u00e9tica e compet\u00eancia t\u00e9cnico-jur\u00eddica.\",\"publisher\":{\"@id\":\"https:\/\/aftadvocacia.adv.br\/wordpressfoto\/#organization\"},\"potentialAction\":[{\"@type\":\"SearchAction\",\"target\":{\"@type\":\"EntryPoint\",\"urlTemplate\":\"https:\/\/aftadvocacia.adv.br\/wordpressfoto\/?s={search_term_string}\"},\"query-input\":{\"@type\":\"PropertyValueSpecification\",\"valueRequired\":true,\"valueName\":\"search_term_string\"}}],\"inLanguage\":\"pt-BR\"},{\"@type\":\"Organization\",\"@id\":\"https:\/\/aftadvocacia.adv.br\/wordpressfoto\/#organization\",\"name\":\"AFT Advogados: Excel\u00eancia em Advocacia e Consultoria Jur\u00eddica\",\"url\":\"https:\/\/aftadvocacia.adv.br\/wordpressfoto\/\",\"logo\":{\"@type\":\"ImageObject\",\"inLanguage\":\"pt-BR\",\"@id\":\"https:\/\/aftadvocacia.adv.br\/wordpressfoto\/#\/schema\/logo\/image\/\",\"url\":\"https:\/\/aftadvocacia.adv.br\/wordpressfoto\/wp-content\/uploads\/2024\/01\/Logotipo-com-OAB-aft-advogados-bento-direito.png\",\"contentUrl\":\"https:\/\/aftadvocacia.adv.br\/wordpressfoto\/wp-content\/uploads\/2024\/01\/Logotipo-com-OAB-aft-advogados-bento-direito.png\",\"width\":350,\"height\":184,\"caption\":\"AFT Advogados: Excel\u00eancia em Advocacia e Consultoria Jur\u00eddica\"},\"image\":{\"@id\":\"https:\/\/aftadvocacia.adv.br\/wordpressfoto\/#\/schema\/logo\/image\/\"}},{\"@type\":\"Person\",\"@id\":\"https:\/\/aftadvocacia.adv.br\/wordpressfoto\/#\/schema\/person\/bd48d9b8e7cc72b9dba0f443a269acf6\",\"name\":\"Rodrigo Terra de Souza\",\"image\":{\"@type\":\"ImageObject\",\"inLanguage\":\"pt-BR\",\"@id\":\"https:\/\/aftadvocacia.adv.br\/wordpressfoto\/#\/schema\/person\/image\/\",\"url\":\"https:\/\/secure.gravatar.com\/avatar\/318ae92e70f6dd3715f992db4ba673d498b17671e599b5da50744173bba18e0e?s=96&d=mm&r=g\",\"contentUrl\":\"https:\/\/secure.gravatar.com\/avatar\/318ae92e70f6dd3715f992db4ba673d498b17671e599b5da50744173bba18e0e?s=96&d=mm&r=g\",\"caption\":\"Rodrigo Terra de Souza\"},\"description\":\"Doutor em Ci\u00eancias Jur\u00eddicas e Sociais, p\u00f3s-graduado em Direito Societ\u00e1rio e Gest\u00e3o Empreendedora, com certifica\u00e7\u00e3o em Gest\u00e3o de Riscos e Compliance. Bacharel em Direito e ex-professor de cursos tecnol\u00f3gicos e de gradua\u00e7\u00e3o\",\"url\":\"https:\/\/aftadvocacia.adv.br\/wordpressfoto\/author\/rodrigo\/\"}]}<\/script>\n<!-- \/ Yoast SEO plugin. -->","yoast_head_json":{"title":"Tecnologia e Lei: Perspectivas da advocacia na era digital","description":"Explore como a tecnologia est\u00e1 remodelando o campo jur\u00eddico com insights de Rodrigo Terra de Souza, s\u00f3cio da AFT Advocacia, e entenda as implica\u00e7\u00f5es legais na era digital.","robots":{"index":"index","follow":"follow","max-snippet":"max-snippet:-1","max-image-preview":"max-image-preview:large","max-video-preview":"max-video-preview:-1"},"canonical":"https:\/\/aftadvocacia.adv.br\/wordpressfoto\/tecnologia-lei-advocacia-digital\/","og_locale":"pt_BR","og_type":"article","og_title":"Tecnologia e Lei: Perspectivas da advocacia na era digital","og_description":"Explore como a tecnologia est\u00e1 remodelando o campo jur\u00eddico com insights de Rodrigo Terra de Souza, s\u00f3cio da AFT Advocacia, e entenda as implica\u00e7\u00f5es legais na era digital.","og_url":"https:\/\/aftadvocacia.adv.br\/wordpressfoto\/tecnologia-lei-advocacia-digital\/","og_site_name":"AFT Advocacia: Excel\u00eancia em Advocacia e Consultoria Jur\u00eddica","article_published_time":"2023-11-07T22:48:28+00:00","article_modified_time":"2024-02-14T14:38:51+00:00","og_image":[{"width":1200,"height":685,"url":"https:\/\/aftadvocacia.adv.br\/wordpressfoto\/wp-content\/uploads\/2023\/11\/advogado-tecnologia-digital.webp","type":"image\/webp"}],"author":"Rodrigo Terra de Souza","twitter_card":"summary_large_image","twitter_misc":{"Escrito por":"Rodrigo Terra de Souza","Est. tempo de leitura":"14 minutos"},"schema":{"@context":"https:\/\/schema.org","@graph":[{"@type":"Article","@id":"https:\/\/aftadvocacia.adv.br\/wordpressfoto\/tecnologia-lei-advocacia-digital\/#article","isPartOf":{"@id":"https:\/\/aftadvocacia.adv.br\/wordpressfoto\/tecnologia-lei-advocacia-digital\/"},"author":{"name":"Rodrigo Terra de Souza","@id":"https:\/\/aftadvocacia.adv.br\/wordpressfoto\/#\/schema\/person\/bd48d9b8e7cc72b9dba0f443a269acf6"},"headline":"Tecnologia e Lei: A Vis\u00e3o de Um Advogado na Era Digital","datePublished":"2023-11-07T22:48:28+00:00","dateModified":"2024-02-14T14:38:51+00:00","mainEntityOfPage":{"@id":"https:\/\/aftadvocacia.adv.br\/wordpressfoto\/tecnologia-lei-advocacia-digital\/"},"wordCount":2715,"commentCount":0,"publisher":{"@id":"https:\/\/aftadvocacia.adv.br\/wordpressfoto\/#organization"},"image":{"@id":"https:\/\/aftadvocacia.adv.br\/wordpressfoto\/tecnologia-lei-advocacia-digital\/#primaryimage"},"thumbnailUrl":"https:\/\/aftadvocacia.adv.br\/wordpressfoto\/wp-content\/uploads\/2023\/11\/advogado-tecnologia-digital.webp","keywords":["advocacia digital","compliance digital","direito cibern\u00e9tico","direito tecnol\u00f3gico","inova\u00e7\u00e3o jur\u00eddica","intelig\u00eancia artificial no direito","lei e internet","propriedade intelectual","prote\u00e7\u00e3o de dados","tecnologia blockchain"],"articleSection":["Jur\u00eddico"],"inLanguage":"pt-BR","potentialAction":[{"@type":"CommentAction","name":"Comment","target":["https:\/\/aftadvocacia.adv.br\/wordpressfoto\/tecnologia-lei-advocacia-digital\/#respond"]}]},{"@type":"WebPage","@id":"https:\/\/aftadvocacia.adv.br\/wordpressfoto\/tecnologia-lei-advocacia-digital\/","url":"https:\/\/aftadvocacia.adv.br\/wordpressfoto\/tecnologia-lei-advocacia-digital\/","name":"Tecnologia e Lei: Perspectivas da advocacia na era digital","isPartOf":{"@id":"https:\/\/aftadvocacia.adv.br\/wordpressfoto\/#website"},"primaryImageOfPage":{"@id":"https:\/\/aftadvocacia.adv.br\/wordpressfoto\/tecnologia-lei-advocacia-digital\/#primaryimage"},"image":{"@id":"https:\/\/aftadvocacia.adv.br\/wordpressfoto\/tecnologia-lei-advocacia-digital\/#primaryimage"},"thumbnailUrl":"https:\/\/aftadvocacia.adv.br\/wordpressfoto\/wp-content\/uploads\/2023\/11\/advogado-tecnologia-digital.webp","datePublished":"2023-11-07T22:48:28+00:00","dateModified":"2024-02-14T14:38:51+00:00","description":"Explore como a tecnologia est\u00e1 remodelando o campo jur\u00eddico com insights de Rodrigo Terra de Souza, s\u00f3cio da AFT Advocacia, e entenda as implica\u00e7\u00f5es legais na era digital.","breadcrumb":{"@id":"https:\/\/aftadvocacia.adv.br\/wordpressfoto\/tecnologia-lei-advocacia-digital\/#breadcrumb"},"inLanguage":"pt-BR","potentialAction":[{"@type":"ReadAction","target":["https:\/\/aftadvocacia.adv.br\/wordpressfoto\/tecnologia-lei-advocacia-digital\/"]}]},{"@type":"ImageObject","inLanguage":"pt-BR","@id":"https:\/\/aftadvocacia.adv.br\/wordpressfoto\/tecnologia-lei-advocacia-digital\/#primaryimage","url":"https:\/\/aftadvocacia.adv.br\/wordpressfoto\/wp-content\/uploads\/2023\/11\/advogado-tecnologia-digital.webp","contentUrl":"https:\/\/aftadvocacia.adv.br\/wordpressfoto\/wp-content\/uploads\/2023\/11\/advogado-tecnologia-digital.webp","width":1200,"height":685},{"@type":"BreadcrumbList","@id":"https:\/\/aftadvocacia.adv.br\/wordpressfoto\/tecnologia-lei-advocacia-digital\/#breadcrumb","itemListElement":[{"@type":"ListItem","position":1,"name":"In\u00edcio","item":"https:\/\/aftadvocacia.adv.br\/wordpressfoto\/"},{"@type":"ListItem","position":2,"name":"Tecnologia e Lei: A Vis\u00e3o de Um Advogado na Era Digital"}]},{"@type":"WebSite","@id":"https:\/\/aftadvocacia.adv.br\/wordpressfoto\/#website","url":"https:\/\/aftadvocacia.adv.br\/wordpressfoto\/","name":"AFT Advogados: Excel\u00eancia em Advocacia e Consultoria Jur\u00eddica","description":"Com mais de 20 anos de experi\u00eancia, a AFTA Advocacia se destaca pela dedica\u00e7\u00e3o, responsabilidade e compromisso em oferecer solu\u00e7\u00f5es jur\u00eddicas personalizadas. Especializados em Direito Tribut\u00e1rio, Empresarial e diversas outras \u00e1reas, nossa miss\u00e3o \u00e9 satisfazer e superar as expectativas de nossos clientes, atuando com \u00e9tica e compet\u00eancia t\u00e9cnico-jur\u00eddica.","publisher":{"@id":"https:\/\/aftadvocacia.adv.br\/wordpressfoto\/#organization"},"potentialAction":[{"@type":"SearchAction","target":{"@type":"EntryPoint","urlTemplate":"https:\/\/aftadvocacia.adv.br\/wordpressfoto\/?s={search_term_string}"},"query-input":{"@type":"PropertyValueSpecification","valueRequired":true,"valueName":"search_term_string"}}],"inLanguage":"pt-BR"},{"@type":"Organization","@id":"https:\/\/aftadvocacia.adv.br\/wordpressfoto\/#organization","name":"AFT Advogados: Excel\u00eancia em Advocacia e Consultoria Jur\u00eddica","url":"https:\/\/aftadvocacia.adv.br\/wordpressfoto\/","logo":{"@type":"ImageObject","inLanguage":"pt-BR","@id":"https:\/\/aftadvocacia.adv.br\/wordpressfoto\/#\/schema\/logo\/image\/","url":"https:\/\/aftadvocacia.adv.br\/wordpressfoto\/wp-content\/uploads\/2024\/01\/Logotipo-com-OAB-aft-advogados-bento-direito.png","contentUrl":"https:\/\/aftadvocacia.adv.br\/wordpressfoto\/wp-content\/uploads\/2024\/01\/Logotipo-com-OAB-aft-advogados-bento-direito.png","width":350,"height":184,"caption":"AFT Advogados: Excel\u00eancia em Advocacia e Consultoria Jur\u00eddica"},"image":{"@id":"https:\/\/aftadvocacia.adv.br\/wordpressfoto\/#\/schema\/logo\/image\/"}},{"@type":"Person","@id":"https:\/\/aftadvocacia.adv.br\/wordpressfoto\/#\/schema\/person\/bd48d9b8e7cc72b9dba0f443a269acf6","name":"Rodrigo Terra de Souza","image":{"@type":"ImageObject","inLanguage":"pt-BR","@id":"https:\/\/aftadvocacia.adv.br\/wordpressfoto\/#\/schema\/person\/image\/","url":"https:\/\/secure.gravatar.com\/avatar\/318ae92e70f6dd3715f992db4ba673d498b17671e599b5da50744173bba18e0e?s=96&d=mm&r=g","contentUrl":"https:\/\/secure.gravatar.com\/avatar\/318ae92e70f6dd3715f992db4ba673d498b17671e599b5da50744173bba18e0e?s=96&d=mm&r=g","caption":"Rodrigo Terra de Souza"},"description":"Doutor em Ci\u00eancias Jur\u00eddicas e Sociais, p\u00f3s-graduado em Direito Societ\u00e1rio e Gest\u00e3o Empreendedora, com certifica\u00e7\u00e3o em Gest\u00e3o de Riscos e Compliance. Bacharel em Direito e ex-professor de cursos tecnol\u00f3gicos e de gradua\u00e7\u00e3o","url":"https:\/\/aftadvocacia.adv.br\/wordpressfoto\/author\/rodrigo\/"}]}},"_links":{"self":[{"href":"https:\/\/aftadvocacia.adv.br\/wordpressfoto\/wp-json\/wp\/v2\/posts\/1073","targetHints":{"allow":["GET"]}}],"collection":[{"href":"https:\/\/aftadvocacia.adv.br\/wordpressfoto\/wp-json\/wp\/v2\/posts"}],"about":[{"href":"https:\/\/aftadvocacia.adv.br\/wordpressfoto\/wp-json\/wp\/v2\/types\/post"}],"author":[{"embeddable":true,"href":"https:\/\/aftadvocacia.adv.br\/wordpressfoto\/wp-json\/wp\/v2\/users\/3"}],"replies":[{"embeddable":true,"href":"https:\/\/aftadvocacia.adv.br\/wordpressfoto\/wp-json\/wp\/v2\/comments?post=1073"}],"version-history":[{"count":0,"href":"https:\/\/aftadvocacia.adv.br\/wordpressfoto\/wp-json\/wp\/v2\/posts\/1073\/revisions"}],"wp:featuredmedia":[{"embeddable":true,"href":"https:\/\/aftadvocacia.adv.br\/wordpressfoto\/wp-json\/wp\/v2\/media\/1081"}],"wp:attachment":[{"href":"https:\/\/aftadvocacia.adv.br\/wordpressfoto\/wp-json\/wp\/v2\/media?parent=1073"}],"wp:term":[{"taxonomy":"category","embeddable":true,"href":"https:\/\/aftadvocacia.adv.br\/wordpressfoto\/wp-json\/wp\/v2\/categories?post=1073"},{"taxonomy":"post_tag","embeddable":true,"href":"https:\/\/aftadvocacia.adv.br\/wordpressfoto\/wp-json\/wp\/v2\/tags?post=1073"}],"curies":[{"name":"wp","href":"https:\/\/api.w.org\/{rel}","templated":true}]}}